{"id":19451,"date":"2025-05-22T13:35:40","date_gmt":"2025-05-22T19:35:40","guid":{"rendered":"https:\/\/wp.uaslp.mx\/noticias\/?p=19451"},"modified":"2025-05-22T13:35:41","modified_gmt":"2025-05-22T19:35:41","slug":"uaslp-responde-a-la-demanda-global-con-nueva-carrera-en-ia-y-ciencia-de-datos-en-la-facultad-de-ciencias","status":"publish","type":"post","link":"https:\/\/wp.uaslp.mx\/noticias\/academica\/uaslp-responde-a-la-demanda-global-con-nueva-carrera-en-ia-y-ciencia-de-datos-en-la-facultad-de-ciencias\/","title":{"rendered":"UASLP responde a la demanda global con nueva carrera en IA y Ciencia de Datos en la Facultad de Ciencias"},"content":{"rendered":"\n<p>La Universidad Aut\u00f3noma de San Luis Potos\u00ed (UASLP) anunci\u00f3 la apertura de una nueva carrera universitaria: Ingenier\u00eda en Inteligencia Artificial y Ciencia de Datos, oferta acad\u00e9mica que ser\u00e1 impartida por la <a href=\"http:\/\/www.fc.uaslp.mx\/\" target=\"_blank\" rel=\"noreferrer noopener\">Facultad de Ciencias <\/a>a partir del mes de agosto de 2025, y ya se encuentra disponible el registro para los aspirantes interesados.<\/p>\n\n\n\n<p>El doctor Jos\u00e9 Salom\u00e9 Murgu\u00eda Ibarra, director de la Facultad de Ciencias, explic\u00f3 que esta carrera no es una idea improvisada, sino que es resultado de m\u00e1s de seis a\u00f1os de trabajo y planeaci\u00f3n. Se\u00f1al\u00f3 que la propuesta fue interrumpida por la pandemia, pero se retom\u00f3 gracias al impulso de iniciativas como Alianza 4.0, que evidenciaron la creciente necesidad de especialistas en estas \u00e1reas.<\/p>\n\n\n\n<p>Destac\u00f3 que, aunque el t\u00e9rmino \u201cinteligencia artificial\u201d (IA) puede parecer novedoso, en realidad tiene ya casi 70 a\u00f1os desde que fue acu\u00f1ado; lo que ha cambiado, dijo, es la capacidad tecnol\u00f3gica actual que permite poner en pr\u00e1ctica muchos de los principios y desarrollos que antes eran solo te\u00f3ricos. Hoy en d\u00eda, la IA y la ciencia de datos son fundamentales para analizar grandes vol\u00famenes de informaci\u00f3n y resolver problemas complejos en distintas industrias, se\u00f1al\u00f3.<\/p>\n\n\n\n<p>La carrera tendr\u00e1 una duraci\u00f3n de siete semestres e incluir\u00e1 40 materias distribuidas cuidadosamente para ofrecer una formaci\u00f3n s\u00f3lida y actualizada. El plan de estudios ha sido dise\u00f1ado con un enfoque interdisciplinario, integrando conocimientos de matem\u00e1ticas aplicadas, biolog\u00eda, f\u00edsica, nanotecnolog\u00eda, biom\u00e9dica, electr\u00f3nica y telecomunicaciones. Se contar\u00e1 con al menos 17 profesores de diferentes \u00e1reas, entre ellos el doctor Alfonso Alba, quien ser\u00e1 el coordinador del programa.<\/p>\n\n\n\n<p>El doctor Murgu\u00eda Ibarra resalt\u00f3 que el car\u00e1cter multidisciplinario del programa permite establecer v\u00ednculos con otras carreras de la UASLP, como Ciencias de la Comunicaci\u00f3n, lo cual enriquecer\u00e1 la formaci\u00f3n de los estudiantes. Adem\u00e1s, se\u00f1al\u00f3 que se planea hacer ajustes curriculares cada dos a\u00f1os para mantener el programa a la vanguardia de los avances tecnol\u00f3gicos y las necesidades del entorno profesional.<\/p>\n\n\n\n<p>Para esta primera generaci\u00f3n, se prev\u00e9 aceptar entre 20 y 30 estudiantes. El objetivo es garantizar una formaci\u00f3n de calidad y atender con responsabilidad la demanda social. Las clases se impartir\u00e1n en el campus Pedregal de la UASLP, en un horario que ir\u00e1 desde las 8 de la ma\u00f1ana hasta las 4 o 5 de la tarde durante los primeros semestres, y se extender\u00e1 ligeramente hacia la tarde-noche en los \u00faltimos semestres.<\/p>\n\n\n\n<p>El registro para aspirantes ya est\u00e1 abierto y permanecer\u00e1 disponible hasta el 31 de mayo en el sitio <a href=\"https:\/\/aspirantes.uaslp.mx\/\" target=\"_blank\" rel=\"noreferrer noopener\">aspirantes.uaslp.mx<\/a>. El doctor Murgu\u00eda invit\u00f3 a los j\u00f3venes interesados en esta innovadora carrera a no dejar pasar la oportunidad y comenzar su proceso de admisi\u00f3n lo antes posible.<\/p>\n\n\n\n<p class=\"has-text-align-right\"><em>Hugo Lauss\u00edn <\/em><\/p>\n","protected":false},"excerpt":{"rendered":"<p>La Universidad Aut\u00f3noma de San Luis Potos\u00ed (UASLP) anunci\u00f3 la apertura de una nueva carrera&#8230;<\/p>\n","protected":false},"author":12,"featured_media":19452,"comment_status":"closed","ping_status":"closed","sticky":false,"template":"","format":"standard","meta":{"pgc_sgb_lightbox_settings":"","footnotes":""},"categories":[2,782],"tags":[307,1309,2865],"class_list":["post-19451","post","type-post","status-publish","format-standard","has-post-thumbnail","hentry","category-academica","category-uaslp","tag-facultad-de-ciencias","tag-inteligencia-artificial","tag-nueva-carrera-uaslp"],"featured_image_urls":{"full":["https:\/\/wp.uaslp.mx\/noticias\/wp-content\/uploads\/sites\/5\/2025\/05\/Doctor-Jose-Salome-Murguia-scaled.jpeg",2560,1920,false],"thumbnail":["https:\/\/wp.uaslp.mx\/noticias\/wp-content\/uploads\/sites\/5\/2025\/05\/Doctor-Jose-Salome-Murguia-150x150.jpeg",150,150,true],"medium":["https:\/\/wp.uaslp.mx\/noticias\/wp-content\/uploads\/sites\/5\/2025\/05\/Doctor-Jose-Salome-Murguia-1024x768.jpeg",1024,768,true],"medium_large":["https:\/\/wp.uaslp.mx\/noticias\/wp-content\/uploads\/sites\/5\/2025\/05\/Doctor-Jose-Salome-Murguia-768x576.jpeg",640,480,true],"large":["https:\/\/wp.uaslp.mx\/noticias\/wp-content\/uploads\/sites\/5\/2025\/05\/Doctor-Jose-Salome-Murguia-scaled.jpeg",2560,1920,false],"1536x1536":["https:\/\/wp.uaslp.mx\/noticias\/wp-content\/uploads\/sites\/5\/2025\/05\/Doctor-Jose-Salome-Murguia-1536x1152.jpeg",1536,1152,true],"2048x2048":["https:\/\/wp.uaslp.mx\/noticias\/wp-content\/uploads\/sites\/5\/2025\/05\/Doctor-Jose-Salome-Murguia-2048x1536.jpeg",2048,1536,true],"newsever-slider-full":["https:\/\/wp.uaslp.mx\/noticias\/wp-content\/uploads\/sites\/5\/2025\/05\/Doctor-Jose-Salome-Murguia-1280x845.jpeg",1280,845,true],"newsever-featured":["https:\/\/wp.uaslp.mx\/noticias\/wp-content\/uploads\/sites\/5\/2025\/05\/Doctor-Jose-Salome-Murguia-1024x768.jpeg",1024,768,true],"newsever-medium":["https:\/\/wp.uaslp.mx\/noticias\/wp-content\/uploads\/sites\/5\/2025\/05\/Doctor-Jose-Salome-Murguia-720x475.jpeg",720,475,true],"mailpoet_newsletter_max":["https:\/\/wp.uaslp.mx\/noticias\/wp-content\/uploads\/sites\/5\/2025\/05\/Doctor-Jose-Salome-Murguia-1320x990.jpeg",1320,990,true]},"author_info":{"display_name":"Prensa y difusi\u00f3n","author_link":"https:\/\/wp.uaslp.mx\/noticias\/author\/giovannamorales\/"},"category_info":"<a href=\"https:\/\/wp.uaslp.mx\/noticias\/category\/academica\/\" rel=\"category tag\">Acad\u00e9mica<\/a> <a href=\"https:\/\/wp.uaslp.mx\/noticias\/category\/uaslp\/\" rel=\"category tag\">UASLP<\/a>","tag_info":"UASLP","comment_count":"0","_links":{"self":[{"href":"https:\/\/wp.uaslp.mx\/noticias\/wp-json\/wp\/v2\/posts\/19451","targetHints":{"allow":["GET"]}}],"collection":[{"href":"https:\/\/wp.uaslp.mx\/noticias\/wp-json\/wp\/v2\/posts"}],"about":[{"href":"https:\/\/wp.uaslp.mx\/noticias\/wp-json\/wp\/v2\/types\/post"}],"author":[{"embeddable":true,"href":"https:\/\/wp.uaslp.mx\/noticias\/wp-json\/wp\/v2\/users\/12"}],"replies":[{"embeddable":true,"href":"https:\/\/wp.uaslp.mx\/noticias\/wp-json\/wp\/v2\/comments?post=19451"}],"version-history":[{"count":1,"href":"https:\/\/wp.uaslp.mx\/noticias\/wp-json\/wp\/v2\/posts\/19451\/revisions"}],"predecessor-version":[{"id":19453,"href":"https:\/\/wp.uaslp.mx\/noticias\/wp-json\/wp\/v2\/posts\/19451\/revisions\/19453"}],"wp:featuredmedia":[{"embeddable":true,"href":"https:\/\/wp.uaslp.mx\/noticias\/wp-json\/wp\/v2\/media\/19452"}],"wp:attachment":[{"href":"https:\/\/wp.uaslp.mx\/noticias\/wp-json\/wp\/v2\/media?parent=19451"}],"wp:term":[{"taxonomy":"category","embeddable":true,"href":"https:\/\/wp.uaslp.mx\/noticias\/wp-json\/wp\/v2\/categories?post=19451"},{"taxonomy":"post_tag","embeddable":true,"href":"https:\/\/wp.uaslp.mx\/noticias\/wp-json\/wp\/v2\/tags?post=19451"}],"curies":[{"name":"wp","href":"https:\/\/api.w.org\/{rel}","templated":true}]}}