{"id":19441,"date":"2025-05-21T15:00:48","date_gmt":"2025-05-21T21:00:48","guid":{"rendered":"https:\/\/wp.uaslp.mx\/noticias\/?p=19441"},"modified":"2025-05-21T15:00:50","modified_gmt":"2025-05-21T21:00:50","slug":"relaciones-publicas-clave-en-la-formacion-del-comunicologo-afirma-experto-de-alarp-durante-charla-en-la-fcc","status":"publish","type":"post","link":"https:\/\/wp.uaslp.mx\/noticias\/academica\/relaciones-publicas-clave-en-la-formacion-del-comunicologo-afirma-experto-de-alarp-durante-charla-en-la-fcc\/","title":{"rendered":"Relaciones p\u00fablicas, clave en la formaci\u00f3n del comunic\u00f3logo, afirma experto de ALARP durante charla en la FCC"},"content":{"rendered":"\n<p>En el marco del 40 aniversario de la <a href=\"https:\/\/www.fcc.uaslp.mx\/\" target=\"_blank\" rel=\"noreferrer noopener\">Facultad de Ciencias de la Comunicaci\u00f3n<\/a> (FCC) de la Universidad Aut\u00f3noma de San Luis Potos\u00ed (UASLP), el maestro Felipe Reyes Barrag\u00e1n, presidente del cap\u00edtulo M\u00e9xico de la Asociaci\u00f3n Latinoamericana de Relaciones P\u00fablicas (ALARP) ofreci\u00f3 una charla en la Sala Is\u00f3ptica del plantel, en la que resalt\u00f3 que las relaciones p\u00fablicas son una herramienta fundamental en la formaci\u00f3n y ejercicio profesional del comunic\u00f3logo.<\/p>\n\n\n\n<p>El tambi\u00e9n maestro en Comunicaci\u00f3n Social y Pol\u00edtica expres\u00f3 su satisfacci\u00f3n por compartir este espacio con la comunidad de la FCC-UASLP, especialmente con el estudiantado, para destacar el valor estrat\u00e9gico de las relaciones p\u00fablicas dentro del campo de la comunicaci\u00f3n, al estar estrechamente vinculadas con el uso de herramientas, contenidos y v\u00ednculos profesionales.<\/p>\n\n\n\n<p>Respecto a la charla \u201cLas relaciones p\u00fablicas para el comunic\u00f3logo\u201d, explic\u00f3 que \u201cest\u00e1 relacionada con el alcance e impacto de las relaciones p\u00fablicas cuando los estudiantes las entienden desde la formaci\u00f3n profesional, ya que el campo laboral se construye desde la carrera. Adem\u00e1s, se abord\u00f3 c\u00f3mo el comunic\u00f3logo profesional puede desarrollarse en m\u00faltiples \u00e1mbitos: empresas transnacionales, gobierno, academia; en todos se requieren las relaciones p\u00fablicas\u201d, se\u00f1al\u00f3.<\/p>\n\n\n\n<p>Sobre los desaf\u00edos actuales en este campo, el especialista en protocolo y ceremonial subray\u00f3 que la finalidad principal es generar conexiones genuinas, sustentadas en dos pilares fundamentales: la transparencia y la \u00e9tica. Agreg\u00f3 que, aunque hoy se cuenta con herramientas tecnol\u00f3gicas como la inteligencia artificial para optimizar procesos, \u201cla verdadera fortaleza de las relaciones p\u00fablicas radica en la empat\u00eda, en ser genuinos, y en entender que detr\u00e1s de cada empresa, instituci\u00f3n o mensaje, hay personas\u201d, coment\u00f3.<\/p>\n\n\n\n<p>El Mtro. Reyes Barrag\u00e1n destac\u00f3 que, en un entorno altamente conectado, la construcci\u00f3n de capital social y la inmediatez de la informaci\u00f3n obligan a desarrollar campa\u00f1as efectivas que trasciendan, sin perder de vista el factor humano. \u201cEn ocasiones, por querer ganar tiempo, comunicamos mensajes cuya percepci\u00f3n externa es distinta. Por eso, es fundamental comprender el valor de construir buenas relaciones p\u00fablicas\u201d, enfatiz\u00f3.<\/p>\n\n\n\n<p>Finalmente, invit\u00f3 a los estudiantes a interesarse activamente por esta disciplina. \u201cSi bien es cierto que pueden cursarla como una materia, las relaciones p\u00fablicas son un campo profesional amplio y con grandes oportunidades laborales. Si ya tienen claro el tipo de trabajo al que aspiran, deben entender que alcanzarlo depender\u00e1 tambi\u00e9n de sus contactos, habilidades de negociaci\u00f3n, presencia y marca personal. Todo lo que hacemos influye en lo que somos\u201d, concluy\u00f3.<\/p>\n\n\n\n<figure class=\"wp-block-gallery has-nested-images columns-default is-cropped wp-block-gallery-1 is-layout-flex wp-block-gallery-is-layout-flex\">\n<figure class=\"wp-block-image size-large\"><img loading=\"lazy\" decoding=\"async\" width=\"960\" height=\"1280\" data-id=\"19444\" src=\"https:\/\/wp.uaslp.mx\/noticias\/wp-content\/uploads\/sites\/5\/2025\/05\/WhatsApp-Image-2025-05-21-at-13.45.19-1.jpeg\" alt=\"\" class=\"wp-image-19444\" srcset=\"https:\/\/wp.uaslp.mx\/noticias\/wp-content\/uploads\/sites\/5\/2025\/05\/WhatsApp-Image-2025-05-21-at-13.45.19-1.jpeg 960w, https:\/\/wp.uaslp.mx\/noticias\/wp-content\/uploads\/sites\/5\/2025\/05\/WhatsApp-Image-2025-05-21-at-13.45.19-1-768x1024.jpeg 768w\" sizes=\"auto, (max-width: 960px) 100vw, 960px\" \/><\/figure>\n\n\n\n<figure class=\"wp-block-image size-large\"><img loading=\"lazy\" decoding=\"async\" width=\"1280\" height=\"452\" data-id=\"19443\" src=\"https:\/\/wp.uaslp.mx\/noticias\/wp-content\/uploads\/sites\/5\/2025\/05\/WhatsApp-Image-2025-05-21-at-13.45.19.jpeg\" alt=\"\" class=\"wp-image-19443\" srcset=\"https:\/\/wp.uaslp.mx\/noticias\/wp-content\/uploads\/sites\/5\/2025\/05\/WhatsApp-Image-2025-05-21-at-13.45.19.jpeg 1280w, https:\/\/wp.uaslp.mx\/noticias\/wp-content\/uploads\/sites\/5\/2025\/05\/WhatsApp-Image-2025-05-21-at-13.45.19-1024x362.jpeg 1024w, https:\/\/wp.uaslp.mx\/noticias\/wp-content\/uploads\/sites\/5\/2025\/05\/WhatsApp-Image-2025-05-21-at-13.45.19-768x271.jpeg 768w\" sizes=\"auto, (max-width: 1280px) 100vw, 1280px\" \/><\/figure>\n<\/figure>\n\n\n\n<p class=\"has-text-align-right\"><em>Noelia Mart\u00ednez <\/em><\/p>\n\n\n\n<p><\/p>\n","protected":false},"excerpt":{"rendered":"<p>En el marco del 40 aniversario de la Facultad de Ciencias de la Comunicaci\u00f3n (FCC)&#8230;<\/p>\n","protected":false},"author":12,"featured_media":19442,"comment_status":"closed","ping_status":"closed","sticky":false,"template":"","format":"standard","meta":{"pgc_sgb_lightbox_settings":"","footnotes":""},"categories":[2,782],"tags":[2678,179,1573],"class_list":["post-19441","post","type-post","status-publish","format-standard","has-post-thumbnail","hentry","category-academica","category-uaslp","tag-40anosfcc","tag-conferencia","tag-relaciones-publicas"],"featured_image_urls":{"full":["https:\/\/wp.uaslp.mx\/noticias\/wp-content\/uploads\/sites\/5\/2025\/05\/WhatsApp-Image-2025-05-21-at-13.45.18.jpeg",1280,960,false],"thumbnail":["https:\/\/wp.uaslp.mx\/noticias\/wp-content\/uploads\/sites\/5\/2025\/05\/WhatsApp-Image-2025-05-21-at-13.45.18-150x150.jpeg",150,150,true],"medium":["https:\/\/wp.uaslp.mx\/noticias\/wp-content\/uploads\/sites\/5\/2025\/05\/WhatsApp-Image-2025-05-21-at-13.45.18-1024x768.jpeg",1024,768,true],"medium_large":["https:\/\/wp.uaslp.mx\/noticias\/wp-content\/uploads\/sites\/5\/2025\/05\/WhatsApp-Image-2025-05-21-at-13.45.18-768x576.jpeg",640,480,true],"large":["https:\/\/wp.uaslp.mx\/noticias\/wp-content\/uploads\/sites\/5\/2025\/05\/WhatsApp-Image-2025-05-21-at-13.45.18.jpeg",1280,960,false],"1536x1536":["https:\/\/wp.uaslp.mx\/noticias\/wp-content\/uploads\/sites\/5\/2025\/05\/WhatsApp-Image-2025-05-21-at-13.45.18.jpeg",1280,960,false],"2048x2048":["https:\/\/wp.uaslp.mx\/noticias\/wp-content\/uploads\/sites\/5\/2025\/05\/WhatsApp-Image-2025-05-21-at-13.45.18.jpeg",1280,960,false],"newsever-slider-full":["https:\/\/wp.uaslp.mx\/noticias\/wp-content\/uploads\/sites\/5\/2025\/05\/WhatsApp-Image-2025-05-21-at-13.45.18-1280x845.jpeg",1280,845,true],"newsever-featured":["https:\/\/wp.uaslp.mx\/noticias\/wp-content\/uploads\/sites\/5\/2025\/05\/WhatsApp-Image-2025-05-21-at-13.45.18-1024x768.jpeg",1024,768,true],"newsever-medium":["https:\/\/wp.uaslp.mx\/noticias\/wp-content\/uploads\/sites\/5\/2025\/05\/WhatsApp-Image-2025-05-21-at-13.45.18-720x475.jpeg",720,475,true],"mailpoet_newsletter_max":["https:\/\/wp.uaslp.mx\/noticias\/wp-content\/uploads\/sites\/5\/2025\/05\/WhatsApp-Image-2025-05-21-at-13.45.18.jpeg",1280,960,false]},"author_info":{"display_name":"Prensa y difusi\u00f3n","author_link":"https:\/\/wp.uaslp.mx\/noticias\/author\/giovannamorales\/"},"category_info":"<a href=\"https:\/\/wp.uaslp.mx\/noticias\/category\/academica\/\" rel=\"category tag\">Acad\u00e9mica<\/a> <a href=\"https:\/\/wp.uaslp.mx\/noticias\/category\/uaslp\/\" rel=\"category tag\">UASLP<\/a>","tag_info":"UASLP","comment_count":"0","_links":{"self":[{"href":"https:\/\/wp.uaslp.mx\/noticias\/wp-json\/wp\/v2\/posts\/19441","targetHints":{"allow":["GET"]}}],"collection":[{"href":"https:\/\/wp.uaslp.mx\/noticias\/wp-json\/wp\/v2\/posts"}],"about":[{"href":"https:\/\/wp.uaslp.mx\/noticias\/wp-json\/wp\/v2\/types\/post"}],"author":[{"embeddable":true,"href":"https:\/\/wp.uaslp.mx\/noticias\/wp-json\/wp\/v2\/users\/12"}],"replies":[{"embeddable":true,"href":"https:\/\/wp.uaslp.mx\/noticias\/wp-json\/wp\/v2\/comments?post=19441"}],"version-history":[{"count":1,"href":"https:\/\/wp.uaslp.mx\/noticias\/wp-json\/wp\/v2\/posts\/19441\/revisions"}],"predecessor-version":[{"id":19445,"href":"https:\/\/wp.uaslp.mx\/noticias\/wp-json\/wp\/v2\/posts\/19441\/revisions\/19445"}],"wp:featuredmedia":[{"embeddable":true,"href":"https:\/\/wp.uaslp.mx\/noticias\/wp-json\/wp\/v2\/media\/19442"}],"wp:attachment":[{"href":"https:\/\/wp.uaslp.mx\/noticias\/wp-json\/wp\/v2\/media?parent=19441"}],"wp:term":[{"taxonomy":"category","embeddable":true,"href":"https:\/\/wp.uaslp.mx\/noticias\/wp-json\/wp\/v2\/categories?post=19441"},{"taxonomy":"post_tag","embeddable":true,"href":"https:\/\/wp.uaslp.mx\/noticias\/wp-json\/wp\/v2\/tags?post=19441"}],"curies":[{"name":"wp","href":"https:\/\/api.w.org\/{rel}","templated":true}]}}