{"id":19106,"date":"2025-04-27T10:04:00","date_gmt":"2025-04-27T16:04:00","guid":{"rendered":"https:\/\/wp.uaslp.mx\/noticias\/?p=19106"},"modified":"2025-04-25T12:19:50","modified_gmt":"2025-04-25T18:19:50","slug":"con-curso-taller-la-facultad-de-derecho-de-la-uaslp-busca-fortalecer-la-respuesta-policial-ante-crimenes-ambientales","status":"publish","type":"post","link":"https:\/\/wp.uaslp.mx\/noticias\/uaslp\/con-curso-taller-la-facultad-de-derecho-de-la-uaslp-busca-fortalecer-la-respuesta-policial-ante-crimenes-ambientales\/","title":{"rendered":"Con curso-taller, la Facultad de Derecho de la UASLP busca fortalecer la respuesta policial ante cr\u00edmenes ambientales\u00a0"},"content":{"rendered":"\n<p>El doctor Jos\u00e9 Luis Carpio Dom\u00ednguez, profesor investigador de la Licenciatura en Criminolog\u00eda de la <a href=\"https:\/\/www.derecho.uaslp.mx\/#gsc.tab=0\">Facultad de Derecho \u201cAbogado Ponciano Arriaga Leija\u201d <\/a>de la Universidad Aut\u00f3noma de San Luis Potos\u00ed (UASLP), anunci\u00f3 la realizaci\u00f3n del curso-taller, \u201cLa polic\u00eda como primer respondiente en delitos ambientales\u201d, dirigido especialmente a cuerpos policiales de San Luis Potos\u00ed.\u00a0<\/p>\n\n\n\n<p>Consciente de la importancia de fortalecer la formaci\u00f3n de los cuerpos de seguridad en temas de protecci\u00f3n al medio ambiente, el doctor Carpio Dom\u00ednguez detall\u00f3 que este curso responde a una necesidad poco atendida tanto en el \u00e1mbito de la seguridad p\u00fablica como en el ambiental.&nbsp;&nbsp;<\/p>\n\n\n\n<p>Enfatiz\u00f3 que, si bien instituciones como la Procuradur\u00eda Federal de Protecci\u00f3n al Ambiente (Profepa) son responsables de velar por la legalidad ambiental, quienes realmente est\u00e1n en contacto directo con la ciudadan\u00eda y en las calles son los elementos de la polic\u00eda, convirti\u00e9ndose en los primeros respondientes ante posibles delitos ecol\u00f3gicos.&nbsp;<\/p>\n\n\n\n<p>El taller est\u00e1 programado para llevarse a cabo los d\u00edas 6, 7 y 8 de mayo en modalidad presencial, con sesiones din\u00e1micas y pr\u00e1cticas que permiten un aprendizaje aplicado. Est\u00e1 dirigido especialmente a polic\u00edas municipales y estatales, as\u00ed como a elementos de la Guardia Civil. Se espera la participaci\u00f3n de elementos de diferentes municipios, especialmente aquellos con zonas naturales protegidas como Villa de Reyes, Cerro de San Pedro y Mexquitic.&nbsp;<\/p>\n\n\n\n<p>Entre los temas que se abordar\u00e1n est\u00e1n la clasificaci\u00f3n de los delitos ambientales, desde faltas administrativas como tirar basura en la calle, hasta cr\u00edmenes federales como la tala ilegal o la caza clandestina. El curso no se plantea como un espacio de ense\u00f1anza unidireccional, sino como un esfuerzo colaborativo que incluye la participaci\u00f3n de la Fiscal\u00eda General de la Rep\u00fablica, cuerpos especializados en delitos ambientales, la Procuradur\u00eda Federal de Protecci\u00f3n al Ambiente (Profepa) y la comunidad acad\u00e9mica.&nbsp;<\/p>\n\n\n\n<p>Actualmente el registro est\u00e1 abierto&nbsp; trav\u00e9s hasta el 1 de mayo de 2025, a trav\u00e9s de la p\u00e1gina oficial de la Facultad de Derecho de la Universidad Aut\u00f3noma de San Luis Potos\u00ed y sus redes sociales. El curso tiene un costo de recuperaci\u00f3n de 500 pesos para el p\u00fablico general y 400 pesos para integrantes de la comunidad universitaria o elementos de los cuerpos policiales.&nbsp;<\/p>\n\n\n\n<p>Carpio Dom\u00ednguez destac\u00f3 que los delitos ambientales, a diferencia de otros tipos de cr\u00edmenes, no siempre generan un impacto inmediato visible, lo que dificulta su atenci\u00f3n y visibilidad tanto institucional como social. Sin embargo, sus consecuencias, como la escasez de agua, la p\u00e9rdida de biodiversidad o la degradaci\u00f3n de los ecosistemas, son devastadoras a largo plazo.&nbsp;<\/p>\n\n\n\n<p>Reconoci\u00f3 que, si bien en las \u00faltimas d\u00e9cadas ha habido un incremento en la conciencia social sobre estos temas, a\u00fan queda camino por recorrer para que las instituciones respondan de manera efectiva. La participaci\u00f3n ciudadana ha sido clave en la denuncia de casos de maltrato animal o actividades il\u00edcitas en espacios naturales, pero es necesario fortalecer los v\u00ednculos entre la sociedad, el conocimiento acad\u00e9mico y las pol\u00edticas p\u00fablicas.&nbsp;<\/p>\n\n\n\n<p>Finalmente, el investigador hizo hincapi\u00e9 en la preocupante situaci\u00f3n que enfrenta M\u00e9xico en cuanto a las agresiones contra los defensores del medio ambiente. Durante varios a\u00f1os consecutivos, el pa\u00eds se ha ubicado entre los m\u00e1s peligrosos del mundo para quienes luchan por la conservaci\u00f3n ecol\u00f3gica, enfrentando amenazas que van desde intimidaciones hasta asesinatos.&nbsp;&nbsp;<\/p>\n\n\n\n<p>Record\u00f3 casos emblem\u00e1ticos como el de Homero G\u00f3mez, defensor de la mariposa Monarca, y Eugie Roy, estudiante universitario que perdi\u00f3 la vida por su activismo en la defensa del agua y el territorio, como ejemplos de la urgente necesidad de crear redes de protecci\u00f3n para quienes asumen este trabajo.&nbsp;<\/p>\n\n\n\n<p>Este curso-taller, se\u00f1al\u00f3, busca ser un primer paso para formar una gobernanza ambiental efectiva, donde la universidad, las instituciones gubernamentales y la sociedad civil trabajen de forma articulada en la protecci\u00f3n de los recursos naturales y los derechos colectivos.&nbsp;<\/p>\n\n\n\n<p>Los interesados en asistir pueden solicitar informes con el Dr. Jos\u00e9 Luis Carpio Dom\u00ednguez, en el correo jose.carpio@uaslp.mx.&nbsp;<\/p>\n","protected":false},"excerpt":{"rendered":"<p>El doctor Jos\u00e9 Luis Carpio Dom\u00ednguez, profesor investigador de la Licenciatura en Criminolog\u00eda de la&#8230;<\/p>\n","protected":false},"author":12,"featured_media":19107,"comment_status":"closed","ping_status":"closed","sticky":false,"template":"","format":"standard","meta":{"pgc_sgb_lightbox_settings":"","footnotes":""},"categories":[782],"tags":[],"class_list":["post-19106","post","type-post","status-publish","format-standard","has-post-thumbnail","hentry","category-uaslp"],"featured_image_urls":{"full":["https:\/\/wp.uaslp.mx\/noticias\/wp-content\/uploads\/sites\/5\/2025\/04\/Diseno-sin-titulo-5.png",1800,1200,false],"thumbnail":["https:\/\/wp.uaslp.mx\/noticias\/wp-content\/uploads\/sites\/5\/2025\/04\/Diseno-sin-titulo-5-150x150.png",150,150,true],"medium":["https:\/\/wp.uaslp.mx\/noticias\/wp-content\/uploads\/sites\/5\/2025\/04\/Diseno-sin-titulo-5-1024x683.png",1024,683,true],"medium_large":["https:\/\/wp.uaslp.mx\/noticias\/wp-content\/uploads\/sites\/5\/2025\/04\/Diseno-sin-titulo-5-768x512.png",640,427,true],"large":["https:\/\/wp.uaslp.mx\/noticias\/wp-content\/uploads\/sites\/5\/2025\/04\/Diseno-sin-titulo-5.png",1800,1200,false],"1536x1536":["https:\/\/wp.uaslp.mx\/noticias\/wp-content\/uploads\/sites\/5\/2025\/04\/Diseno-sin-titulo-5-1536x1024.png",1536,1024,true],"2048x2048":["https:\/\/wp.uaslp.mx\/noticias\/wp-content\/uploads\/sites\/5\/2025\/04\/Diseno-sin-titulo-5.png",1800,1200,false],"newsever-slider-full":["https:\/\/wp.uaslp.mx\/noticias\/wp-content\/uploads\/sites\/5\/2025\/04\/Diseno-sin-titulo-5-1280x845.png",1280,845,true],"newsever-featured":["https:\/\/wp.uaslp.mx\/noticias\/wp-content\/uploads\/sites\/5\/2025\/04\/Diseno-sin-titulo-5-1024x683.png",1024,683,true],"newsever-medium":["https:\/\/wp.uaslp.mx\/noticias\/wp-content\/uploads\/sites\/5\/2025\/04\/Diseno-sin-titulo-5-720x475.png",720,475,true],"mailpoet_newsletter_max":["https:\/\/wp.uaslp.mx\/noticias\/wp-content\/uploads\/sites\/5\/2025\/04\/Diseno-sin-titulo-5-1320x880.png",1320,880,true]},"author_info":{"display_name":"Prensa y difusi\u00f3n","author_link":"https:\/\/wp.uaslp.mx\/noticias\/author\/giovannamorales\/"},"category_info":"<a href=\"https:\/\/wp.uaslp.mx\/noticias\/category\/uaslp\/\" rel=\"category tag\">UASLP<\/a>","tag_info":"UASLP","comment_count":"0","_links":{"self":[{"href":"https:\/\/wp.uaslp.mx\/noticias\/wp-json\/wp\/v2\/posts\/19106","targetHints":{"allow":["GET"]}}],"collection":[{"href":"https:\/\/wp.uaslp.mx\/noticias\/wp-json\/wp\/v2\/posts"}],"about":[{"href":"https:\/\/wp.uaslp.mx\/noticias\/wp-json\/wp\/v2\/types\/post"}],"author":[{"embeddable":true,"href":"https:\/\/wp.uaslp.mx\/noticias\/wp-json\/wp\/v2\/users\/12"}],"replies":[{"embeddable":true,"href":"https:\/\/wp.uaslp.mx\/noticias\/wp-json\/wp\/v2\/comments?post=19106"}],"version-history":[{"count":1,"href":"https:\/\/wp.uaslp.mx\/noticias\/wp-json\/wp\/v2\/posts\/19106\/revisions"}],"predecessor-version":[{"id":19108,"href":"https:\/\/wp.uaslp.mx\/noticias\/wp-json\/wp\/v2\/posts\/19106\/revisions\/19108"}],"wp:featuredmedia":[{"embeddable":true,"href":"https:\/\/wp.uaslp.mx\/noticias\/wp-json\/wp\/v2\/media\/19107"}],"wp:attachment":[{"href":"https:\/\/wp.uaslp.mx\/noticias\/wp-json\/wp\/v2\/media?parent=19106"}],"wp:term":[{"taxonomy":"category","embeddable":true,"href":"https:\/\/wp.uaslp.mx\/noticias\/wp-json\/wp\/v2\/categories?post=19106"},{"taxonomy":"post_tag","embeddable":true,"href":"https:\/\/wp.uaslp.mx\/noticias\/wp-json\/wp\/v2\/tags?post=19106"}],"curies":[{"name":"wp","href":"https:\/\/api.w.org\/{rel}","templated":true}]}}