{"id":19099,"date":"2025-04-26T10:00:00","date_gmt":"2025-04-26T16:00:00","guid":{"rendered":"https:\/\/wp.uaslp.mx\/noticias\/?p=19099"},"modified":"2025-04-25T11:52:05","modified_gmt":"2025-04-25T17:52:05","slug":"materias-optativas-de-genero-deben-estar-en-el-tronco-comun-de-todas-las-carreras-universitarias-considera-la-dra-aida-ortega-velazquez","status":"publish","type":"post","link":"https:\/\/wp.uaslp.mx\/noticias\/academica\/materias-optativas-de-genero-deben-estar-en-el-tronco-comun-de-todas-las-carreras-universitarias-considera-la-dra-aida-ortega-velazquez\/","title":{"rendered":"Materias optativas de g\u00e9nero deben estar en el tronco com\u00fan de todas las carreras universitarias, considera la Dra. A\u00edda Ortega Vel\u00e1zquez\u00a0"},"content":{"rendered":"\n<p>La <a href=\"https:\/\/www.fca.uaslp.mx\/#gsc.tab=0\">Facultad de Contadur\u00eda y Administraci\u00f3n<\/a> (FCA) de la Universidad Aut\u00f3noma de San Luis Potos\u00ed (UASLP) es pionera en la implementaci\u00f3n de materias optativas con perspectiva de g\u00e9nero, las cuales deben formar parte del tronco com\u00fan de las carreras universitarias, afirm\u00f3 la doctora A\u00edda Ortega Vel\u00e1zquez, docente e investigadora de la entidad acad\u00e9mica.\u00a0\u00a0<\/p>\n\n\n\n<p>&#8220;Hablar de g\u00e9nero o de responsabilidad social universitaria es fundamental y debe incluirse como materia obligatoria, al igual que contabilidad o derecho&#8221;, explic\u00f3 la encargada de la Unidad de G\u00e9nero, quien ha trabajado particularmente en la licenciatura en Mercadotecnia Estrat\u00e9gica, \u00e1rea en la que los estereotipos de g\u00e9nero siguen muy arraigados.&nbsp;&nbsp;<\/p>\n\n\n\n<p>&#8220;A pesar de la evoluci\u00f3n de la publicidad, los comerciales siguen reproduciendo roles de g\u00e9nero tradicionales. Es necesario que los estudiantes tengan una formaci\u00f3n cr\u00edtica para cuestionar estos estereotipos&#8221;, enfatiz\u00f3.&nbsp;<\/p>\n\n\n\n<p>Los avances en equidad de g\u00e9nero no s\u00f3lo se han limitado a la curr\u00edcula, pues la FCA obtuvo el distintivo de g\u00e9nero otorgado por la Asociaci\u00f3n Nacional de Facultades de Contabilidad y Administraci\u00f3n (ANFECA), lo que ha impulsado la expansi\u00f3n de sus actividades.&nbsp;&nbsp;<\/p>\n\n\n\n<p>&#8220;No solo nos enfocamos en el estudiantado, sino tambi\u00e9n en el profesorado, el personal administrativo e intendencia. Ahora, nuestra meta es incorporar a los padres de familia en estos esfuerzos&#8221;, mencion\u00f3. Su objetivo es que los estudiantes no s\u00f3lo reciban informaci\u00f3n en la universidad, sino que tambi\u00e9n puedan compartirla en casa y generar conciencia en sus entornos.&nbsp;<\/p>\n\n\n\n<p>Otro de los retos es cambiar la percepci\u00f3n sobre el rol de la mujer en la sociedad. &#8220;A pesar de que los j\u00f3venes est\u00e1n hipercomunicados, muchas chicas todav\u00eda ven el matrimonio y la maternidad como su destino final. Hay que fomentar la autonom\u00eda econ\u00f3mica y la formaci\u00f3n profesional para que tengan opciones&#8221;, destac\u00f3.&nbsp;<\/p>\n\n\n\n<p>La Unidad de G\u00e9nero tambi\u00e9n trabaja en la promoci\u00f3n de la corresponsabilidad en las tareas dom\u00e9sticas y el cuidado familiar. &#8220;Los roles de g\u00e9nero siguen favoreciendo a los varones, dejando a las mujeres la mayor carga de trabajo en el hogar. Es crucial inculcar en los hombres la importancia de compartir estas responsabilidades&#8221;, dijo la investigadora.&nbsp;<\/p>\n\n\n\n<p>Adem\u00e1s, la doctora Ortega subray\u00f3 la importancia de la diversidad e inclusi\u00f3n en el \u00e1mbito laboral y educativo. &#8220;Empresas como Cummings han sido modelo en la inclusi\u00f3n de personas con discapacidad. En la facultad tambi\u00e9n tenemos estudiantes con discapacidad visual y trabajamos en generar un ambiente m\u00e1s incluyente&#8221;, afirm\u00f3.&nbsp;<\/p>\n\n\n\n<p>El trabajo de la Unidad de G\u00e9nero se extiende a diferentes sectores, incluyendo programas de divulgaci\u00f3n en bachilleratos sobre violencia en el noviazgo, derechos de la infancia y lenguaje incluyente. &#8220;Hay resistencia al lenguaje incluyente, pero lo importante es concientizar sobre la necesidad de nombrar y visibilizar. No se trata de imponer, sino de explicar por qu\u00e9 es importante&#8221;,\u202fconcluy\u00f3.&nbsp;<\/p>\n\n\n\n<p class=\"has-text-align-right\"><em>Hugo Laussin \u00a0<\/em><\/p>\n","protected":false},"excerpt":{"rendered":"<p>La Facultad de Contadur\u00eda y Administraci\u00f3n (FCA) de la Universidad Aut\u00f3noma de San Luis Potos\u00ed&#8230;<\/p>\n","protected":false},"author":12,"featured_media":19102,"comment_status":"closed","ping_status":"closed","sticky":false,"template":"","format":"standard","meta":{"pgc_sgb_lightbox_settings":"","footnotes":""},"categories":[2],"tags":[2854,2737,2853],"class_list":["post-19099","post","type-post","status-publish","format-standard","has-post-thumbnail","hentry","category-academica","tag-educacionconperspectiva","tag-equidaddegenero","tag-fcauaslp"],"featured_image_urls":{"full":["https:\/\/wp.uaslp.mx\/noticias\/wp-content\/uploads\/sites\/5\/2025\/04\/491751800_1108297201339643_3746014998203714494_n.jpg",1024,683,false],"thumbnail":["https:\/\/wp.uaslp.mx\/noticias\/wp-content\/uploads\/sites\/5\/2025\/04\/491751800_1108297201339643_3746014998203714494_n-150x150.jpg",150,150,true],"medium":["https:\/\/wp.uaslp.mx\/noticias\/wp-content\/uploads\/sites\/5\/2025\/04\/491751800_1108297201339643_3746014998203714494_n.jpg",1024,683,false],"medium_large":["https:\/\/wp.uaslp.mx\/noticias\/wp-content\/uploads\/sites\/5\/2025\/04\/491751800_1108297201339643_3746014998203714494_n-768x512.jpg",640,427,true],"large":["https:\/\/wp.uaslp.mx\/noticias\/wp-content\/uploads\/sites\/5\/2025\/04\/491751800_1108297201339643_3746014998203714494_n.jpg",1024,683,false],"1536x1536":["https:\/\/wp.uaslp.mx\/noticias\/wp-content\/uploads\/sites\/5\/2025\/04\/491751800_1108297201339643_3746014998203714494_n.jpg",1024,683,false],"2048x2048":["https:\/\/wp.uaslp.mx\/noticias\/wp-content\/uploads\/sites\/5\/2025\/04\/491751800_1108297201339643_3746014998203714494_n.jpg",1024,683,false],"newsever-slider-full":["https:\/\/wp.uaslp.mx\/noticias\/wp-content\/uploads\/sites\/5\/2025\/04\/491751800_1108297201339643_3746014998203714494_n.jpg",1024,683,false],"newsever-featured":["https:\/\/wp.uaslp.mx\/noticias\/wp-content\/uploads\/sites\/5\/2025\/04\/491751800_1108297201339643_3746014998203714494_n.jpg",1024,683,false],"newsever-medium":["https:\/\/wp.uaslp.mx\/noticias\/wp-content\/uploads\/sites\/5\/2025\/04\/491751800_1108297201339643_3746014998203714494_n-720x475.jpg",720,475,true],"mailpoet_newsletter_max":["https:\/\/wp.uaslp.mx\/noticias\/wp-content\/uploads\/sites\/5\/2025\/04\/491751800_1108297201339643_3746014998203714494_n.jpg",1024,683,false]},"author_info":{"display_name":"Prensa y difusi\u00f3n","author_link":"https:\/\/wp.uaslp.mx\/noticias\/author\/giovannamorales\/"},"category_info":"<a href=\"https:\/\/wp.uaslp.mx\/noticias\/category\/academica\/\" rel=\"category tag\">Acad\u00e9mica<\/a>","tag_info":"Acad\u00e9mica","comment_count":"0","_links":{"self":[{"href":"https:\/\/wp.uaslp.mx\/noticias\/wp-json\/wp\/v2\/posts\/19099","targetHints":{"allow":["GET"]}}],"collection":[{"href":"https:\/\/wp.uaslp.mx\/noticias\/wp-json\/wp\/v2\/posts"}],"about":[{"href":"https:\/\/wp.uaslp.mx\/noticias\/wp-json\/wp\/v2\/types\/post"}],"author":[{"embeddable":true,"href":"https:\/\/wp.uaslp.mx\/noticias\/wp-json\/wp\/v2\/users\/12"}],"replies":[{"embeddable":true,"href":"https:\/\/wp.uaslp.mx\/noticias\/wp-json\/wp\/v2\/comments?post=19099"}],"version-history":[{"count":1,"href":"https:\/\/wp.uaslp.mx\/noticias\/wp-json\/wp\/v2\/posts\/19099\/revisions"}],"predecessor-version":[{"id":19101,"href":"https:\/\/wp.uaslp.mx\/noticias\/wp-json\/wp\/v2\/posts\/19099\/revisions\/19101"}],"wp:featuredmedia":[{"embeddable":true,"href":"https:\/\/wp.uaslp.mx\/noticias\/wp-json\/wp\/v2\/media\/19102"}],"wp:attachment":[{"href":"https:\/\/wp.uaslp.mx\/noticias\/wp-json\/wp\/v2\/media?parent=19099"}],"wp:term":[{"taxonomy":"category","embeddable":true,"href":"https:\/\/wp.uaslp.mx\/noticias\/wp-json\/wp\/v2\/categories?post=19099"},{"taxonomy":"post_tag","embeddable":true,"href":"https:\/\/wp.uaslp.mx\/noticias\/wp-json\/wp\/v2\/tags?post=19099"}],"curies":[{"name":"wp","href":"https:\/\/api.w.org\/{rel}","templated":true}]}}