{"id":19085,"date":"2025-04-24T10:11:21","date_gmt":"2025-04-24T16:11:21","guid":{"rendered":"https:\/\/wp.uaslp.mx\/noticias\/?p=19085"},"modified":"2025-04-28T12:04:18","modified_gmt":"2025-04-28T18:04:18","slug":"licenciaturas-de-la-facultad-de-ciencias-de-la-informacion-se-consolidan-entre-los-sectores-publico-y-privado","status":"publish","type":"post","link":"https:\/\/wp.uaslp.mx\/noticias\/academica\/licenciaturas-de-la-facultad-de-ciencias-de-la-informacion-se-consolidan-entre-los-sectores-publico-y-privado\/","title":{"rendered":"Licenciaturas de la Facultad de Ciencias de la Informaci\u00f3n se consolidan entre los sectores p\u00fablico y privado\u00a0"},"content":{"rendered":"\n<p>La responsable de servicio social y pr\u00e1cticas profesionales de la <a href=\"https:\/\/www.fci.uaslp.mx\/#gsc.tab=0\">Facultad de Ciencias de la Informaci\u00f3n<\/a> (FCI) de la Universidad Aut\u00f3noma de San Luis Potos\u00ed (UASLP), doctora Hadtyr Axheli Garc\u00eda Ortega, subray\u00f3 la importancia de este campo acad\u00e9mico en la sociedad actual, mismo que se ha consolidado en \u00e1reas del sector p\u00fablico y privado.\u00a0<\/p>\n\n\n\n<p>La doctora en Educaci\u00f3n dijo que estar frente a dicha responsabilidad le ha permitido advertir la necesidad de las ciencias de la informaci\u00f3n en el sector p\u00fablico gubernamental y privado, as\u00ed como a nivel social, debido que actualmente se requiere dar respuesta a los temas de organizaci\u00f3n de archivos, transparencia, acceso a la informaci\u00f3n y protecci\u00f3n de datos personales.&nbsp;<\/p>\n\n\n\n<p>\u201cCada vez las instituciones p\u00fablicas y privadas empiezan a notar esa necesidad de los profesionales de la informaci\u00f3n. Es un gusto para m\u00ed participar en la formaci\u00f3n de estos recursos humanos, sobre todo, porque apenas llevo nueve a\u00f1os como profesora de tiempo completo y tampoco ha sido sencillo ocupar el reconocimiento como investigadora\u201d, dijo.&nbsp;<\/p>\n\n\n\n<p>Garc\u00eda Ortega reconoci\u00f3 que ha sido satisfactorio contribuir a la ciencia con la producci\u00f3n acad\u00e9mica y formaci\u00f3n de recursos humanos tanto a nivel licenciatura como de maestr\u00eda.&nbsp;<\/p>\n\n\n\n<p>Las l\u00edneas de investigaci\u00f3n de la docente de la FCI est\u00e1n enfocadas a la educaci\u00f3n archiv\u00edstica, recursos educativos para los procesos de ense\u00f1anza-aprendizaje tanto presenciales como en entornos virtuales, la parte de la did\u00e1ctica, competencias docentes, enfatizando la educaci\u00f3n superior.&nbsp;<\/p>\n\n\n\n<p>Actualmente participa en el Cuerpo Acad\u00e9mico CA-280 Tecnolog\u00eda, Educaci\u00f3n e Innovaci\u00f3n en las Ciencias de la Informaci\u00f3n con otros docentes participando en una investigaci\u00f3n referente al \u00e1mbito de recursos educativos tecnol\u00f3gicos en Modelo de Ambientes Digitales de Aprendizaje en asignaturas de la Maestr\u00eda en Ciencias de la Informaci\u00f3n para la Educaci\u00f3n a Distancia.&nbsp;<\/p>\n\n\n\n<p>\u201cEstoy involucrada en la parte educativa, sobre todo por el desarrollo que tuve en la maestr\u00eda y doctorado en la aplicaci\u00f3n de la did\u00e1ctica de recursos tecnol\u00f3gicos, a la par de capacitaciones por la Universidad Aut\u00f3noma de San Luis Potos\u00ed para impartir materias, cursos y asignaturas con mayor calidad y aprendizaje significativo en el alumno.&nbsp;<\/p>\n\n\n\n<p>La doctora Hadtyr Axheli Garc\u00eda Ortega se congratul\u00f3 en mencionar que la poblaci\u00f3n estudiantil de la FCI est\u00e1 conformada en su mayor\u00eda por mujeres, con casos destacables de algunas desarrollando proyectos de investigaci\u00f3n en apoyo a otros profesionales.&nbsp;<\/p>\n\n\n\n<p>La profesora investigadora es egresada de la primera generaci\u00f3n de la Licenciatura en Archivolog\u00eda, y de la Maestr\u00eda en Educaci\u00f3n, por la Universidad Aut\u00f3noma de San Luis Potos\u00ed, Doctorado en Educaci\u00f3n en la Universidad Tangamanga de San Luis Potos\u00ed, campus Tequis, adem\u00e1s de contar con el reconocimiento al Perfil PRODEP desde 2019 y es candidata a Investigadora Nacional desde enero 2024.&nbsp;<\/p>\n\n\n\n<p>Para los interesados en esta y otras carreras, la UASLP mantiene abierto su proceso de admisi\u00f3n para el ciclo 2025-2026 hasta al 31 de mayo, a trav\u00e9s del sitio <a href=\"https:\/\/aspirantes.uaslp.mx\/\" target=\"_blank\" rel=\"noreferrer noopener\">https:\/\/aspirantes.uaslp.mx\/<\/a>.&nbsp;<\/p>\n\n\n\n<p class=\"has-text-align-right\"><em>Noelia Mart\u00ednez\u00a0\u00a0<\/em><\/p>\n","protected":false},"excerpt":{"rendered":"<p>La responsable de servicio social y pr\u00e1cticas profesionales de la Facultad de Ciencias de la&#8230;<\/p>\n","protected":false},"author":12,"featured_media":19086,"comment_status":"closed","ping_status":"closed","sticky":false,"template":"","format":"standard","meta":{"pgc_sgb_lightbox_settings":"","footnotes":""},"categories":[2],"tags":[],"class_list":["post-19085","post","type-post","status-publish","format-standard","has-post-thumbnail","hentry","category-academica"],"featured_image_urls":{"full":["https:\/\/wp.uaslp.mx\/noticias\/wp-content\/uploads\/sites\/5\/2025\/04\/FCI-Dra-Hadtyr-Axheli-Garcia-Ortega.png",1600,1066,false],"thumbnail":["https:\/\/wp.uaslp.mx\/noticias\/wp-content\/uploads\/sites\/5\/2025\/04\/FCI-Dra-Hadtyr-Axheli-Garcia-Ortega-150x150.png",150,150,true],"medium":["https:\/\/wp.uaslp.mx\/noticias\/wp-content\/uploads\/sites\/5\/2025\/04\/FCI-Dra-Hadtyr-Axheli-Garcia-Ortega-1024x682.png",1024,682,true],"medium_large":["https:\/\/wp.uaslp.mx\/noticias\/wp-content\/uploads\/sites\/5\/2025\/04\/FCI-Dra-Hadtyr-Axheli-Garcia-Ortega-768x512.png",640,427,true],"large":["https:\/\/wp.uaslp.mx\/noticias\/wp-content\/uploads\/sites\/5\/2025\/04\/FCI-Dra-Hadtyr-Axheli-Garcia-Ortega.png",1600,1066,false],"1536x1536":["https:\/\/wp.uaslp.mx\/noticias\/wp-content\/uploads\/sites\/5\/2025\/04\/FCI-Dra-Hadtyr-Axheli-Garcia-Ortega-1536x1023.png",1536,1023,true],"2048x2048":["https:\/\/wp.uaslp.mx\/noticias\/wp-content\/uploads\/sites\/5\/2025\/04\/FCI-Dra-Hadtyr-Axheli-Garcia-Ortega.png",1600,1066,false],"newsever-slider-full":["https:\/\/wp.uaslp.mx\/noticias\/wp-content\/uploads\/sites\/5\/2025\/04\/FCI-Dra-Hadtyr-Axheli-Garcia-Ortega-1280x845.png",1280,845,true],"newsever-featured":["https:\/\/wp.uaslp.mx\/noticias\/wp-content\/uploads\/sites\/5\/2025\/04\/FCI-Dra-Hadtyr-Axheli-Garcia-Ortega-1024x682.png",1024,682,true],"newsever-medium":["https:\/\/wp.uaslp.mx\/noticias\/wp-content\/uploads\/sites\/5\/2025\/04\/FCI-Dra-Hadtyr-Axheli-Garcia-Ortega-720x475.png",720,475,true],"mailpoet_newsletter_max":["https:\/\/wp.uaslp.mx\/noticias\/wp-content\/uploads\/sites\/5\/2025\/04\/FCI-Dra-Hadtyr-Axheli-Garcia-Ortega-1320x879.png",1320,879,true]},"author_info":{"display_name":"Prensa y difusi\u00f3n","author_link":"https:\/\/wp.uaslp.mx\/noticias\/author\/giovannamorales\/"},"category_info":"<a href=\"https:\/\/wp.uaslp.mx\/noticias\/category\/academica\/\" rel=\"category tag\">Acad\u00e9mica<\/a>","tag_info":"Acad\u00e9mica","comment_count":"0","_links":{"self":[{"href":"https:\/\/wp.uaslp.mx\/noticias\/wp-json\/wp\/v2\/posts\/19085","targetHints":{"allow":["GET"]}}],"collection":[{"href":"https:\/\/wp.uaslp.mx\/noticias\/wp-json\/wp\/v2\/posts"}],"about":[{"href":"https:\/\/wp.uaslp.mx\/noticias\/wp-json\/wp\/v2\/types\/post"}],"author":[{"embeddable":true,"href":"https:\/\/wp.uaslp.mx\/noticias\/wp-json\/wp\/v2\/users\/12"}],"replies":[{"embeddable":true,"href":"https:\/\/wp.uaslp.mx\/noticias\/wp-json\/wp\/v2\/comments?post=19085"}],"version-history":[{"count":2,"href":"https:\/\/wp.uaslp.mx\/noticias\/wp-json\/wp\/v2\/posts\/19085\/revisions"}],"predecessor-version":[{"id":19118,"href":"https:\/\/wp.uaslp.mx\/noticias\/wp-json\/wp\/v2\/posts\/19085\/revisions\/19118"}],"wp:featuredmedia":[{"embeddable":true,"href":"https:\/\/wp.uaslp.mx\/noticias\/wp-json\/wp\/v2\/media\/19086"}],"wp:attachment":[{"href":"https:\/\/wp.uaslp.mx\/noticias\/wp-json\/wp\/v2\/media?parent=19085"}],"wp:term":[{"taxonomy":"category","embeddable":true,"href":"https:\/\/wp.uaslp.mx\/noticias\/wp-json\/wp\/v2\/categories?post=19085"},{"taxonomy":"post_tag","embeddable":true,"href":"https:\/\/wp.uaslp.mx\/noticias\/wp-json\/wp\/v2\/tags?post=19085"}],"curies":[{"name":"wp","href":"https:\/\/api.w.org\/{rel}","templated":true}]}}