{"id":19082,"date":"2025-04-24T09:07:00","date_gmt":"2025-04-24T15:07:00","guid":{"rendered":"https:\/\/wp.uaslp.mx\/noticias\/?p=19082"},"modified":"2025-04-16T10:11:17","modified_gmt":"2025-04-16T16:11:17","slug":"convocan-a-estudiantes-de-la-uaslp-a-participar-en-exposicion-fotografica-mirada-emergente-que-se-expondra-en-el-muni","status":"publish","type":"post","link":"https:\/\/wp.uaslp.mx\/noticias\/arteycultura\/convocan-a-estudiantes-de-la-uaslp-a-participar-en-exposicion-fotografica-mirada-emergente-que-se-expondra-en-el-muni\/","title":{"rendered":"Convocan a estudiantes de la UASLP a participar en exposici\u00f3n fotogr\u00e1fica \u201cMirada Emergente\u201d, que se expondr\u00e1 en el MUNI\u00a0"},"content":{"rendered":"\n<p>La Universidad Aut\u00f3noma de San Luis Potos\u00ed (UASLP) se une a la celebraci\u00f3n del 40 aniversario del festival fotogr\u00e1fico Fotovisi\u00f3n, a trav\u00e9s de la convocatoria que el Instituto Potosino de Bellas Artes (IPBA) extiende a los alumnos de todos los niveles y facultades de la m\u00e1xima casa de estudios, para formar parte de la exposici\u00f3n \u201cMirada Emergente\u201d, que tendr\u00e1 como sede el <a href=\"https:\/\/www.facebook.com\/muniuaslp\">Museo Universitario<\/a> (MUNI).\u00a0<\/p>\n\n\n\n<p>Esta iniciativa busca fomentar el arte fotogr\u00e1fico entre la comunidad universitaria y crear un v\u00ednculo con otras instituciones. Los trabajos deber\u00e1n enviarse en formato digital al correo electr\u00f3nico fotografia@ipba.com.mx, entre el 28 de abril y el 3 de mayo de 2025. La exposici\u00f3n ser\u00e1 inaugurada el 25 de septiembre y permanecer\u00e1 abierta al p\u00fablico durante dos meses en el MUNI, espacio de la Secretar\u00eda de Difusi\u00f3n Cultural de la UASLP, que se incorpora a las sedes oficiales de Fotovisi\u00f3n.&nbsp;<\/p>\n\n\n\n<p>Mar\u00eda Eugenia Mart\u00ednez Juache, coordinadora del \u00e1rea de fotograf\u00eda del IPBA, se\u00f1al\u00f3 que esta convocatoria representa una oportunidad significativa para los estudiantes de mostrar su visi\u00f3n personal a trav\u00e9s de im\u00e1genes. \u201cHicimos una exposici\u00f3n que tiene que ver con esto mismo que se est\u00e1 presentando ahorita. La convocatoria est\u00e1 abierta para cualquier alumno de la UASLP, sin importar la facultad o semestre, y lo m\u00e1s emocionante es que se presentar\u00e1 en el MUNI, lo cual nos llena de entusiasmo\u201d, dijo.&nbsp;<\/p>\n\n\n\n<p>Explic\u00f3 que los participantes deber\u00e1n enviar una serie compuesta por entre cinco y diez im\u00e1genes, con enfoque en la fotograf\u00eda de autor o documental. Se aceptan propuestas en diversas t\u00e9cnicas, aunque se da preferencia al trabajo digital. Posteriormente, se realizar\u00e1 un proceso de selecci\u00f3n para definir qu\u00e9 piezas ser\u00e1n incluidas en la muestra. Las obras seleccionadas deber\u00e1n ser impresas por los autores y entregadas en formato f\u00edsico, cumpliendo con las especificaciones indicadas en la convocatoria (no menor a 8&#215;10 pulgadas ni mayor a 16&#215;24 pulgadas, con posibilidad de variaciones en formato).&nbsp;<\/p>\n\n\n\n<p>\u201cLa idea es que presenten un proyecto ya desarrollado, con un concepto claro. La selecci\u00f3n ser\u00e1 cuidadosa, no solo por la calidad t\u00e9cnica, sino por la propuesta visual. Es importante que los alumnos se enfoquen en qu\u00e9 quieren contar con sus im\u00e1genes, m\u00e1s all\u00e1 de pensar en qui\u00e9nes evaluar\u00e1n\u201d, coment\u00f3 Mart\u00ednez Juache.&nbsp;<\/p>\n\n\n\n<p>Por su parte, Juan Pablo Meneses, colaborador del proyecto, subray\u00f3 la relevancia de este esfuerzo conjunto: \u201cMe parece excelente que se unan la Universidad y Bellas Artes para abrir este espacio a los estudiantes. Exponer en un museo como el MUNI y ser parte de Fotovisi\u00f3n es un gran aliciente para los j\u00f3venes creadores\u201d, coment\u00f3.&nbsp;<\/p>\n\n\n\n<p>Maru Mart\u00ednez agreg\u00f3 que se espera una participaci\u00f3n cercana a los 40 o 50 autores, lo que podr\u00eda traducirse en una muestra de hasta 200 obras fotogr\u00e1ficas, aunque el n\u00famero final depender\u00e1 del espacio disponible y del proceso curatorial.&nbsp;<\/p>\n\n\n\n<p>Finalmente, los organizadores hicieron un llamado a docentes, administrativos y alumnos de la UASLP para que difundan la convocatoria y animen a los estudiantes a sumarse a esta experiencia art\u00edstica que celebra la mirada joven dentro del marco del festival m\u00e1s importante de fotograf\u00eda en el estado.&nbsp;<\/p>\n\n\n\n<p>Los universitarios interesados en participar en la muestra fotogr\u00e1fica pueden consultar las bases en el sitio https:\/\/tinyurl.com\/254p6uhw o en las redes sociales de Instituto Potosino de Bellas Artes. Mayores informes en los tel\u00e9fonos 444 822 0557 y 444 818 8877 y en la coordinaci\u00f3n de Fotovisi\u00f3n del IPBA, Av. Universidad esq. Constituci\u00f3n\u202fs\/n.&nbsp;<\/p>\n\n\n\n<p class=\"has-text-align-right\"><em>Paola Mu\u00f1oz\u00a0<\/em><\/p>\n","protected":false},"excerpt":{"rendered":"<p>La Universidad Aut\u00f3noma de San Luis Potos\u00ed (UASLP) se une a la celebraci\u00f3n del 40&#8230;<\/p>\n","protected":false},"author":12,"featured_media":19083,"comment_status":"closed","ping_status":"closed","sticky":false,"template":"","format":"standard","meta":{"pgc_sgb_lightbox_settings":"","footnotes":""},"categories":[3],"tags":[304,2406],"class_list":["post-19082","post","type-post","status-publish","format-standard","has-post-thumbnail","hentry","category-arteycultura","tag-exposicion","tag-muni-2"],"featured_image_urls":{"full":["https:\/\/wp.uaslp.mx\/noticias\/wp-content\/uploads\/sites\/5\/2025\/04\/CULT-MUNI.jpg",1800,944,false],"thumbnail":["https:\/\/wp.uaslp.mx\/noticias\/wp-content\/uploads\/sites\/5\/2025\/04\/CULT-MUNI-150x150.jpg",150,150,true],"medium":["https:\/\/wp.uaslp.mx\/noticias\/wp-content\/uploads\/sites\/5\/2025\/04\/CULT-MUNI-1024x537.jpg",1024,537,true],"medium_large":["https:\/\/wp.uaslp.mx\/noticias\/wp-content\/uploads\/sites\/5\/2025\/04\/CULT-MUNI-768x403.jpg",640,336,true],"large":["https:\/\/wp.uaslp.mx\/noticias\/wp-content\/uploads\/sites\/5\/2025\/04\/CULT-MUNI.jpg",1800,944,false],"1536x1536":["https:\/\/wp.uaslp.mx\/noticias\/wp-content\/uploads\/sites\/5\/2025\/04\/CULT-MUNI-1536x806.jpg",1536,806,true],"2048x2048":["https:\/\/wp.uaslp.mx\/noticias\/wp-content\/uploads\/sites\/5\/2025\/04\/CULT-MUNI.jpg",1800,944,false],"newsever-slider-full":["https:\/\/wp.uaslp.mx\/noticias\/wp-content\/uploads\/sites\/5\/2025\/04\/CULT-MUNI-1280x845.jpg",1280,845,true],"newsever-featured":["https:\/\/wp.uaslp.mx\/noticias\/wp-content\/uploads\/sites\/5\/2025\/04\/CULT-MUNI-1024x537.jpg",1024,537,true],"newsever-medium":["https:\/\/wp.uaslp.mx\/noticias\/wp-content\/uploads\/sites\/5\/2025\/04\/CULT-MUNI-720x475.jpg",720,475,true],"mailpoet_newsletter_max":["https:\/\/wp.uaslp.mx\/noticias\/wp-content\/uploads\/sites\/5\/2025\/04\/CULT-MUNI-1320x692.jpg",1320,692,true]},"author_info":{"display_name":"Prensa y difusi\u00f3n","author_link":"https:\/\/wp.uaslp.mx\/noticias\/author\/giovannamorales\/"},"category_info":"<a href=\"https:\/\/wp.uaslp.mx\/noticias\/category\/arteycultura\/\" rel=\"category tag\">Arte y cultura<\/a>","tag_info":"Arte y cultura","comment_count":"0","_links":{"self":[{"href":"https:\/\/wp.uaslp.mx\/noticias\/wp-json\/wp\/v2\/posts\/19082","targetHints":{"allow":["GET"]}}],"collection":[{"href":"https:\/\/wp.uaslp.mx\/noticias\/wp-json\/wp\/v2\/posts"}],"about":[{"href":"https:\/\/wp.uaslp.mx\/noticias\/wp-json\/wp\/v2\/types\/post"}],"author":[{"embeddable":true,"href":"https:\/\/wp.uaslp.mx\/noticias\/wp-json\/wp\/v2\/users\/12"}],"replies":[{"embeddable":true,"href":"https:\/\/wp.uaslp.mx\/noticias\/wp-json\/wp\/v2\/comments?post=19082"}],"version-history":[{"count":1,"href":"https:\/\/wp.uaslp.mx\/noticias\/wp-json\/wp\/v2\/posts\/19082\/revisions"}],"predecessor-version":[{"id":19084,"href":"https:\/\/wp.uaslp.mx\/noticias\/wp-json\/wp\/v2\/posts\/19082\/revisions\/19084"}],"wp:featuredmedia":[{"embeddable":true,"href":"https:\/\/wp.uaslp.mx\/noticias\/wp-json\/wp\/v2\/media\/19083"}],"wp:attachment":[{"href":"https:\/\/wp.uaslp.mx\/noticias\/wp-json\/wp\/v2\/media?parent=19082"}],"wp:term":[{"taxonomy":"category","embeddable":true,"href":"https:\/\/wp.uaslp.mx\/noticias\/wp-json\/wp\/v2\/categories?post=19082"},{"taxonomy":"post_tag","embeddable":true,"href":"https:\/\/wp.uaslp.mx\/noticias\/wp-json\/wp\/v2\/tags?post=19082"}],"curies":[{"name":"wp","href":"https:\/\/api.w.org\/{rel}","templated":true}]}}