{"id":19079,"date":"2025-04-23T10:00:13","date_gmt":"2025-04-23T16:00:13","guid":{"rendered":"https:\/\/wp.uaslp.mx\/noticias\/?p=19079"},"modified":"2025-04-16T10:06:20","modified_gmt":"2025-04-16T16:06:20","slug":"radio-universidad-arrancara-tercera-temporada-de-vagos-de-la-vida-real","status":"publish","type":"post","link":"https:\/\/wp.uaslp.mx\/noticias\/arteycultura\/radio-universidad-arrancara-tercera-temporada-de-vagos-de-la-vida-real\/","title":{"rendered":"Radio Universidad arrancar\u00e1 tercera temporada de \u201cVagos de la vida real\u201d"},"content":{"rendered":"\n<p><em>\u201cVagos de la vida real\u201d regresa con su tercera temporada: un viaje sonoro por la resistencia\u00a0<\/em><\/p>\n\n\n\n<p>Tras el \u00e9xito de las dos primeras temporadas de Vagos de la vida real, disponibles en plataformas digitales y de m\u00fasica bajo demanda, este mes de abril inicia la tercera entrega del proyecto radiof\u00f3nico con una propuesta renovada, cargada de creatividad narrativa y conceptual. As\u00ed lo anunci\u00f3 el maestro \u00d3scar Montero Garc\u00eda, docente de la <a href=\"https:\/\/www.fcc.uaslp.mx\/#gsc.tab=0\">Facultad de Ciencias de la Comunicaci\u00f3n de la UASLP<\/a>.\u00a0<\/p>\n\n\n\n<p>En esta nueva etapa, el concepto visual y tem\u00e1tico da un giro significativo. Mientras que en la primera temporada predomin\u00f3 una b\u00fasqueda urbana y en la segunda un enfoque social, la tercera est\u00e1 ambientada en un viaje al desierto y se dedica a la Resistencia. \u201cVivimos en un M\u00e9xico que atraviesa un momento sin precedentes. No sabemos qu\u00e9 ocurrir\u00e1 en el futuro, lo que nos llama a resistir mientras nos desarrollamos en lo profesional y en lo social\u201d, expres\u00f3 Montero.&nbsp;<\/p>\n\n\n\n<p>Los episodios abordar\u00e1n historias diversas: desde las persecuciones en Brooklyn en 2011 contra comunidades extranjeras, hasta memorias como la de una ni\u00f1a de un a\u00f1o que vivi\u00f3 la detenci\u00f3n de su madre, una militante comunista, en el M\u00e9xico de los a\u00f1os 70, bajo el amedrentamiento de una metralleta militar.&nbsp;<\/p>\n\n\n\n<p>La temporada presentar\u00e1 distintas formas de resistencia: acad\u00e9mica, cultural, histri\u00f3nica, al cannabis, period\u00edstica, socioambiental, cinematogr\u00e1fica, cham\u00e1nica y humana. Voces de quienes crecieron entre las d\u00e9cadas de los 60 y los 90 en un pa\u00eds convulso, y que hoy, desde sus trincheras personales, son reconocidos internacionalmente.&nbsp;<\/p>\n\n\n\n<p>\u201cEs un nuevo discurso dedicado a ni\u00f1os y j\u00f3venes, que nos invita a reflexionar sobre el pa\u00eds que hemos forjado, la sociedad que hemos permitido fragmentarse y los mexicanos que somos, moldeados por las experiencias individuales y colectivas de los \u00faltimos 50 a\u00f1os\u201d, sostuvo el docente universitario.&nbsp;<\/p>\n\n\n\n<p>Esta tercera temporada retoma una l\u00ednea trazada al cierre de la segunda: la recuperaci\u00f3n de la nostalgia por la vieja radio universitaria, fuente de origen e identidad del proyecto. En este contexto, continuar\u00e1 tambi\u00e9n la serie paralela \u201cVagos de la vida real jubilados\u201d, que en su segunda entrega dedic\u00f3 sus \u00faltimos cuatro episodios a distinguidos profesores retirados de la UASLP, y que en esta nueva fase sumar\u00e1 nuevas voces invitadas.&nbsp;<\/p>\n\n\n\n<p>El estreno est\u00e1 programado para el lunes 28 de abril a las 21:00 horas por la se\u00f1al de Radio Universidad, en el 88.5 FM en San Luis Potos\u00ed y 91.9 FM en Matehuala. La temporada concluir\u00e1 en octubre de 2025 y sus episodios estar\u00e1n disponibles posteriormente en plataformas de streaming. La serie tambi\u00e9n se transmite por la radio de la Universidad Aut\u00f3noma de Colima y pr\u00f3ximamente se incorporar\u00e1 a otras emisoras universitarias del pa\u00eds.&nbsp;<\/p>\n\n\n\n<p>Cabe destacar que, en esta temporada, el protagonismo se traslada completamente al invitado o invitada. El conductor se convierte en acompa\u00f1ante dentro del viaje simb\u00f3lico por el desierto y la resistencia. La propuesta creativa cont\u00f3 con el talento visual de Fernando Rivera, Fernando Espericueta y Alfredo Armadillo, y la producci\u00f3n de Alejandra Monsiv\u00e1is.&nbsp;<\/p>\n\n\n\n<p class=\"has-text-align-right\"><em>Noelia Mart\u00ednez\u00a0<\/em><\/p>\n","protected":false},"excerpt":{"rendered":"<p>\u201cVagos de la vida real\u201d regresa con su tercera temporada: un viaje sonoro por la&#8230;<\/p>\n","protected":false},"author":12,"featured_media":19080,"comment_status":"closed","ping_status":"closed","sticky":false,"template":"","format":"standard","meta":{"pgc_sgb_lightbox_settings":"","footnotes":""},"categories":[3],"tags":[],"class_list":["post-19079","post","type-post","status-publish","format-standard","has-post-thumbnail","hentry","category-arteycultura"],"featured_image_urls":{"full":["https:\/\/wp.uaslp.mx\/noticias\/wp-content\/uploads\/sites\/5\/2025\/04\/Diseno-sin-titulo-2.png",1800,1200,false],"thumbnail":["https:\/\/wp.uaslp.mx\/noticias\/wp-content\/uploads\/sites\/5\/2025\/04\/Diseno-sin-titulo-2-150x150.png",150,150,true],"medium":["https:\/\/wp.uaslp.mx\/noticias\/wp-content\/uploads\/sites\/5\/2025\/04\/Diseno-sin-titulo-2-1024x683.png",1024,683,true],"medium_large":["https:\/\/wp.uaslp.mx\/noticias\/wp-content\/uploads\/sites\/5\/2025\/04\/Diseno-sin-titulo-2-768x512.png",640,427,true],"large":["https:\/\/wp.uaslp.mx\/noticias\/wp-content\/uploads\/sites\/5\/2025\/04\/Diseno-sin-titulo-2.png",1800,1200,false],"1536x1536":["https:\/\/wp.uaslp.mx\/noticias\/wp-content\/uploads\/sites\/5\/2025\/04\/Diseno-sin-titulo-2-1536x1024.png",1536,1024,true],"2048x2048":["https:\/\/wp.uaslp.mx\/noticias\/wp-content\/uploads\/sites\/5\/2025\/04\/Diseno-sin-titulo-2.png",1800,1200,false],"newsever-slider-full":["https:\/\/wp.uaslp.mx\/noticias\/wp-content\/uploads\/sites\/5\/2025\/04\/Diseno-sin-titulo-2-1280x845.png",1280,845,true],"newsever-featured":["https:\/\/wp.uaslp.mx\/noticias\/wp-content\/uploads\/sites\/5\/2025\/04\/Diseno-sin-titulo-2-1024x683.png",1024,683,true],"newsever-medium":["https:\/\/wp.uaslp.mx\/noticias\/wp-content\/uploads\/sites\/5\/2025\/04\/Diseno-sin-titulo-2-720x475.png",720,475,true],"mailpoet_newsletter_max":["https:\/\/wp.uaslp.mx\/noticias\/wp-content\/uploads\/sites\/5\/2025\/04\/Diseno-sin-titulo-2-1320x880.png",1320,880,true]},"author_info":{"display_name":"Prensa y difusi\u00f3n","author_link":"https:\/\/wp.uaslp.mx\/noticias\/author\/giovannamorales\/"},"category_info":"<a href=\"https:\/\/wp.uaslp.mx\/noticias\/category\/arteycultura\/\" rel=\"category tag\">Arte y cultura<\/a>","tag_info":"Arte y cultura","comment_count":"0","_links":{"self":[{"href":"https:\/\/wp.uaslp.mx\/noticias\/wp-json\/wp\/v2\/posts\/19079","targetHints":{"allow":["GET"]}}],"collection":[{"href":"https:\/\/wp.uaslp.mx\/noticias\/wp-json\/wp\/v2\/posts"}],"about":[{"href":"https:\/\/wp.uaslp.mx\/noticias\/wp-json\/wp\/v2\/types\/post"}],"author":[{"embeddable":true,"href":"https:\/\/wp.uaslp.mx\/noticias\/wp-json\/wp\/v2\/users\/12"}],"replies":[{"embeddable":true,"href":"https:\/\/wp.uaslp.mx\/noticias\/wp-json\/wp\/v2\/comments?post=19079"}],"version-history":[{"count":1,"href":"https:\/\/wp.uaslp.mx\/noticias\/wp-json\/wp\/v2\/posts\/19079\/revisions"}],"predecessor-version":[{"id":19081,"href":"https:\/\/wp.uaslp.mx\/noticias\/wp-json\/wp\/v2\/posts\/19079\/revisions\/19081"}],"wp:featuredmedia":[{"embeddable":true,"href":"https:\/\/wp.uaslp.mx\/noticias\/wp-json\/wp\/v2\/media\/19080"}],"wp:attachment":[{"href":"https:\/\/wp.uaslp.mx\/noticias\/wp-json\/wp\/v2\/media?parent=19079"}],"wp:term":[{"taxonomy":"category","embeddable":true,"href":"https:\/\/wp.uaslp.mx\/noticias\/wp-json\/wp\/v2\/categories?post=19079"},{"taxonomy":"post_tag","embeddable":true,"href":"https:\/\/wp.uaslp.mx\/noticias\/wp-json\/wp\/v2\/tags?post=19079"}],"curies":[{"name":"wp","href":"https:\/\/api.w.org\/{rel}","templated":true}]}}