{"id":18988,"date":"2025-04-10T14:24:58","date_gmt":"2025-04-10T20:24:58","guid":{"rendered":"https:\/\/wp.uaslp.mx\/noticias\/?p=18988"},"modified":"2025-04-10T14:29:16","modified_gmt":"2025-04-10T20:29:16","slug":"cambio-climatico-repercute-en-el-bienestar-y-la-salud-especialmente-en-poblaciones-vulnerables-insp","status":"publish","type":"post","link":"https:\/\/wp.uaslp.mx\/noticias\/uaslp\/cambio-climatico-repercute-en-el-bienestar-y-la-salud-especialmente-en-poblaciones-vulnerables-insp\/","title":{"rendered":"Cambio clim\u00e1tico repercute en el bienestar y la salud, especialmente en poblaciones vulnerables: INSP"},"content":{"rendered":"\n<p>El cambio clim\u00e1tico representa una amenaza creciente para la salud y el bienestar, especialmente entre grupos vulnerables como ni\u00f1os, mujeres embarazadas y adultos mayores, advirtieron especialistas del Instituto Nacional de Salud P\u00fablica (INSP) durante la <a href=\"https:\/\/seguridadalimentaria.uaslp.mx\/Home\/Inicio\">Primera Conferencia Mundial en Seguridad Alimentaria y Cambio Clim\u00e1tico, con sede en la Universidad Aut\u00f3noma de San Luis Potos\u00ed<\/a> (UASLP).<\/p>\n\n\n\n<p>Este jueves 10 de abril, en el Centro Cultural Universitario Bicentenario (CC200), ante un concurrido grupo de j\u00f3venes universitarios, se llev\u00f3 a cabo la mesa de di\u00e1logo en salud planetaria \u201cSalud y cambio clim\u00e1tico\u201d, con la participaci\u00f3n del doctor Horacio Riojas Rodr\u00edguez, director de Salud Ambiental, y de la doctora Mishel Unar Murgu\u00eda, integrante del Centro de Investigaci\u00f3n en Nutrici\u00f3n y Salud, ambos del Instituto Nacional de Salud P\u00fablica (INSP)<\/p>\n\n\n\n<p>Durante su intervenci\u00f3n, el doctor Riojas Rodr\u00edguez, tambi\u00e9n director del Centro Colaborador de la Organizaci\u00f3n Mundial de la Salud en Epidemiolog\u00eda Ambiental y de la Red para la Evaluaci\u00f3n de Salud Planetaria en Escenarios Sind\u00e9micos Emergentes (ESPESIES), profundiz\u00f3 en el v\u00ednculo entre salud planetaria, salud p\u00fablica y cambio clim\u00e1tico en M\u00e9xico. &#8220;Nosotros vemos y estudiamos el cambio clim\u00e1tico desde la perspectiva de la salud planetaria. Es resultado de la degradaci\u00f3n ambiental provocada por la actividad humana&#8221;, afirm\u00f3.<\/p>\n\n\n\n<p>El especialista enfatiz\u00f3 la necesidad de abordar los riesgos actuales y futuros que el cambio clim\u00e1tico representa para la salud. Mencion\u00f3 que se realizan estudios, tanto retrospectivos como proyectivos, que evidencian su creciente impacto.<\/p>\n\n\n\n<p>&#8220;Las exposiciones relacionadas con el calor, la radiaci\u00f3n ultravioleta, enfermedades infecciosas, polenes, sustancias qu\u00edmicas, climas extremos y efectos en la salud mental est\u00e1n directamente relacionadas con el cambio clim\u00e1tico. Adem\u00e1s, interact\u00faan con factores de contaminaci\u00f3n y enfermedades transmitidas por vectores&#8221;, explic\u00f3.<\/p>\n\n\n\n<p>Destac\u00f3 que tanto en M\u00e9xico como a nivel internacional se est\u00e1n desarrollando nuevas pol\u00edticas en materia de cambio clim\u00e1tico que buscan incluir indicadores de salud y salud ambiental, con el objetivo de medir los avances en la protecci\u00f3n de la poblaci\u00f3n ante este fen\u00f3meno.<\/p>\n\n\n\n<p>El doctor Riojas asegur\u00f3 que el cambio clim\u00e1tico representa una preocupaci\u00f3n creciente: &#8220;Ya no es un problema del pasado; es una realidad del presente y una amenaza para el futuro. Est\u00e1 incidiendo de manera importante en el bienestar y la salud, especialmente en poblaciones vulnerables como los ni\u00f1os, mujeres embarazadas y adultos mayores&#8221;.<\/p>\n\n\n\n<p>Agreg\u00f3 que la academia y la sociedad deben unir esfuerzos. Desde la investigaci\u00f3n, mencion\u00f3 que se est\u00e1n generando e implementando nuevas rutas de acci\u00f3n y pol\u00edticas preventivas. Adem\u00e1s, invit\u00f3 a los j\u00f3venes presentes a participar en los programas de posgrado del Instituto Nacional de Salud P\u00fablica.<\/p>\n\n\n\n<p>Por su parte, la doctora Mishel Unar Murgu\u00eda subray\u00f3 la relaci\u00f3n entre alimentaci\u00f3n y degradaci\u00f3n ambiental. Se\u00f1al\u00f3 que la forma en que nos alimentamos se ha convertido en una de las principales amenazas tanto para la salud humana como para el planeta.<\/p>\n\n\n\n<p>&#8220;El sistema alimentario ha sido creado por el ser humano, pero no ha logrado resolver problemas como el hambre, la desnutrici\u00f3n ni la pobreza extrema. Al contrario, est\u00e1 generando una pandemia de obesidad y enfermedades cr\u00f3nicas, mientras contribuye al deterioro ambiental&#8221;, advirti\u00f3. Finalmente, hizo un llamado a los asistentes a tomar acci\u00f3n inmediata en favor del planeta.<\/p>\n\n\n\n<p class=\"has-text-align-right\"><em>Noelia Mart\u00ednez<\/em><\/p>\n\n\n<div class=\"pgc-sgb-cb wp-block-pgcsimplygalleryblock-justified \" data-gallery-id=\"38663745\"><div class=\"sgb-preloader\" id=\"pr_38663745\">\n\t<div class=\"sgb-square\" style=\"background:#d4d4d4\"><\/div>\n\t<div class=\"sgb-square\" style=\"background:#d4d4d4\"><\/div>\n\t<div class=\"sgb-square\" style=\"background:#d4d4d4\"><\/div>\n\t<div class=\"sgb-square\" style=\"background:#d4d4d4\"><\/div><\/div><div class=\"simply-gallery-amp pgc_sgb_slider \"><noscript><div class=\"sgb-gallery\"><\/div><\/noscript><\/div><script type=\"application\/json\" class=\"sgb-data\">{\"galleryType\":\"pgc_sgb_justified\",\"galleryId\":\"38663745\",\"images\":[{\"url\":\"https:\/\/wp.uaslp.mx\/noticias\/wp-content\/uploads\/sites\/5\/2025\/04\/WhatsApp-Image-2025-04-10-at-14.01.17.jpeg\",\"id\":18991,\"alt\":\"\"},{\"url\":\"https:\/\/wp.uaslp.mx\/noticias\/wp-content\/uploads\/sites\/5\/2025\/04\/WhatsApp-Image-2025-04-10-at-14.01.45.jpeg\",\"id\":18989,\"alt\":\"\"}],\"itemsMetaDataCollection\":[]}<\/script><script>(function(){if(window.PGC_SGB && window.PGC_SGB.searcher){window.PGC_SGB.searcher.initBlocks()}})()<\/script><\/div>","protected":false},"excerpt":{"rendered":"<p>El cambio clim\u00e1tico representa una amenaza creciente para la salud y el bienestar, especialmente entre&#8230;<\/p>\n","protected":false},"author":12,"featured_media":18990,"comment_status":"closed","ping_status":"closed","sticky":false,"template":"","format":"standard","meta":{"pgc_sgb_lightbox_settings":"","footnotes":""},"categories":[782],"tags":[],"class_list":["post-18988","post","type-post","status-publish","format-standard","has-post-thumbnail","hentry","category-uaslp"],"featured_image_urls":{"full":["https:\/\/wp.uaslp.mx\/noticias\/wp-content\/uploads\/sites\/5\/2025\/04\/WhatsApp-Image-2025-04-10-at-14.01.23.jpeg",1280,852,false],"thumbnail":["https:\/\/wp.uaslp.mx\/noticias\/wp-content\/uploads\/sites\/5\/2025\/04\/WhatsApp-Image-2025-04-10-at-14.01.23-150x150.jpeg",150,150,true],"medium":["https:\/\/wp.uaslp.mx\/noticias\/wp-content\/uploads\/sites\/5\/2025\/04\/WhatsApp-Image-2025-04-10-at-14.01.23-1024x682.jpeg",1024,682,true],"medium_large":["https:\/\/wp.uaslp.mx\/noticias\/wp-content\/uploads\/sites\/5\/2025\/04\/WhatsApp-Image-2025-04-10-at-14.01.23-768x511.jpeg",640,426,true],"large":["https:\/\/wp.uaslp.mx\/noticias\/wp-content\/uploads\/sites\/5\/2025\/04\/WhatsApp-Image-2025-04-10-at-14.01.23.jpeg",1280,852,false],"1536x1536":["https:\/\/wp.uaslp.mx\/noticias\/wp-content\/uploads\/sites\/5\/2025\/04\/WhatsApp-Image-2025-04-10-at-14.01.23.jpeg",1280,852,false],"2048x2048":["https:\/\/wp.uaslp.mx\/noticias\/wp-content\/uploads\/sites\/5\/2025\/04\/WhatsApp-Image-2025-04-10-at-14.01.23.jpeg",1280,852,false],"newsever-slider-full":["https:\/\/wp.uaslp.mx\/noticias\/wp-content\/uploads\/sites\/5\/2025\/04\/WhatsApp-Image-2025-04-10-at-14.01.23-1280x845.jpeg",1280,845,true],"newsever-featured":["https:\/\/wp.uaslp.mx\/noticias\/wp-content\/uploads\/sites\/5\/2025\/04\/WhatsApp-Image-2025-04-10-at-14.01.23-1024x682.jpeg",1024,682,true],"newsever-medium":["https:\/\/wp.uaslp.mx\/noticias\/wp-content\/uploads\/sites\/5\/2025\/04\/WhatsApp-Image-2025-04-10-at-14.01.23-720x475.jpeg",720,475,true],"mailpoet_newsletter_max":["https:\/\/wp.uaslp.mx\/noticias\/wp-content\/uploads\/sites\/5\/2025\/04\/WhatsApp-Image-2025-04-10-at-14.01.23.jpeg",1280,852,false]},"author_info":{"display_name":"Prensa y difusi\u00f3n","author_link":"https:\/\/wp.uaslp.mx\/noticias\/author\/giovannamorales\/"},"category_info":"<a href=\"https:\/\/wp.uaslp.mx\/noticias\/category\/uaslp\/\" rel=\"category tag\">UASLP<\/a>","tag_info":"UASLP","comment_count":"0","_links":{"self":[{"href":"https:\/\/wp.uaslp.mx\/noticias\/wp-json\/wp\/v2\/posts\/18988","targetHints":{"allow":["GET"]}}],"collection":[{"href":"https:\/\/wp.uaslp.mx\/noticias\/wp-json\/wp\/v2\/posts"}],"about":[{"href":"https:\/\/wp.uaslp.mx\/noticias\/wp-json\/wp\/v2\/types\/post"}],"author":[{"embeddable":true,"href":"https:\/\/wp.uaslp.mx\/noticias\/wp-json\/wp\/v2\/users\/12"}],"replies":[{"embeddable":true,"href":"https:\/\/wp.uaslp.mx\/noticias\/wp-json\/wp\/v2\/comments?post=18988"}],"version-history":[{"count":2,"href":"https:\/\/wp.uaslp.mx\/noticias\/wp-json\/wp\/v2\/posts\/18988\/revisions"}],"predecessor-version":[{"id":18994,"href":"https:\/\/wp.uaslp.mx\/noticias\/wp-json\/wp\/v2\/posts\/18988\/revisions\/18994"}],"wp:featuredmedia":[{"embeddable":true,"href":"https:\/\/wp.uaslp.mx\/noticias\/wp-json\/wp\/v2\/media\/18990"}],"wp:attachment":[{"href":"https:\/\/wp.uaslp.mx\/noticias\/wp-json\/wp\/v2\/media?parent=18988"}],"wp:term":[{"taxonomy":"category","embeddable":true,"href":"https:\/\/wp.uaslp.mx\/noticias\/wp-json\/wp\/v2\/categories?post=18988"},{"taxonomy":"post_tag","embeddable":true,"href":"https:\/\/wp.uaslp.mx\/noticias\/wp-json\/wp\/v2\/tags?post=18988"}],"curies":[{"name":"wp","href":"https:\/\/api.w.org\/{rel}","templated":true}]}}