{"id":18618,"date":"2025-03-24T12:00:30","date_gmt":"2025-03-24T18:00:30","guid":{"rendered":"https:\/\/wp.uaslp.mx\/noticias\/?p=18618"},"modified":"2025-03-24T12:00:32","modified_gmt":"2025-03-24T18:00:32","slug":"reflexion-politica-y-literatura-en-la-49-feria-nacional-del-libro-de-la-uaslp","status":"publish","type":"post","link":"https:\/\/wp.uaslp.mx\/noticias\/arteycultura\/reflexion-politica-y-literatura-en-la-49-feria-nacional-del-libro-de-la-uaslp\/","title":{"rendered":"Reflexi\u00f3n pol\u00edtica y literatura en la 49 Feria Nacional del Libro de la UASLP"},"content":{"rendered":"\n<p>La <a href=\"https:\/\/www.facebook.com\/ferialibrouaslp\">Feria Nacional del Libro <\/a>(FNL) de la Universidad Aut\u00f3noma de San Luis Potos\u00ed (UASLP) celebra su edici\u00f3n n\u00famero 49, del 28 de marzo al 6 de abril de 2025 en el Centro Cultural Universitario Bicentenario (CC200), con un programa diverso que incluye presentaciones de libros y charlas sobre pol\u00edtica nacional e internacional, como un espacio abierto para el an\u00e1lisis y la reflexi\u00f3n sobre diversos temas de inter\u00e9s p\u00fablico.<\/p>\n\n\n\n<p>El evento ofrece m\u00faltiples actividades como talleres y presentaciones de libros que permitir\u00e1n a los asistentes conocer diferentes perspectivas sobre el quehacer pol\u00edtico y contar\u00e1 con la participaci\u00f3n de autores y expertos que analizar\u00e1n el panorama pol\u00edtico desde distintas aristas, para impulsar el di\u00e1logo y la participaci\u00f3n ciudadana.<\/p>\n\n\n\n<p>El s\u00e1bado 5 de abril, a las 19:00 horas, los visitantes podr\u00e1n escuchar a la periodista Yuriria Sierra en una charla sobre su libro &#8220;Presidenta: M\u00e1s de 100 mujeres te escriben&#8221;, para el que seleccion\u00f3 a 112 mexicanas destacadas a quienes cuestion\u00f3 sobre las expectativas que cada una tiene sobre la primera mandataria del pa\u00eds. Este evento contar\u00e1, adem\u00e1s, con la presencia de la comunicadora potosina Erika Salgado.<\/p>\n\n\n\n<p>Tambi\u00e9n se presentar\u00e1 &#8220;Antolog\u00eda de Plan de Ayala, Origen y formulaci\u00f3n, el mito y la realidad&#8221;, del autor Carlos F. Lav\u00edn Figueroa, con comentarios de Mar\u00eda Gabriela Torres Montero, el martes 1 de abril a las 18:00 horas. El libro que est\u00e1 basado en documentos de testigos, consultas de viejos archivos familiares y testimonios relacionados con la autor\u00eda del manifiesto de la Revoluci\u00f3n Mexicana y en el que se descubren hechos que hab\u00edan estado ocultos.<\/p>\n\n\n\n<p>Por su parte, C\u00e9sar Hern\u00e1ndez Mier, X\u00f3chithl Guadalupe Rangel Romero, Carla Monroy Ojeda y Edith Arg\u00fcelles Barrientos, brindar\u00e1n aportaciones desde sus diferentes perspectivas para construir una discusi\u00f3n cr\u00edtica sobre este fen\u00f3meno en la presentaci\u00f3n de &#8220;Crimen organizado, visiones de una problem\u00e1tica&#8221;, el mi\u00e9rcoles 2 de abril a las 13:00 horas.<\/p>\n\n\n\n<p>El jueves 3 de abril, a las 19:00 horas, Jes\u00fas Aguilar Flores dar\u00e1 a conocer detalles de &#8220;La constituci\u00f3n desconocida: Teor\u00eda y pr\u00e1ctica de todo lo que siempre quisiste saber sobre tu constituci\u00f3n (pero no te atreviste a preguntar)&#8221;, del autor Juan Jes\u00fas Garza Onofre, publicaci\u00f3n que pone sobre la mesa algunas cuestiones sobre la Carta Magna de M\u00e9xico, entre ellas, que es la sexta m\u00e1s extensa a nivel mundial, que lleva m\u00e1s de 700 reformas desde su promulgaci\u00f3n y que fue la primera en reconocer los derechos sociales.<\/p>\n\n\n\n<p>La programaci\u00f3n completa est\u00e1 disponible en el sitio web oficial <a href=\"https:\/\/feriadelibro.uaslp.mx\/\">feriadelibro.uaslp.mx<\/a>, as\u00ed como en las redes sociales Feria Nacional del Libro UASLP.<\/p>\n\n\n\n<p class=\"has-text-align-right\"><em>Hugo Laussin<\/em><\/p>\n\n\n<div class=\"pgc-sgb-cb wp-block-pgcsimplygalleryblock-slider \" data-gallery-id=\"9b421106\"style=&quot;min-height:400px&quot;><div class=\"sgb-preloader\" id=\"pr_9b421106\">\n\t<div class=\"sgb-square\" style=\"background:#d4d4d4\"><\/div>\n\t<div class=\"sgb-square\" style=\"background:#d4d4d4\"><\/div>\n\t<div class=\"sgb-square\" style=\"background:#d4d4d4\"><\/div>\n\t<div class=\"sgb-square\" style=\"background:#d4d4d4\"><\/div><\/div><div class=\"simply-gallery-amp pgc_sgb_slider \"><noscript><div class=\"sgb-gallery\"><div class=\"sgb-item\"><a href=\"https:\/\/wp.uaslp.mx\/noticias\/?attachment_id=18620\" target=\"_blank\"><img decoding=\"async\" alt=\"\" width=\"1024\" height=\"1024\" loading=\"lazy\" src=\"https:\/\/wp.uaslp.mx\/noticias\/wp-content\/uploads\/sites\/5\/2025\/03\/WhatsApp-Image-2025-03-24-at-11.47.48-1024x1024.jpeg\" srcset=\"https:\/\/wp.uaslp.mx\/noticias\/wp-content\/uploads\/sites\/5\/2025\/03\/WhatsApp-Image-2025-03-24-at-11.47.48-1024x1024.jpeg 1024w,https:\/\/wp.uaslp.mx\/noticias\/wp-content\/uploads\/sites\/5\/2025\/03\/WhatsApp-Image-2025-03-24-at-11.47.48.jpeg 1600w\" sizes=\"auto, 250px\"\/><\/a><\/div><div class=\"sgb-item\"><a href=\"https:\/\/wp.uaslp.mx\/noticias\/?attachment_id=18621\" target=\"_blank\"><img decoding=\"async\" alt=\"\" width=\"1024\" height=\"683\" loading=\"lazy\" src=\"https:\/\/wp.uaslp.mx\/noticias\/wp-content\/uploads\/sites\/5\/2025\/03\/WhatsApp-Image-2025-03-24-at-11.47.45-1-1024x683.jpeg\" srcset=\"https:\/\/wp.uaslp.mx\/noticias\/wp-content\/uploads\/sites\/5\/2025\/03\/WhatsApp-Image-2025-03-24-at-11.47.45-1-1024x683.jpeg 1024w,https:\/\/wp.uaslp.mx\/noticias\/wp-content\/uploads\/sites\/5\/2025\/03\/WhatsApp-Image-2025-03-24-at-11.47.45-1.jpeg 1600w\" sizes=\"auto, 250px\"\/><\/a><\/div><\/div><\/noscript><\/div><script type=\"application\/json\" class=\"sgb-data\">{\"sliderAdminWidth\":740,\"galleryType\":\"pgc_sgb_slider\",\"galleryId\":\"9b421106\",\"images\":[{\"id\":18620,\"title\":\"WhatsApp Image 2025-03-24 at 11.47.48\",\"url\":\"https:\/\/wp.uaslp.mx\/noticias\/wp-content\/uploads\/sites\/5\/2025\/03\/WhatsApp-Image-2025-03-24-at-11.47.48.jpeg\",\"link\":\"https:\/\/wp.uaslp.mx\/noticias\/?attachment_id=18620\",\"alt\":\"\",\"description\":\"\",\"caption\":\"\",\"mime\":\"image\/jpeg\",\"type\":\"image\",\"width\":1600,\"height\":1600,\"sizes\":{\"thumbnail\":{\"height\":150,\"width\":150,\"url\":\"https:\/\/wp.uaslp.mx\/noticias\/wp-content\/uploads\/sites\/5\/2025\/03\/WhatsApp-Image-2025-03-24-at-11.47.48-150x150.jpeg\",\"orientation\":\"landscape\"},\"medium\":{\"height\":1024,\"width\":1024,\"url\":\"https:\/\/wp.uaslp.mx\/noticias\/wp-content\/uploads\/sites\/5\/2025\/03\/WhatsApp-Image-2025-03-24-at-11.47.48-1024x1024.jpeg\",\"orientation\":\"landscape\"},\"full\":{\"url\":\"https:\/\/wp.uaslp.mx\/noticias\/wp-content\/uploads\/sites\/5\/2025\/03\/WhatsApp-Image-2025-03-24-at-11.47.48.jpeg\",\"height\":1600,\"width\":1600,\"orientation\":\"landscape\"}},\"imageMeta\":{\"aperture\":\"0\",\"credit\":\"\",\"camera\":\"\",\"caption\":\"\",\"created_timestamp\":\"0\",\"copyright\":\"\",\"focal_length\":\"0\",\"iso\":\"0\",\"shutter_speed\":\"0\",\"title\":\"\",\"orientation\":\"0\",\"keywords\":[]},\"meta\":false,\"postlink\":\"https:\/\/wp.uaslp.mx\/noticias\/?attachment_id=18620\"},{\"id\":18621,\"title\":\"WhatsApp Image 2025-03-24 at 11.47.45 (1)\",\"url\":\"https:\/\/wp.uaslp.mx\/noticias\/wp-content\/uploads\/sites\/5\/2025\/03\/WhatsApp-Image-2025-03-24-at-11.47.45-1.jpeg\",\"link\":\"https:\/\/wp.uaslp.mx\/noticias\/?attachment_id=18621\",\"alt\":\"\",\"description\":\"\",\"caption\":\"\",\"mime\":\"image\/jpeg\",\"type\":\"image\",\"width\":1600,\"height\":1067,\"sizes\":{\"thumbnail\":{\"height\":150,\"width\":150,\"url\":\"https:\/\/wp.uaslp.mx\/noticias\/wp-content\/uploads\/sites\/5\/2025\/03\/WhatsApp-Image-2025-03-24-at-11.47.45-1-150x150.jpeg\",\"orientation\":\"landscape\"},\"medium\":{\"height\":683,\"width\":1024,\"url\":\"https:\/\/wp.uaslp.mx\/noticias\/wp-content\/uploads\/sites\/5\/2025\/03\/WhatsApp-Image-2025-03-24-at-11.47.45-1-1024x683.jpeg\",\"orientation\":\"landscape\"},\"full\":{\"url\":\"https:\/\/wp.uaslp.mx\/noticias\/wp-content\/uploads\/sites\/5\/2025\/03\/WhatsApp-Image-2025-03-24-at-11.47.45-1.jpeg\",\"height\":1067,\"width\":1600,\"orientation\":\"landscape\"}},\"imageMeta\":{\"aperture\":\"0\",\"credit\":\"\",\"camera\":\"\",\"caption\":\"\",\"created_timestamp\":\"0\",\"copyright\":\"\",\"focal_length\":\"0\",\"iso\":\"0\",\"shutter_speed\":\"0\",\"title\":\"\",\"orientation\":\"0\",\"keywords\":[]},\"meta\":false,\"postlink\":\"https:\/\/wp.uaslp.mx\/noticias\/?attachment_id=18621\"}],\"itemsMetaDataCollection\":[]}<\/script><script>(function(){if(window.PGC_SGB && window.PGC_SGB.searcher){window.PGC_SGB.searcher.initBlocks()}})()<\/script><\/div>","protected":false},"excerpt":{"rendered":"<p>La Feria Nacional del Libro (FNL) de la Universidad Aut\u00f3noma de San Luis Potos\u00ed (UASLP)&#8230;<\/p>\n","protected":false},"author":12,"featured_media":18619,"comment_status":"closed","ping_status":"closed","sticky":false,"template":"","format":"standard","meta":{"pgc_sgb_lightbox_settings":"","footnotes":""},"categories":[3],"tags":[2798,2751],"class_list":["post-18618","post","type-post","status-publish","format-standard","has-post-thumbnail","hentry","category-arteycultura","tag-dialogoyreflexion","tag-feriadellibrouaslp"],"featured_image_urls":{"full":["https:\/\/wp.uaslp.mx\/noticias\/wp-content\/uploads\/sites\/5\/2025\/03\/WhatsApp-Image-2025-03-24-at-11.47.45.jpeg",1600,1067,false],"thumbnail":["https:\/\/wp.uaslp.mx\/noticias\/wp-content\/uploads\/sites\/5\/2025\/03\/WhatsApp-Image-2025-03-24-at-11.47.45-150x150.jpeg",150,150,true],"medium":["https:\/\/wp.uaslp.mx\/noticias\/wp-content\/uploads\/sites\/5\/2025\/03\/WhatsApp-Image-2025-03-24-at-11.47.45-1024x683.jpeg",1024,683,true],"medium_large":["https:\/\/wp.uaslp.mx\/noticias\/wp-content\/uploads\/sites\/5\/2025\/03\/WhatsApp-Image-2025-03-24-at-11.47.45-768x512.jpeg",640,427,true],"large":["https:\/\/wp.uaslp.mx\/noticias\/wp-content\/uploads\/sites\/5\/2025\/03\/WhatsApp-Image-2025-03-24-at-11.47.45.jpeg",1600,1067,false],"1536x1536":["https:\/\/wp.uaslp.mx\/noticias\/wp-content\/uploads\/sites\/5\/2025\/03\/WhatsApp-Image-2025-03-24-at-11.47.45-1536x1024.jpeg",1536,1024,true],"2048x2048":["https:\/\/wp.uaslp.mx\/noticias\/wp-content\/uploads\/sites\/5\/2025\/03\/WhatsApp-Image-2025-03-24-at-11.47.45.jpeg",1600,1067,false],"newsever-slider-full":["https:\/\/wp.uaslp.mx\/noticias\/wp-content\/uploads\/sites\/5\/2025\/03\/WhatsApp-Image-2025-03-24-at-11.47.45-1280x845.jpeg",1280,845,true],"newsever-featured":["https:\/\/wp.uaslp.mx\/noticias\/wp-content\/uploads\/sites\/5\/2025\/03\/WhatsApp-Image-2025-03-24-at-11.47.45-1024x683.jpeg",1024,683,true],"newsever-medium":["https:\/\/wp.uaslp.mx\/noticias\/wp-content\/uploads\/sites\/5\/2025\/03\/WhatsApp-Image-2025-03-24-at-11.47.45-720x475.jpeg",720,475,true],"mailpoet_newsletter_max":["https:\/\/wp.uaslp.mx\/noticias\/wp-content\/uploads\/sites\/5\/2025\/03\/WhatsApp-Image-2025-03-24-at-11.47.45-1320x880.jpeg",1320,880,true]},"author_info":{"display_name":"Prensa y difusi\u00f3n","author_link":"https:\/\/wp.uaslp.mx\/noticias\/author\/giovannamorales\/"},"category_info":"<a href=\"https:\/\/wp.uaslp.mx\/noticias\/category\/arteycultura\/\" rel=\"category tag\">Arte y cultura<\/a>","tag_info":"Arte y cultura","comment_count":"0","_links":{"self":[{"href":"https:\/\/wp.uaslp.mx\/noticias\/wp-json\/wp\/v2\/posts\/18618","targetHints":{"allow":["GET"]}}],"collection":[{"href":"https:\/\/wp.uaslp.mx\/noticias\/wp-json\/wp\/v2\/posts"}],"about":[{"href":"https:\/\/wp.uaslp.mx\/noticias\/wp-json\/wp\/v2\/types\/post"}],"author":[{"embeddable":true,"href":"https:\/\/wp.uaslp.mx\/noticias\/wp-json\/wp\/v2\/users\/12"}],"replies":[{"embeddable":true,"href":"https:\/\/wp.uaslp.mx\/noticias\/wp-json\/wp\/v2\/comments?post=18618"}],"version-history":[{"count":1,"href":"https:\/\/wp.uaslp.mx\/noticias\/wp-json\/wp\/v2\/posts\/18618\/revisions"}],"predecessor-version":[{"id":18622,"href":"https:\/\/wp.uaslp.mx\/noticias\/wp-json\/wp\/v2\/posts\/18618\/revisions\/18622"}],"wp:featuredmedia":[{"embeddable":true,"href":"https:\/\/wp.uaslp.mx\/noticias\/wp-json\/wp\/v2\/media\/18619"}],"wp:attachment":[{"href":"https:\/\/wp.uaslp.mx\/noticias\/wp-json\/wp\/v2\/media?parent=18618"}],"wp:term":[{"taxonomy":"category","embeddable":true,"href":"https:\/\/wp.uaslp.mx\/noticias\/wp-json\/wp\/v2\/categories?post=18618"},{"taxonomy":"post_tag","embeddable":true,"href":"https:\/\/wp.uaslp.mx\/noticias\/wp-json\/wp\/v2\/tags?post=18618"}],"curies":[{"name":"wp","href":"https:\/\/api.w.org\/{rel}","templated":true}]}}