{"id":18599,"date":"2025-03-20T13:42:31","date_gmt":"2025-03-20T19:42:31","guid":{"rendered":"https:\/\/wp.uaslp.mx\/noticias\/?p=18599"},"modified":"2025-03-20T13:42:32","modified_gmt":"2025-03-20T19:42:32","slug":"ante-alza-de-sarampion-experto-de-la-uaslp-recomienda-reforzar-vacunacion-y-evitar-automedicacion","status":"publish","type":"post","link":"https:\/\/wp.uaslp.mx\/noticias\/investigacion\/ante-alza-de-sarampion-experto-de-la-uaslp-recomienda-reforzar-vacunacion-y-evitar-automedicacion\/","title":{"rendered":"Ante alza de sarampi\u00f3n, experto de la UASLP recomienda reforzar vacunaci\u00f3n y evitar automedicaci\u00f3n"},"content":{"rendered":"\n<p>El incremento de casos de sarampi\u00f3n ha generado una alerta epidemiol\u00f3gica en M\u00e9xico, se\u00f1al\u00f3 el doctor Andreu Comas Garc\u00eda, catedr\u00e1tico e investigador de la <a href=\"https:\/\/www.medicina.uaslp.mx\/#gsc.tab=0\">Facultad de Medicina de la Universidad Aut\u00f3noma de San Luis Potos\u00ed <\/a>(UASLP), quien indic\u00f3 que esta situaci\u00f3n no es exclusiva del pa\u00eds, sino que tambi\u00e9n afecta a Estados Unidos, Canad\u00e1 y Europa, pues en dicho continente se ha registrado el mayor n\u00famero de personas afectadas en los \u00faltimos 25 a\u00f1os.<\/p>\n\n\n\n<p>El cient\u00edfico se\u00f1al\u00f3 que la baja en los \u00edndices de vacunaci\u00f3n es el principal factor que ha propiciado este aumento; sin embargo, los motivos var\u00edan seg\u00fan la regi\u00f3n. En Europa y Norteam\u00e9rica, los movimientos antivacunas y ciertas pol\u00edticas de salud han afectado la inmunizaci\u00f3n; mientras que, en M\u00e9xico, el descenso se ha dado de forma paulatina desde 2015 y 2016, agravado por la pandemia de COVID-19. En el estado de Chihuahua, por ejemplo, el brote de la enfermedad est\u00e1 relacionado con la comunidad menonita, que por razones religiosas no se vacuna.<\/p>\n\n\n\n<p>Frente a este escenario, Comas Garc\u00eda consider\u00f3 que es una buena medida que el gobierno federal reanude de las Semanas Nacionales de Vacunaci\u00f3n, mediante campa\u00f1as intensivas para facilitar el acceso a las dosis a la ciudadan\u00eda. En la actualidad, el esquema de vacunaci\u00f3n en M\u00e9xico indica que los ni\u00f1os deben recibir la primera aplicaci\u00f3n al cumplir un a\u00f1o y la segunda a los 18 meses. Asimismo, aquellos que est\u00e9n pr\u00f3ximos a cumplir seis a\u00f1os deben recibir una dosis m\u00e1s. Tambi\u00e9n se aconseja una aplicaci\u00f3n adicional para empleados y estudiantes del sector salud de entre 20 y 39 a\u00f1os, se\u00f1al\u00f3.<\/p>\n\n\n\n<p>Advirti\u00f3 que el sarampi\u00f3n es una enfermedad altamente contagiosa transmitida por v\u00eda respiratoria, ya que un solo caso puede infectar a entre 14 y 16 personas en comunidades sin inmunizaci\u00f3n. Entre las complicaciones m\u00e1s graves se encuentran la neumon\u00eda, la encefalitis y el riesgo elevado en mujeres embarazadas y advirti\u00f3 que el grupo de edad m\u00e1s afectado ha cambiado recientemente, con un incremento de casos en ni\u00f1os de 5 a 9 a\u00f1os, seguido por los de 1 a 4 a\u00f1os.<\/p>\n\n\n\n<p>Destac\u00f3 que las autoridades sanitarias recomiendan a la poblaci\u00f3n completar sus esquemas de vacunaci\u00f3n y evitar la automedicaci\u00f3n; en caso de presentar s\u00edntomas como fiebre, erupciones cut\u00e1neas, ojos rojos y otros de tipo respiratorio, se debe acudir a una revisi\u00f3n m\u00e9dica. Tambi\u00e9n se exhorta a las escuelas a no aceptar estudiantes sin cartilla de vacunaci\u00f3n completa y a los padres a buscar atenci\u00f3n m\u00e9dica ante cualquier signo de alarma.<\/p>\n\n\n\n<p>Finalmente, el doctor Comas Garc\u00eda resalt\u00f3 que M\u00e9xico ha estado cerca de eliminar el sarampi\u00f3n desde la d\u00e9cada de 1990 sin casos aut\u00f3ctonos confirmados. Sin embargo, los brotes recientes, como el de Chihuahua, muestran que los casos importados a\u00fan representan un riesgo debido a la movilidad global, por lo que recomend\u00f3 a los viajeros verificar su esquema antes de salir del pa\u00eds, especialmente si visitan regiones con alta incidencia de la enfermedad.<\/p>\n\n\n\n<p class=\"has-text-align-right\"><em>Hugo Laussin<\/em><\/p>\n\n\n\n<p><\/p>\n","protected":false},"excerpt":{"rendered":"<p>El incremento de casos de sarampi\u00f3n ha generado una alerta epidemiol\u00f3gica en M\u00e9xico, se\u00f1al\u00f3 el&#8230;<\/p>\n","protected":false},"author":12,"featured_media":18600,"comment_status":"closed","ping_status":"closed","sticky":false,"template":"","format":"standard","meta":{"pgc_sgb_lightbox_settings":"","footnotes":""},"categories":[10],"tags":[2789,2790],"class_list":["post-18599","post","type-post","status-publish","format-standard","has-post-thumbnail","hentry","category-investigacion","tag-alertasarampion","tag-vacunarseesprevenir"],"featured_image_urls":{"full":["https:\/\/wp.uaslp.mx\/noticias\/wp-content\/uploads\/sites\/5\/2025\/03\/WhatsApp-Image-2025-03-20-at-13.25.02.jpeg",1600,1066,false],"thumbnail":["https:\/\/wp.uaslp.mx\/noticias\/wp-content\/uploads\/sites\/5\/2025\/03\/WhatsApp-Image-2025-03-20-at-13.25.02-150x150.jpeg",150,150,true],"medium":["https:\/\/wp.uaslp.mx\/noticias\/wp-content\/uploads\/sites\/5\/2025\/03\/WhatsApp-Image-2025-03-20-at-13.25.02-1024x682.jpeg",1024,682,true],"medium_large":["https:\/\/wp.uaslp.mx\/noticias\/wp-content\/uploads\/sites\/5\/2025\/03\/WhatsApp-Image-2025-03-20-at-13.25.02-768x512.jpeg",640,427,true],"large":["https:\/\/wp.uaslp.mx\/noticias\/wp-content\/uploads\/sites\/5\/2025\/03\/WhatsApp-Image-2025-03-20-at-13.25.02.jpeg",1600,1066,false],"1536x1536":["https:\/\/wp.uaslp.mx\/noticias\/wp-content\/uploads\/sites\/5\/2025\/03\/WhatsApp-Image-2025-03-20-at-13.25.02-1536x1023.jpeg",1536,1023,true],"2048x2048":["https:\/\/wp.uaslp.mx\/noticias\/wp-content\/uploads\/sites\/5\/2025\/03\/WhatsApp-Image-2025-03-20-at-13.25.02.jpeg",1600,1066,false],"newsever-slider-full":["https:\/\/wp.uaslp.mx\/noticias\/wp-content\/uploads\/sites\/5\/2025\/03\/WhatsApp-Image-2025-03-20-at-13.25.02-1280x845.jpeg",1280,845,true],"newsever-featured":["https:\/\/wp.uaslp.mx\/noticias\/wp-content\/uploads\/sites\/5\/2025\/03\/WhatsApp-Image-2025-03-20-at-13.25.02-1024x682.jpeg",1024,682,true],"newsever-medium":["https:\/\/wp.uaslp.mx\/noticias\/wp-content\/uploads\/sites\/5\/2025\/03\/WhatsApp-Image-2025-03-20-at-13.25.02-720x475.jpeg",720,475,true],"mailpoet_newsletter_max":["https:\/\/wp.uaslp.mx\/noticias\/wp-content\/uploads\/sites\/5\/2025\/03\/WhatsApp-Image-2025-03-20-at-13.25.02-1320x879.jpeg",1320,879,true]},"author_info":{"display_name":"Prensa y difusi\u00f3n","author_link":"https:\/\/wp.uaslp.mx\/noticias\/author\/giovannamorales\/"},"category_info":"<a href=\"https:\/\/wp.uaslp.mx\/noticias\/category\/investigacion\/\" rel=\"category tag\">Investigaci\u00f3n<\/a>","tag_info":"Investigaci\u00f3n","comment_count":"0","_links":{"self":[{"href":"https:\/\/wp.uaslp.mx\/noticias\/wp-json\/wp\/v2\/posts\/18599","targetHints":{"allow":["GET"]}}],"collection":[{"href":"https:\/\/wp.uaslp.mx\/noticias\/wp-json\/wp\/v2\/posts"}],"about":[{"href":"https:\/\/wp.uaslp.mx\/noticias\/wp-json\/wp\/v2\/types\/post"}],"author":[{"embeddable":true,"href":"https:\/\/wp.uaslp.mx\/noticias\/wp-json\/wp\/v2\/users\/12"}],"replies":[{"embeddable":true,"href":"https:\/\/wp.uaslp.mx\/noticias\/wp-json\/wp\/v2\/comments?post=18599"}],"version-history":[{"count":1,"href":"https:\/\/wp.uaslp.mx\/noticias\/wp-json\/wp\/v2\/posts\/18599\/revisions"}],"predecessor-version":[{"id":18601,"href":"https:\/\/wp.uaslp.mx\/noticias\/wp-json\/wp\/v2\/posts\/18599\/revisions\/18601"}],"wp:featuredmedia":[{"embeddable":true,"href":"https:\/\/wp.uaslp.mx\/noticias\/wp-json\/wp\/v2\/media\/18600"}],"wp:attachment":[{"href":"https:\/\/wp.uaslp.mx\/noticias\/wp-json\/wp\/v2\/media?parent=18599"}],"wp:term":[{"taxonomy":"category","embeddable":true,"href":"https:\/\/wp.uaslp.mx\/noticias\/wp-json\/wp\/v2\/categories?post=18599"},{"taxonomy":"post_tag","embeddable":true,"href":"https:\/\/wp.uaslp.mx\/noticias\/wp-json\/wp\/v2\/tags?post=18599"}],"curies":[{"name":"wp","href":"https:\/\/api.w.org\/{rel}","templated":true}]}}