{"id":18414,"date":"2025-03-04T13:43:54","date_gmt":"2025-03-04T19:43:54","guid":{"rendered":"https:\/\/wp.uaslp.mx\/noticias\/?p=18414"},"modified":"2025-03-04T14:33:00","modified_gmt":"2025-03-04T20:33:00","slug":"centro-universitario-de-las-artes-se-une-a-la-conmemoracion-del-dia-internacional-de-la-mujer","status":"publish","type":"post","link":"https:\/\/wp.uaslp.mx\/noticias\/arteycultura\/centro-universitario-de-las-artes-se-une-a-la-conmemoracion-del-dia-internacional-de-la-mujer\/","title":{"rendered":"Centro Universitario de las Artes se une a la conmemoraci\u00f3n del D\u00eda Internacional de la Mujer"},"content":{"rendered":"\n<p>En el marco de la conmemoraci\u00f3n del D\u00eda Internacional de la Mujer, el <a href=\"https:\/\/www.facebook.com\/Cuart.UasIp\/?locale=es_LA\">Centro Universitario de las Artes <\/a>(CUART), adscrito a la Secretar\u00eda de Difusi\u00f3n Cultural de la Universidad Aut\u00f3noma de San Luis Potos\u00ed (UASLP), lanz\u00f3 la convocatoria a la comunidad estudiantil y docente a participar en dos actividades: Lectura con meg\u00e1fono por mujeres universitarias y Mural m\u00f3vil \u201cJuntas creamos\u201d.<\/p>\n\n\n\n<p>La coordinadora del Centro Universitario de las Artes, arquitecta Sonia Alonso, y la docente licenciada Laura Rojas Del Toro, destacaron la importancia de la conmemoraci\u00f3n del 8 de marzo como una fecha importante para la comunidad universitaria, por lo que decidieron sumarse a trav\u00e9s de actividades art\u00edsticas.<\/p>\n\n\n\n<p>El primer evento es la Lectura con meg\u00e1fono por mujeres universitarias, que se llevar\u00e1 a cabo el jueves 6 de marzo en la Plaza del Estudiante, en la zona universitaria poniente, de 9:00 a 12:00 horas, el cual est\u00e1 dirigido a alumnas, docentes y personal administrativo interesadas en visibilizar la literatura escrita por mujeres, y su lucha por la difusi\u00f3n y publicaci\u00f3n de sus obras. \u201cEs otra manera de fomentar el h\u00e1bito de la lectura. Se puede compartir obra propia o textos de otras autoras\u201d, se\u00f1al\u00f3 la licenciada Laura Rojas<\/p>\n\n\n\n<p>Las interesadas pueden consultar la convocatoria en el sitio https:\/<a href=\"https:\/\/forms.office.com\/pages\/responsepage.aspx?id=WBZoYC0PTkqq8W_V8tujP8mWC40jB0BGqxkERFliFmRUMTEzVlk5NlRSUTlCS0c3MlBNSUlJUjExRy4u&amp;origin=lprLink&amp;route=shorturl\">\/u.uaslp.mx\/lecturaconmegafono8M<\/a>. Los textos a leer pueden ser de autor\u00eda propia, de escritoras reconocidas o algunos sugeridos en la invitaci\u00f3n, con tem\u00e1ticas relacionadas con la lucha del 8M.<\/p>\n\n\n\n<p>Por su parte, la arquitecta Sonia Alonso resalt\u00f3 que esta iniciativa busca motivar a las mujeres universitarias a hacer escuchar su voz en un espacio art\u00edstico, seguro y libre de violencia, donde contar\u00e1n con el acompa\u00f1amiento del personal de la Defensor\u00eda de los Derechos Universitarios. El registro para participar en la Lectura con meg\u00e1fono cierra el mi\u00e9rcoles 5 de marzo.<\/p>\n\n\n\n<p>En cuanto al mural m\u00f3vil \u201cJuntas creamos\u201d, la licenciada Laura Rojas explic\u00f3 que se encuentra en una estructura met\u00e1lica m\u00f3vil, ubicada en la Plaza del Estudiante, dentro de los espacios del CUART. Su instalaci\u00f3n comenz\u00f3 el lunes 3 de marzo y concluir\u00e1 con la recopilaci\u00f3n de expresiones el pr\u00f3ximo viernes 7; estar\u00e1 disponible en horario de 8:00 a 20:00 horas.<\/p>\n\n\n\n<p>En esta actividad, las participantes podr\u00e1n plasmar un autorretrato o la imagen de una mujer que las inspire, ya sea una figura hist\u00f3rica o alguien de su vida cotidiana. Dentro del dibujo, se incluir\u00e1 el nombre de la persona retratada, mientras que en los marcos que lo rodean se escribir\u00e1n frases que promuevan la uni\u00f3n, la sororidad y la fuerza entre mujeres. Estas pueden ser citas de figuras c\u00e9lebres, palabras inspiradoras o mensajes que reflejen la importancia de la solidaridad y el apoyo mutuo.<\/p>\n\n\n\n<p>Finalmente, cabe mencionar que el Centro Universitario de las Artes ofrece servicio a estudiantes de licenciatura y posgrado. Cada semestre, lanza convocatorias para que las y los estudiantes puedan complementar su formaci\u00f3n acad\u00e9mica explorando sus capacidades y habilidades art\u00edsticas.<\/p>\n\n\n\n<p class=\"has-text-align-right\"><em>Noelia Mart\u00ednez<\/em><\/p>\n\n\n<div class=\"pgc-sgb-cb wp-block-pgcsimplygalleryblock-slider \" data-gallery-id=\"eaa41617\"style=&quot;min-height:400px&quot;><div class=\"sgb-preloader\" id=\"pr_eaa41617\">\n\t<div class=\"sgb-square\" style=\"background:#d4d4d4\"><\/div>\n\t<div class=\"sgb-square\" style=\"background:#d4d4d4\"><\/div>\n\t<div class=\"sgb-square\" style=\"background:#d4d4d4\"><\/div>\n\t<div class=\"sgb-square\" style=\"background:#d4d4d4\"><\/div><\/div><div class=\"simply-gallery-amp pgc_sgb_slider \"><noscript><div class=\"sgb-gallery\"><div class=\"sgb-item\"><a href=\"https:\/\/wp.uaslp.mx\/noticias\/wp-content\/uploads\/sites\/5\/2025\/03\/WhatsApp-Image-2025-03-04-at-13.33.07.jpeg\"><img decoding=\"async\" alt=\"\" width=\"1024\" height=\"1024\" loading=\"lazy\" src=\"https:\/\/wp.uaslp.mx\/noticias\/wp-content\/uploads\/sites\/5\/2025\/03\/WhatsApp-Image-2025-03-04-at-13.33.07-1024x1024.jpeg\" srcset=\"https:\/\/wp.uaslp.mx\/noticias\/wp-content\/uploads\/sites\/5\/2025\/03\/WhatsApp-Image-2025-03-04-at-13.33.07-1024x1024.jpeg 1024w,https:\/\/wp.uaslp.mx\/noticias\/wp-content\/uploads\/sites\/5\/2025\/03\/WhatsApp-Image-2025-03-04-at-13.33.07.jpeg 1201w\" sizes=\"auto, 250px\"\/><\/a><\/div><div class=\"sgb-item\"><a href=\"https:\/\/wp.uaslp.mx\/noticias\/wp-content\/uploads\/sites\/5\/2025\/03\/WhatsApp-Image-2025-03-04-at-13.33.06.jpeg\"><img decoding=\"async\" alt=\"\" width=\"1024\" height=\"1024\" loading=\"lazy\" src=\"https:\/\/wp.uaslp.mx\/noticias\/wp-content\/uploads\/sites\/5\/2025\/03\/WhatsApp-Image-2025-03-04-at-13.33.06-1024x1024.jpeg\" srcset=\"https:\/\/wp.uaslp.mx\/noticias\/wp-content\/uploads\/sites\/5\/2025\/03\/WhatsApp-Image-2025-03-04-at-13.33.06-1024x1024.jpeg 1024w,https:\/\/wp.uaslp.mx\/noticias\/wp-content\/uploads\/sites\/5\/2025\/03\/WhatsApp-Image-2025-03-04-at-13.33.06.jpeg 1201w\" sizes=\"auto, 250px\"\/><\/a><\/div><\/div><\/noscript><\/div><script type=\"application\/json\" class=\"sgb-data\">{\"sliderAdminWidth\":740,\"galleryType\":\"pgc_sgb_slider\",\"galleryId\":\"eaa41617\",\"images\":[{\"id\":18416,\"title\":\"WhatsApp Image 2025-03-04 at 13.33.07\",\"url\":\"https:\/\/wp.uaslp.mx\/noticias\/wp-content\/uploads\/sites\/5\/2025\/03\/WhatsApp-Image-2025-03-04-at-13.33.07.jpeg\",\"link\":\"https:\/\/wp.uaslp.mx\/noticias\/arteycultura\/centro-universitario-de-las-artes-se-une-a-la-conmemoracion-del-dia-internacional-de-la-mujer\/attachment\/whatsapp-image-2025-03-04-at-13-33-07\/\",\"alt\":\"\",\"description\":\"\",\"caption\":\"\",\"mime\":\"image\/jpeg\",\"type\":\"image\",\"width\":1201,\"height\":1201,\"sizes\":{\"thumbnail\":{\"height\":150,\"width\":150,\"url\":\"https:\/\/wp.uaslp.mx\/noticias\/wp-content\/uploads\/sites\/5\/2025\/03\/WhatsApp-Image-2025-03-04-at-13.33.07-150x150.jpeg\",\"orientation\":\"landscape\"},\"medium\":{\"height\":1024,\"width\":1024,\"url\":\"https:\/\/wp.uaslp.mx\/noticias\/wp-content\/uploads\/sites\/5\/2025\/03\/WhatsApp-Image-2025-03-04-at-13.33.07-1024x1024.jpeg\",\"orientation\":\"landscape\"},\"full\":{\"url\":\"https:\/\/wp.uaslp.mx\/noticias\/wp-content\/uploads\/sites\/5\/2025\/03\/WhatsApp-Image-2025-03-04-at-13.33.07.jpeg\",\"height\":1201,\"width\":1201,\"orientation\":\"landscape\"}},\"imageMeta\":{\"aperture\":\"0\",\"credit\":\"\",\"camera\":\"\",\"caption\":\"\",\"created_timestamp\":\"0\",\"copyright\":\"\",\"focal_length\":\"0\",\"iso\":\"0\",\"shutter_speed\":\"0\",\"title\":\"\",\"orientation\":\"0\",\"keywords\":[]},\"meta\":false},{\"id\":18417,\"title\":\"WhatsApp Image 2025-03-04 at 13.33.06\",\"url\":\"https:\/\/wp.uaslp.mx\/noticias\/wp-content\/uploads\/sites\/5\/2025\/03\/WhatsApp-Image-2025-03-04-at-13.33.06.jpeg\",\"link\":\"https:\/\/wp.uaslp.mx\/noticias\/arteycultura\/centro-universitario-de-las-artes-se-une-a-la-conmemoracion-del-dia-internacional-de-la-mujer\/attachment\/whatsapp-image-2025-03-04-at-13-33-06\/\",\"alt\":\"\",\"description\":\"\",\"caption\":\"\",\"mime\":\"image\/jpeg\",\"type\":\"image\",\"width\":1201,\"height\":1201,\"sizes\":{\"thumbnail\":{\"height\":150,\"width\":150,\"url\":\"https:\/\/wp.uaslp.mx\/noticias\/wp-content\/uploads\/sites\/5\/2025\/03\/WhatsApp-Image-2025-03-04-at-13.33.06-150x150.jpeg\",\"orientation\":\"landscape\"},\"medium\":{\"height\":1024,\"width\":1024,\"url\":\"https:\/\/wp.uaslp.mx\/noticias\/wp-content\/uploads\/sites\/5\/2025\/03\/WhatsApp-Image-2025-03-04-at-13.33.06-1024x1024.jpeg\",\"orientation\":\"landscape\"},\"full\":{\"url\":\"https:\/\/wp.uaslp.mx\/noticias\/wp-content\/uploads\/sites\/5\/2025\/03\/WhatsApp-Image-2025-03-04-at-13.33.06.jpeg\",\"height\":1201,\"width\":1201,\"orientation\":\"landscape\"}},\"imageMeta\":{\"aperture\":\"0\",\"credit\":\"\",\"camera\":\"\",\"caption\":\"\",\"created_timestamp\":\"0\",\"copyright\":\"\",\"focal_length\":\"0\",\"iso\":\"0\",\"shutter_speed\":\"0\",\"title\":\"\",\"orientation\":\"0\",\"keywords\":[]},\"meta\":false}],\"itemsMetaDataCollection\":[]}<\/script><script>(function(){if(window.PGC_SGB && window.PGC_SGB.searcher){window.PGC_SGB.searcher.initBlocks()}})()<\/script><\/div>","protected":false},"excerpt":{"rendered":"<p>En el marco de la conmemoraci\u00f3n del D\u00eda Internacional de la Mujer, el Centro Universitario&#8230;<\/p>\n","protected":false},"author":12,"featured_media":18415,"comment_status":"closed","ping_status":"closed","sticky":false,"template":"","format":"standard","meta":{"pgc_sgb_lightbox_settings":"","footnotes":""},"categories":[3,1671],"tags":[2744,2745],"class_list":["post-18414","post","type-post","status-publish","format-standard","has-post-thumbnail","hentry","category-arteycultura","category-mujeres-uaslp","tag-arteconmemoria","tag-vocesqueinspiran"],"featured_image_urls":{"full":["https:\/\/wp.uaslp.mx\/noticias\/wp-content\/uploads\/sites\/5\/2025\/03\/WhatsApp-Image-2025-03-04-at-13.33.06-1.jpeg",1600,1066,false],"thumbnail":["https:\/\/wp.uaslp.mx\/noticias\/wp-content\/uploads\/sites\/5\/2025\/03\/WhatsApp-Image-2025-03-04-at-13.33.06-1-150x150.jpeg",150,150,true],"medium":["https:\/\/wp.uaslp.mx\/noticias\/wp-content\/uploads\/sites\/5\/2025\/03\/WhatsApp-Image-2025-03-04-at-13.33.06-1-1024x682.jpeg",1024,682,true],"medium_large":["https:\/\/wp.uaslp.mx\/noticias\/wp-content\/uploads\/sites\/5\/2025\/03\/WhatsApp-Image-2025-03-04-at-13.33.06-1-768x512.jpeg",640,427,true],"large":["https:\/\/wp.uaslp.mx\/noticias\/wp-content\/uploads\/sites\/5\/2025\/03\/WhatsApp-Image-2025-03-04-at-13.33.06-1.jpeg",1600,1066,false],"1536x1536":["https:\/\/wp.uaslp.mx\/noticias\/wp-content\/uploads\/sites\/5\/2025\/03\/WhatsApp-Image-2025-03-04-at-13.33.06-1-1536x1023.jpeg",1536,1023,true],"2048x2048":["https:\/\/wp.uaslp.mx\/noticias\/wp-content\/uploads\/sites\/5\/2025\/03\/WhatsApp-Image-2025-03-04-at-13.33.06-1.jpeg",1600,1066,false],"newsever-slider-full":["https:\/\/wp.uaslp.mx\/noticias\/wp-content\/uploads\/sites\/5\/2025\/03\/WhatsApp-Image-2025-03-04-at-13.33.06-1-1280x845.jpeg",1280,845,true],"newsever-featured":["https:\/\/wp.uaslp.mx\/noticias\/wp-content\/uploads\/sites\/5\/2025\/03\/WhatsApp-Image-2025-03-04-at-13.33.06-1-1024x682.jpeg",1024,682,true],"newsever-medium":["https:\/\/wp.uaslp.mx\/noticias\/wp-content\/uploads\/sites\/5\/2025\/03\/WhatsApp-Image-2025-03-04-at-13.33.06-1-720x475.jpeg",720,475,true],"mailpoet_newsletter_max":["https:\/\/wp.uaslp.mx\/noticias\/wp-content\/uploads\/sites\/5\/2025\/03\/WhatsApp-Image-2025-03-04-at-13.33.06-1-1320x879.jpeg",1320,879,true]},"author_info":{"display_name":"Prensa y difusi\u00f3n","author_link":"https:\/\/wp.uaslp.mx\/noticias\/author\/giovannamorales\/"},"category_info":"<a href=\"https:\/\/wp.uaslp.mx\/noticias\/category\/arteycultura\/\" rel=\"category tag\">Arte y cultura<\/a> <a href=\"https:\/\/wp.uaslp.mx\/noticias\/category\/mujeres-uaslp\/\" rel=\"category tag\">Mujeres UASLP<\/a>","tag_info":"Mujeres UASLP","comment_count":"0","_links":{"self":[{"href":"https:\/\/wp.uaslp.mx\/noticias\/wp-json\/wp\/v2\/posts\/18414","targetHints":{"allow":["GET"]}}],"collection":[{"href":"https:\/\/wp.uaslp.mx\/noticias\/wp-json\/wp\/v2\/posts"}],"about":[{"href":"https:\/\/wp.uaslp.mx\/noticias\/wp-json\/wp\/v2\/types\/post"}],"author":[{"embeddable":true,"href":"https:\/\/wp.uaslp.mx\/noticias\/wp-json\/wp\/v2\/users\/12"}],"replies":[{"embeddable":true,"href":"https:\/\/wp.uaslp.mx\/noticias\/wp-json\/wp\/v2\/comments?post=18414"}],"version-history":[{"count":3,"href":"https:\/\/wp.uaslp.mx\/noticias\/wp-json\/wp\/v2\/posts\/18414\/revisions"}],"predecessor-version":[{"id":18423,"href":"https:\/\/wp.uaslp.mx\/noticias\/wp-json\/wp\/v2\/posts\/18414\/revisions\/18423"}],"wp:featuredmedia":[{"embeddable":true,"href":"https:\/\/wp.uaslp.mx\/noticias\/wp-json\/wp\/v2\/media\/18415"}],"wp:attachment":[{"href":"https:\/\/wp.uaslp.mx\/noticias\/wp-json\/wp\/v2\/media?parent=18414"}],"wp:term":[{"taxonomy":"category","embeddable":true,"href":"https:\/\/wp.uaslp.mx\/noticias\/wp-json\/wp\/v2\/categories?post=18414"},{"taxonomy":"post_tag","embeddable":true,"href":"https:\/\/wp.uaslp.mx\/noticias\/wp-json\/wp\/v2\/tags?post=18414"}],"curies":[{"name":"wp","href":"https:\/\/api.w.org\/{rel}","templated":true}]}}