{"id":18352,"date":"2025-02-26T12:58:46","date_gmt":"2025-02-26T18:58:46","guid":{"rendered":"https:\/\/wp.uaslp.mx\/noticias\/?p=18352"},"modified":"2025-02-26T12:58:47","modified_gmt":"2025-02-26T18:58:47","slug":"catedratica-de-la-fen-impulsa-proyectos-sobre-sistema-estatal-de-cuidados-y-derechos-humanos-de-discapacitados","status":"publish","type":"post","link":"https:\/\/wp.uaslp.mx\/noticias\/investigacion\/catedratica-de-la-fen-impulsa-proyectos-sobre-sistema-estatal-de-cuidados-y-derechos-humanos-de-discapacitados\/","title":{"rendered":"Catedr\u00e1tica de la FEN impulsa proyectos sobre Sistema Estatal de Cuidados y derechos humanos de discapacitados"},"content":{"rendered":"\n<p>La doctora Maribel Cruz Ortiz, investigadora de la <a href=\"https:\/\/www.enfermerianutricion.uaslp.mx\/#gsc.tab=0\">Facultad de Enfermer\u00eda y Nutrici\u00f3n<\/a> (FEN) de la Universidad Aut\u00f3noma de San Luis Potos\u00ed (UASLP), desarrolla dos proyectos en colaboraci\u00f3n con asociaciones civiles para visibilizar temas poco abordados en la sociedad: la necesidad de un Sistema Estatal de Cuidados y la percepci\u00f3n de las personas con discapacidad sobre sus derechos humanos.<\/p>\n\n\n\n<p>Para avanzar en estos objetivos, trabaja en conjunto con organizaciones como Cuidadoras Potosinas y la Asociaci\u00f3n Vida Independiente, con las que colabora desde hace m\u00e1s de dos a\u00f1os. Gracias a esta alianza, han realizado talleres y cursos que permiten evaluar la accesibilidad de la FEN para personas con discapacidad y desarrollar propuestas para mejorarla.<\/p>\n\n\n\n<p>Adem\u00e1s, la investigadora impulsa la integraci\u00f3n del conocimiento cient\u00edfico con la experiencia emp\u00edrica en el \u00e1mbito del cuidado. A trav\u00e9s de estas iniciativas, busca generar un intercambio de saberes en \u00e1reas como la toma de glucosa, presi\u00f3n arterial y signos vitales, fortaleciendo as\u00ed las habilidades y conocimientos m\u00e9dicos de quienes se dedican a esta labor.<\/p>\n\n\n\n<p>Pese a que al cierre del 2024, la catedr\u00e1tica y representantes de las asociaciones civiles vieron, con tristeza, desechada la iniciativa de Ley de Cuidados y Cuidadores, presentada ante diputados del Congreso del Estado de San Luis Potos\u00ed, la acad\u00e9mica mantiene firme su compromiso y subraya la importancia de reconocer la figura del cuidador y la cuidadora, pues detr\u00e1s de ellos hay personas con discapacidades severas, enfermedades cr\u00f3nicas o adultos mayores que requieren medidas de protecci\u00f3n en el estado.<\/p>\n\n\n\n<p>La investigadora enfatiz\u00f3 que la creaci\u00f3n de una ley estatal sobre el cuidado no solo implica la asignaci\u00f3n de recursos econ\u00f3micos, sino tambi\u00e9n la necesidad de generar conciencia social. Destac\u00f3 que la pir\u00e1mide poblacional est\u00e1 cambiando en todo el pa\u00eds, por lo que es fundamental que todos los sectores se preparen para atender las nuevas necesidades derivadas del envejecimiento y la evoluci\u00f3n de la sociedad.<\/p>\n\n\n\n<p>De acuerdo con la Encuesta Nacional para el Sistema de Cuidados (ENASIC) 2022, cerca de 31 millones de personas en M\u00e9xico realizan labores de cuidado familiar. En San Luis Potos\u00ed, se han identificado aproximadamente 725 mujeres cuidadoras, en su mayor\u00eda madres e hijas, y solo 25 hombres que desempe\u00f1an esta labor. No obstante, la informaci\u00f3n sobre el tema a\u00fan es insuficiente, se\u00f1al\u00f3 la investigadora, quien reiter\u00f3 su compromiso de continuar trabajando en este \u00e1mbito.<\/p>\n\n\n\n<p>Finalmente, en relaci\u00f3n con el proyecto sobre la percepci\u00f3n de los derechos humanos de las personas con discapacidad, la investigadora destac\u00f3 la importancia de cambiar la visi\u00f3n asistencialista.<\/p>\n\n\n\n<p>Explic\u00f3 que una persona con discapacidad no debe ser vista como un paciente que requiere apoyo, sino como un profesional capaz de desempe\u00f1ar cualquier labor sin necesidad de asistencia. Este enfoque, subray\u00f3, est\u00e1 respaldado por la Convenci\u00f3n Internacional sobre los Derechos de las Personas con Discapacidad y no debe ser ignorado.<\/p>\n\n\n\n<p class=\"has-text-align-right\"><em>Guadalupe Guevara<\/em><\/p>\n\n\n\n<p><\/p>\n","protected":false},"excerpt":{"rendered":"<p>La doctora Maribel Cruz Ortiz, investigadora de la Facultad de Enfermer\u00eda y Nutrici\u00f3n (FEN) de&#8230;<\/p>\n","protected":false},"author":12,"featured_media":18353,"comment_status":"closed","ping_status":"closed","sticky":false,"template":"","format":"standard","meta":{"pgc_sgb_lightbox_settings":"","footnotes":""},"categories":[10,1671],"tags":[2574],"class_list":["post-18352","post","type-post","status-publish","format-standard","has-post-thumbnail","hentry","category-investigacion","category-mujeres-uaslp","tag-mujeresenlaciencia"],"featured_image_urls":{"full":["https:\/\/wp.uaslp.mx\/noticias\/wp-content\/uploads\/sites\/5\/2025\/02\/WhatsApp-Image-2025-02-26-at-12.49.07.jpeg",1600,1066,false],"thumbnail":["https:\/\/wp.uaslp.mx\/noticias\/wp-content\/uploads\/sites\/5\/2025\/02\/WhatsApp-Image-2025-02-26-at-12.49.07-150x150.jpeg",150,150,true],"medium":["https:\/\/wp.uaslp.mx\/noticias\/wp-content\/uploads\/sites\/5\/2025\/02\/WhatsApp-Image-2025-02-26-at-12.49.07-1024x682.jpeg",1024,682,true],"medium_large":["https:\/\/wp.uaslp.mx\/noticias\/wp-content\/uploads\/sites\/5\/2025\/02\/WhatsApp-Image-2025-02-26-at-12.49.07-768x512.jpeg",640,427,true],"large":["https:\/\/wp.uaslp.mx\/noticias\/wp-content\/uploads\/sites\/5\/2025\/02\/WhatsApp-Image-2025-02-26-at-12.49.07.jpeg",1600,1066,false],"1536x1536":["https:\/\/wp.uaslp.mx\/noticias\/wp-content\/uploads\/sites\/5\/2025\/02\/WhatsApp-Image-2025-02-26-at-12.49.07-1536x1023.jpeg",1536,1023,true],"2048x2048":["https:\/\/wp.uaslp.mx\/noticias\/wp-content\/uploads\/sites\/5\/2025\/02\/WhatsApp-Image-2025-02-26-at-12.49.07.jpeg",1600,1066,false],"newsever-slider-full":["https:\/\/wp.uaslp.mx\/noticias\/wp-content\/uploads\/sites\/5\/2025\/02\/WhatsApp-Image-2025-02-26-at-12.49.07-1280x845.jpeg",1280,845,true],"newsever-featured":["https:\/\/wp.uaslp.mx\/noticias\/wp-content\/uploads\/sites\/5\/2025\/02\/WhatsApp-Image-2025-02-26-at-12.49.07-1024x682.jpeg",1024,682,true],"newsever-medium":["https:\/\/wp.uaslp.mx\/noticias\/wp-content\/uploads\/sites\/5\/2025\/02\/WhatsApp-Image-2025-02-26-at-12.49.07-720x475.jpeg",720,475,true],"mailpoet_newsletter_max":["https:\/\/wp.uaslp.mx\/noticias\/wp-content\/uploads\/sites\/5\/2025\/02\/WhatsApp-Image-2025-02-26-at-12.49.07-1320x879.jpeg",1320,879,true]},"author_info":{"display_name":"Prensa y difusi\u00f3n","author_link":"https:\/\/wp.uaslp.mx\/noticias\/author\/giovannamorales\/"},"category_info":"<a href=\"https:\/\/wp.uaslp.mx\/noticias\/category\/investigacion\/\" rel=\"category tag\">Investigaci\u00f3n<\/a> <a href=\"https:\/\/wp.uaslp.mx\/noticias\/category\/mujeres-uaslp\/\" rel=\"category tag\">Mujeres UASLP<\/a>","tag_info":"Mujeres UASLP","comment_count":"0","_links":{"self":[{"href":"https:\/\/wp.uaslp.mx\/noticias\/wp-json\/wp\/v2\/posts\/18352","targetHints":{"allow":["GET"]}}],"collection":[{"href":"https:\/\/wp.uaslp.mx\/noticias\/wp-json\/wp\/v2\/posts"}],"about":[{"href":"https:\/\/wp.uaslp.mx\/noticias\/wp-json\/wp\/v2\/types\/post"}],"author":[{"embeddable":true,"href":"https:\/\/wp.uaslp.mx\/noticias\/wp-json\/wp\/v2\/users\/12"}],"replies":[{"embeddable":true,"href":"https:\/\/wp.uaslp.mx\/noticias\/wp-json\/wp\/v2\/comments?post=18352"}],"version-history":[{"count":1,"href":"https:\/\/wp.uaslp.mx\/noticias\/wp-json\/wp\/v2\/posts\/18352\/revisions"}],"predecessor-version":[{"id":18354,"href":"https:\/\/wp.uaslp.mx\/noticias\/wp-json\/wp\/v2\/posts\/18352\/revisions\/18354"}],"wp:featuredmedia":[{"embeddable":true,"href":"https:\/\/wp.uaslp.mx\/noticias\/wp-json\/wp\/v2\/media\/18353"}],"wp:attachment":[{"href":"https:\/\/wp.uaslp.mx\/noticias\/wp-json\/wp\/v2\/media?parent=18352"}],"wp:term":[{"taxonomy":"category","embeddable":true,"href":"https:\/\/wp.uaslp.mx\/noticias\/wp-json\/wp\/v2\/categories?post=18352"},{"taxonomy":"post_tag","embeddable":true,"href":"https:\/\/wp.uaslp.mx\/noticias\/wp-json\/wp\/v2\/tags?post=18352"}],"curies":[{"name":"wp","href":"https:\/\/api.w.org\/{rel}","templated":true}]}}