{"id":18096,"date":"2025-02-10T13:57:46","date_gmt":"2025-02-10T19:57:46","guid":{"rendered":"https:\/\/wp.uaslp.mx\/noticias\/?p=18096"},"modified":"2025-02-10T13:57:48","modified_gmt":"2025-02-10T19:57:48","slug":"feria-de-las-carreras-uaslp-2025-llegara-a-salinas-y-matehuala-los-dias-13-y-14-de-febrero","status":"publish","type":"post","link":"https:\/\/wp.uaslp.mx\/noticias\/academica\/feria-de-las-carreras-uaslp-2025-llegara-a-salinas-y-matehuala-los-dias-13-y-14-de-febrero\/","title":{"rendered":"Feria de las Carreras UASLP 2025 llegar\u00e1 a Salinas y Matehuala los d\u00edas 13 y 14 de febrero"},"content":{"rendered":"\n<p>Con el objetivo de que los estudiantes de nivel medio superior conozcan la oferta educativa de la Universidad Aut\u00f3noma de San Luis Potos\u00ed (UASLP), los campus de Salinas y Matehuala ser\u00e1n los anfitriones este 13 y 14 de febrero, respectivamente, de la Feria de las Carreras 2025, una herramienta valiosa para que los aspirantes tomen decisiones informadas sobre su futuro acad\u00e9mico y profesional.<\/p>\n\n\n\n<p>A trav\u00e9s de la interacci\u00f3n con alumnos y acad\u00e9micos de la <a href=\"https:\/\/www.uamra.uaslp.mx\/#gsc.tab=0\">Unidad Acad\u00e9mica Multidisciplinaria Regi\u00f3n Altiplano <\/a>(UAMRA) en Matehuala y la Coordinaci\u00f3n Acad\u00e9mica Regi\u00f3n Altiplano Oeste (CARAO) de Salinas, los asistentes podr\u00e1n despejar dudas y evitar ideas preconcebidas sobre las profesiones que les interesan. Estudiantes de la UASLP compartir\u00e1n sus experiencias y explicar\u00e1n en qu\u00e9 consisten sus estudios, c\u00f3mo se desarrollan las actividades acad\u00e9micas y cu\u00e1les son las perspectivas laborales de cada carrera.<\/p>\n\n\n\n<p>La edici\u00f3n 2025 de la Feria de las Carreras busca que los aspirantes conozcan el abanico completo de opciones acad\u00e9micas que ofrece la UASLP, que incluye 105 carreras en \u00e1reas como ingenier\u00eda, agronom\u00eda, administraci\u00f3n, ciencias de la salud y humanidades, as\u00ed como cuatro programas de T\u00e9cnico Superior Universitario.<\/p>\n\n\n\n<p>El evento dar\u00e1 inicio a las 09:00 horas el jueves 13 de febrero en las instalaciones de la Unidad Acad\u00e9mica Multidisciplinaria Regi\u00f3n Altiplano (UAMRA) en Matehuala, mientras que el viernes 14 de febrero tocar\u00e1 el turno a la Coordinaci\u00f3n Acad\u00e9mica Regi\u00f3n Altiplano Oeste (CARAO) de Salinas, en la plaza principal del municipio.<\/p>\n\n\n\n<p>Una de las novedades de esta edici\u00f3n es la implementaci\u00f3n de un test vocacional accesible a trav\u00e9s de un c\u00f3digo QR, que ayudar\u00e1 a los aspirantes a identificar sus aptitudes y preferencias, orient\u00e1ndolos hacia las carreras que mejor se ajusten a sus intereses y habilidades.<\/p>\n\n\n\n<p>La Feria de las Carreras es un esfuerzo conjunto entre los alumnos consejeros de las entidades acad\u00e9micas de la UASLP, quienes se encargan de distribuir las invitaciones en las distintas preparatorias, lo que ha permitido una amplia participaci\u00f3n en ediciones anteriores. Este compromiso ha consolidado al evento como una plataforma fundamental para la orientaci\u00f3n vocacional de los futuros universitarios y profesionales.<\/p>\n\n\n\n<p class=\"has-text-align-right\"><em>Hugo Laussin<\/em><\/p>\n\n\n\n<figure class=\"wp-block-gallery has-nested-images columns-default is-cropped wp-block-gallery-1 is-layout-flex wp-block-gallery-is-layout-flex\">\n<figure class=\"wp-block-image size-medium\"><a href=\"https:\/\/wp.uaslp.mx\/noticias\/wp-content\/uploads\/sites\/5\/2025\/02\/WhatsApp-Image-2025-02-10-at-12.26.51.jpeg\"><img loading=\"lazy\" decoding=\"async\" width=\"1024\" height=\"768\" data-id=\"18099\" src=\"https:\/\/wp.uaslp.mx\/noticias\/wp-content\/uploads\/sites\/5\/2025\/02\/WhatsApp-Image-2025-02-10-at-12.26.51-1024x768.jpeg\" alt=\"\" class=\"wp-image-18099\" srcset=\"https:\/\/wp.uaslp.mx\/noticias\/wp-content\/uploads\/sites\/5\/2025\/02\/WhatsApp-Image-2025-02-10-at-12.26.51-1024x768.jpeg 1024w, https:\/\/wp.uaslp.mx\/noticias\/wp-content\/uploads\/sites\/5\/2025\/02\/WhatsApp-Image-2025-02-10-at-12.26.51-768x576.jpeg 768w, https:\/\/wp.uaslp.mx\/noticias\/wp-content\/uploads\/sites\/5\/2025\/02\/WhatsApp-Image-2025-02-10-at-12.26.51-1536x1152.jpeg 1536w, https:\/\/wp.uaslp.mx\/noticias\/wp-content\/uploads\/sites\/5\/2025\/02\/WhatsApp-Image-2025-02-10-at-12.26.51-1320x990.jpeg 1320w, https:\/\/wp.uaslp.mx\/noticias\/wp-content\/uploads\/sites\/5\/2025\/02\/WhatsApp-Image-2025-02-10-at-12.26.51.jpeg 1600w\" sizes=\"auto, (max-width: 1024px) 100vw, 1024px\" \/><\/a><\/figure>\n\n\n\n<figure class=\"wp-block-image size-medium\"><a href=\"https:\/\/wp.uaslp.mx\/noticias\/wp-content\/uploads\/sites\/5\/2025\/02\/WhatsApp-Image-2025-02-10-at-12.26.31.jpeg\"><img loading=\"lazy\" decoding=\"async\" width=\"1024\" height=\"768\" data-id=\"18098\" src=\"https:\/\/wp.uaslp.mx\/noticias\/wp-content\/uploads\/sites\/5\/2025\/02\/WhatsApp-Image-2025-02-10-at-12.26.31-1024x768.jpeg\" alt=\"\" class=\"wp-image-18098\" srcset=\"https:\/\/wp.uaslp.mx\/noticias\/wp-content\/uploads\/sites\/5\/2025\/02\/WhatsApp-Image-2025-02-10-at-12.26.31-1024x768.jpeg 1024w, https:\/\/wp.uaslp.mx\/noticias\/wp-content\/uploads\/sites\/5\/2025\/02\/WhatsApp-Image-2025-02-10-at-12.26.31-768x576.jpeg 768w, https:\/\/wp.uaslp.mx\/noticias\/wp-content\/uploads\/sites\/5\/2025\/02\/WhatsApp-Image-2025-02-10-at-12.26.31-1536x1152.jpeg 1536w, https:\/\/wp.uaslp.mx\/noticias\/wp-content\/uploads\/sites\/5\/2025\/02\/WhatsApp-Image-2025-02-10-at-12.26.31-1320x990.jpeg 1320w, https:\/\/wp.uaslp.mx\/noticias\/wp-content\/uploads\/sites\/5\/2025\/02\/WhatsApp-Image-2025-02-10-at-12.26.31.jpeg 1600w\" sizes=\"auto, (max-width: 1024px) 100vw, 1024px\" \/><\/a><\/figure>\n<\/figure>\n","protected":false},"excerpt":{"rendered":"<p>Con el objetivo de que los estudiantes de nivel medio superior conozcan la oferta educativa&#8230;<\/p>\n","protected":false},"author":12,"featured_media":18097,"comment_status":"closed","ping_status":"closed","sticky":false,"template":"","format":"standard","meta":{"pgc_sgb_lightbox_settings":"","footnotes":""},"categories":[2],"tags":[2696],"class_list":["post-18096","post","type-post","status-publish","format-standard","has-post-thumbnail","hentry","category-academica","tag-feriadelascarrerasuaslp"],"featured_image_urls":{"full":["https:\/\/wp.uaslp.mx\/noticias\/wp-content\/uploads\/sites\/5\/2025\/02\/WhatsApp-Image-2025-02-10-at-12.26.11.jpeg",1600,1200,false],"thumbnail":["https:\/\/wp.uaslp.mx\/noticias\/wp-content\/uploads\/sites\/5\/2025\/02\/WhatsApp-Image-2025-02-10-at-12.26.11-150x150.jpeg",150,150,true],"medium":["https:\/\/wp.uaslp.mx\/noticias\/wp-content\/uploads\/sites\/5\/2025\/02\/WhatsApp-Image-2025-02-10-at-12.26.11-1024x768.jpeg",1024,768,true],"medium_large":["https:\/\/wp.uaslp.mx\/noticias\/wp-content\/uploads\/sites\/5\/2025\/02\/WhatsApp-Image-2025-02-10-at-12.26.11-768x576.jpeg",640,480,true],"large":["https:\/\/wp.uaslp.mx\/noticias\/wp-content\/uploads\/sites\/5\/2025\/02\/WhatsApp-Image-2025-02-10-at-12.26.11.jpeg",1600,1200,false],"1536x1536":["https:\/\/wp.uaslp.mx\/noticias\/wp-content\/uploads\/sites\/5\/2025\/02\/WhatsApp-Image-2025-02-10-at-12.26.11-1536x1152.jpeg",1536,1152,true],"2048x2048":["https:\/\/wp.uaslp.mx\/noticias\/wp-content\/uploads\/sites\/5\/2025\/02\/WhatsApp-Image-2025-02-10-at-12.26.11.jpeg",1600,1200,false],"newsever-slider-full":["https:\/\/wp.uaslp.mx\/noticias\/wp-content\/uploads\/sites\/5\/2025\/02\/WhatsApp-Image-2025-02-10-at-12.26.11-1280x845.jpeg",1280,845,true],"newsever-featured":["https:\/\/wp.uaslp.mx\/noticias\/wp-content\/uploads\/sites\/5\/2025\/02\/WhatsApp-Image-2025-02-10-at-12.26.11-1024x768.jpeg",1024,768,true],"newsever-medium":["https:\/\/wp.uaslp.mx\/noticias\/wp-content\/uploads\/sites\/5\/2025\/02\/WhatsApp-Image-2025-02-10-at-12.26.11-720x475.jpeg",720,475,true],"mailpoet_newsletter_max":["https:\/\/wp.uaslp.mx\/noticias\/wp-content\/uploads\/sites\/5\/2025\/02\/WhatsApp-Image-2025-02-10-at-12.26.11-1320x990.jpeg",1320,990,true]},"author_info":{"display_name":"Prensa y difusi\u00f3n","author_link":"https:\/\/wp.uaslp.mx\/noticias\/author\/giovannamorales\/"},"category_info":"<a href=\"https:\/\/wp.uaslp.mx\/noticias\/category\/academica\/\" rel=\"category tag\">Acad\u00e9mica<\/a>","tag_info":"Acad\u00e9mica","comment_count":"0","_links":{"self":[{"href":"https:\/\/wp.uaslp.mx\/noticias\/wp-json\/wp\/v2\/posts\/18096","targetHints":{"allow":["GET"]}}],"collection":[{"href":"https:\/\/wp.uaslp.mx\/noticias\/wp-json\/wp\/v2\/posts"}],"about":[{"href":"https:\/\/wp.uaslp.mx\/noticias\/wp-json\/wp\/v2\/types\/post"}],"author":[{"embeddable":true,"href":"https:\/\/wp.uaslp.mx\/noticias\/wp-json\/wp\/v2\/users\/12"}],"replies":[{"embeddable":true,"href":"https:\/\/wp.uaslp.mx\/noticias\/wp-json\/wp\/v2\/comments?post=18096"}],"version-history":[{"count":1,"href":"https:\/\/wp.uaslp.mx\/noticias\/wp-json\/wp\/v2\/posts\/18096\/revisions"}],"predecessor-version":[{"id":18100,"href":"https:\/\/wp.uaslp.mx\/noticias\/wp-json\/wp\/v2\/posts\/18096\/revisions\/18100"}],"wp:featuredmedia":[{"embeddable":true,"href":"https:\/\/wp.uaslp.mx\/noticias\/wp-json\/wp\/v2\/media\/18097"}],"wp:attachment":[{"href":"https:\/\/wp.uaslp.mx\/noticias\/wp-json\/wp\/v2\/media?parent=18096"}],"wp:term":[{"taxonomy":"category","embeddable":true,"href":"https:\/\/wp.uaslp.mx\/noticias\/wp-json\/wp\/v2\/categories?post=18096"},{"taxonomy":"post_tag","embeddable":true,"href":"https:\/\/wp.uaslp.mx\/noticias\/wp-json\/wp\/v2\/tags?post=18096"}],"curies":[{"name":"wp","href":"https:\/\/api.w.org\/{rel}","templated":true}]}}