{"id":17648,"date":"2024-12-14T11:05:27","date_gmt":"2024-12-14T17:05:27","guid":{"rendered":"https:\/\/wp.uaslp.mx\/noticias\/?p=17648"},"modified":"2024-12-16T11:09:28","modified_gmt":"2024-12-16T17:09:28","slug":"factores-climaticos-y-emocionales-provocan-mas-casos-de-depresion-en-epoca-navidena-experto-de-la-uaslp","status":"publish","type":"post","link":"https:\/\/wp.uaslp.mx\/noticias\/academica\/factores-climaticos-y-emocionales-provocan-mas-casos-de-depresion-en-epoca-navidena-experto-de-la-uaslp\/","title":{"rendered":"Factores clim\u00e1ticos y emocionales provocan m\u00e1s casos de depresi\u00f3n en \u00e9poca navide\u00f1a: experto de la UASLP"},"content":{"rendered":"\n<p>Durante la temporada navide\u00f1a se presentan mayores cuadros de depresi\u00f3n y tristeza entre la poblaci\u00f3n, debido a factores clim\u00e1ticos o emocionales, por lo que es importante mantenerse atento a cualquier s\u00edntoma que pueda derivar en una situaci\u00f3n grave, afirm\u00f3 el maestro Jhonny Bautista Valdivia, acad\u00e9mico de la Licenciatura en Psicolog\u00eda, de la <a href=\"https:\/\/www.carhs.uaslp.mx\/#gsc.tab=0\">Coordinaci\u00f3n Acad\u00e9mica Regi\u00f3n Huasteca Sur <\/a>(CARHS) del municipio de Tamazunchale.<\/p>\n\n\n\n<p>Explic\u00f3 que las festividades decembrinas coinciden con la temporada invernal y el fr\u00edo, lo que puede influir de manera importante y negativa en el \u00e1nimo de las personas, provocando la llamada \u201cdepresi\u00f3n navide\u00f1a\u201d. Noches m\u00e1s largas, d\u00edas cortos y una menor exposici\u00f3n a la luz solar provocan cambios en el organismo y disminuyen la serotonina y la endorfina, sustancias qu\u00edmicas que el cuerpo produce relacionadas con el bienestar y el sentimiento de felicidad.<\/p>\n\n\n\n<p>Respecto a los factores emocionales, el especialista universitario mencion\u00f3 que la presi\u00f3n social para estar feliz por la \u00e9poca navide\u00f1a, sentimientos de soledad, nostalgia por seres queridos ausentes, estr\u00e9s financiero, entre otros, pueden provocar insomnio, ansiedad, tristeza, falta de apetito y mal humor. Mencion\u00f3 que se debe poner atenci\u00f3n a estos s\u00edntomas, pues, aunque pueden ser temporales, el agravamiento tiene que se tratado con atenci\u00f3n psicol\u00f3gica.<\/p>\n\n\n\n<p>Por otra parte, Bautista Valdivia afirm\u00f3 que la depresi\u00f3n se ha convertido en una pandemia silenciosa, que se agudiz\u00f3 con la llegada del COVID-19 y coment\u00f3 que se presenta en mayor medida en los hombres, de 18 a 50 a\u00f1os, debido a exigencias educativas, laborales, familiares y econ\u00f3micas. A ello, se suma que el g\u00e9nero masculino lleva una carga de g\u00e9nero, en la que no est\u00e1n acostumbrados a expresar emociones ni a hablar de ellas.<\/p>\n\n\n\n<p>Agreg\u00f3 que este padecimiento psicol\u00f3gico tambi\u00e9n ha afectado a las infancias, con disoluci\u00f3n de las familias, la nula o poca presencia de alguno de los padres, lo que deriva en problemas de aprendizaje, violencia, tristeza y ansiedad, que pueden afectarlos a corto, mediano y largo plazo.<\/p>\n\n\n\n<p>Finalmente, el maestro Jhonny Bautista explic\u00f3 que, adem\u00e1s, hay factores hereditarios que predisponen a una persona a sufrir este trastorno mental, por lo que es importante poner atenci\u00f3n en quienes lo padecen y recibir atenci\u00f3n psicol\u00f3gica para superarlo.<\/p>\n\n\n\n<p class=\"has-text-align-right\"><em>Guadalupe Guevara<\/em><\/p>\n","protected":false},"excerpt":{"rendered":"<p>Durante la temporada navide\u00f1a se presentan mayores cuadros de depresi\u00f3n y tristeza entre la poblaci\u00f3n,&#8230;<\/p>\n","protected":false},"author":12,"featured_media":17649,"comment_status":"closed","ping_status":"closed","sticky":false,"template":"","format":"standard","meta":{"pgc_sgb_lightbox_settings":"","footnotes":""},"categories":[2],"tags":[],"class_list":["post-17648","post","type-post","status-publish","format-standard","has-post-thumbnail","hentry","category-academica"],"featured_image_urls":{"full":["https:\/\/wp.uaslp.mx\/noticias\/wp-content\/uploads\/sites\/5\/2024\/12\/WhatsApp-Image-2024-12-14-at-3.56.19-PM.jpeg",1600,1066,false],"thumbnail":["https:\/\/wp.uaslp.mx\/noticias\/wp-content\/uploads\/sites\/5\/2024\/12\/WhatsApp-Image-2024-12-14-at-3.56.19-PM-150x150.jpeg",150,150,true],"medium":["https:\/\/wp.uaslp.mx\/noticias\/wp-content\/uploads\/sites\/5\/2024\/12\/WhatsApp-Image-2024-12-14-at-3.56.19-PM-1024x682.jpeg",1024,682,true],"medium_large":["https:\/\/wp.uaslp.mx\/noticias\/wp-content\/uploads\/sites\/5\/2024\/12\/WhatsApp-Image-2024-12-14-at-3.56.19-PM-768x512.jpeg",640,427,true],"large":["https:\/\/wp.uaslp.mx\/noticias\/wp-content\/uploads\/sites\/5\/2024\/12\/WhatsApp-Image-2024-12-14-at-3.56.19-PM.jpeg",1600,1066,false],"1536x1536":["https:\/\/wp.uaslp.mx\/noticias\/wp-content\/uploads\/sites\/5\/2024\/12\/WhatsApp-Image-2024-12-14-at-3.56.19-PM-1536x1023.jpeg",1536,1023,true],"2048x2048":["https:\/\/wp.uaslp.mx\/noticias\/wp-content\/uploads\/sites\/5\/2024\/12\/WhatsApp-Image-2024-12-14-at-3.56.19-PM.jpeg",1600,1066,false],"newsever-slider-full":["https:\/\/wp.uaslp.mx\/noticias\/wp-content\/uploads\/sites\/5\/2024\/12\/WhatsApp-Image-2024-12-14-at-3.56.19-PM-1280x845.jpeg",1280,845,true],"newsever-featured":["https:\/\/wp.uaslp.mx\/noticias\/wp-content\/uploads\/sites\/5\/2024\/12\/WhatsApp-Image-2024-12-14-at-3.56.19-PM-1024x682.jpeg",1024,682,true],"newsever-medium":["https:\/\/wp.uaslp.mx\/noticias\/wp-content\/uploads\/sites\/5\/2024\/12\/WhatsApp-Image-2024-12-14-at-3.56.19-PM-720x475.jpeg",720,475,true],"mailpoet_newsletter_max":["https:\/\/wp.uaslp.mx\/noticias\/wp-content\/uploads\/sites\/5\/2024\/12\/WhatsApp-Image-2024-12-14-at-3.56.19-PM-1320x879.jpeg",1320,879,true]},"author_info":{"display_name":"Prensa y difusi\u00f3n","author_link":"https:\/\/wp.uaslp.mx\/noticias\/author\/giovannamorales\/"},"category_info":"<a href=\"https:\/\/wp.uaslp.mx\/noticias\/category\/academica\/\" rel=\"category tag\">Acad\u00e9mica<\/a>","tag_info":"Acad\u00e9mica","comment_count":"0","_links":{"self":[{"href":"https:\/\/wp.uaslp.mx\/noticias\/wp-json\/wp\/v2\/posts\/17648","targetHints":{"allow":["GET"]}}],"collection":[{"href":"https:\/\/wp.uaslp.mx\/noticias\/wp-json\/wp\/v2\/posts"}],"about":[{"href":"https:\/\/wp.uaslp.mx\/noticias\/wp-json\/wp\/v2\/types\/post"}],"author":[{"embeddable":true,"href":"https:\/\/wp.uaslp.mx\/noticias\/wp-json\/wp\/v2\/users\/12"}],"replies":[{"embeddable":true,"href":"https:\/\/wp.uaslp.mx\/noticias\/wp-json\/wp\/v2\/comments?post=17648"}],"version-history":[{"count":1,"href":"https:\/\/wp.uaslp.mx\/noticias\/wp-json\/wp\/v2\/posts\/17648\/revisions"}],"predecessor-version":[{"id":17650,"href":"https:\/\/wp.uaslp.mx\/noticias\/wp-json\/wp\/v2\/posts\/17648\/revisions\/17650"}],"wp:featuredmedia":[{"embeddable":true,"href":"https:\/\/wp.uaslp.mx\/noticias\/wp-json\/wp\/v2\/media\/17649"}],"wp:attachment":[{"href":"https:\/\/wp.uaslp.mx\/noticias\/wp-json\/wp\/v2\/media?parent=17648"}],"wp:term":[{"taxonomy":"category","embeddable":true,"href":"https:\/\/wp.uaslp.mx\/noticias\/wp-json\/wp\/v2\/categories?post=17648"},{"taxonomy":"post_tag","embeddable":true,"href":"https:\/\/wp.uaslp.mx\/noticias\/wp-json\/wp\/v2\/tags?post=17648"}],"curies":[{"name":"wp","href":"https:\/\/api.w.org\/{rel}","templated":true}]}}