{"id":17540,"date":"2024-12-28T10:30:00","date_gmt":"2024-12-28T16:30:00","guid":{"rendered":"https:\/\/wp.uaslp.mx\/noticias\/?p=17540"},"modified":"2024-12-06T13:54:32","modified_gmt":"2024-12-06T19:54:32","slug":"en-2025-la-uaslp-celebrara-los-primeros-40-anos-de-formar-profesionales-en-ciencias-de-la-comunicacion","status":"publish","type":"post","link":"https:\/\/wp.uaslp.mx\/noticias\/academica\/en-2025-la-uaslp-celebrara-los-primeros-40-anos-de-formar-profesionales-en-ciencias-de-la-comunicacion\/","title":{"rendered":"En 2025, la UASLP celebrar\u00e1 los primeros 40 a\u00f1os de formar profesionales en Ciencias de la Comunicaci\u00f3n\u00a0"},"content":{"rendered":"\n<p>La <a href=\"https:\/\/www.fcc.uaslp.mx\/#gsc.tab=0\">Facultad de Ciencias de la Comunicaci\u00f3n<\/a> (FCC) de la Universidad Aut\u00f3noma de San Luis Potos\u00ed (UASLP) celebrar\u00e1 en 2025 sus primeras cuatro d\u00e9cadas de existencia. Por ello, su comunidad tiene planeadas una serie de actividades con la finalidad de acercar a egresados, empleadores, empresas y medios de comunicaci\u00f3n, se\u00f1al\u00f3 la directora, maestra Adriana del Socorro Ochoa.\u00a0<\/p>\n\n\n\n<p>Los festejos iniciar\u00e1n el pr\u00f3ximo mes de enero con la entrega de un Doctorado Honoris Causa por parte de la UASLP a quien fuera catedr\u00e1tica fundadora de la FCC, la doctora Isabel Monroy Castillo, actualmente pertenece al SNII, es docente de El Colegio de San Luis, integrante de la Academia Mexicana de la Historia y cronista del municipio de San Luis Potos\u00ed.&nbsp;&nbsp;<\/p>\n\n\n\n<p>Adem\u00e1s, se ha proyectado una conferencia con temas afines a la comunicaci\u00f3n, as\u00ed como una exposici\u00f3n fotogr\u00e1fica por parte de la revista de circulaci\u00f3n nacional Proceso. Mientras que la Cineteca Alameda realizar\u00e1 distintas proyecciones de pel\u00edculas durante el a\u00f1o para conmemorar el 40 aniversario de la licenciatura y estas actividades, se repetir\u00e1n con distintos ponentes cada mes a lo largo de 2025.&nbsp;<\/p>\n\n\n\n<p>Los eventos centrales se llevar\u00e1n a cabo en los meses de agosto y septiembre. Se tiene proyectada la visita de una personalidad de la comunicaci\u00f3n a nivel internacional, as\u00ed como una cena baile en el Edificio Central en honor a las y los comunic\u00f3logos.&nbsp;<\/p>\n\n\n\n<p>Para que todo esto sea un \u00e9xito, la maestra Adriana Ochoa extendi\u00f3 una invitaci\u00f3n a las y los egresados de las diversas generaciones, para que est\u00e9n pendientes de los cursos, talleres, charlas, conferencias y actividades culturales, que se estar\u00e1n llevando a cabo con la finalidad de actualizarlos, capacitarlos y para que tambi\u00e9n compartan su experiencia y aprendizaje, con las generaciones actuales en formaci\u00f3n.&nbsp;<\/p>\n\n\n\n<p>Con algo de nostalgia, la directora record\u00f3 que, como integrante de la segunda generaci\u00f3n de la Licenciatura de Ciencias de la Comunicaci\u00f3n, tom\u00f3 c\u00e1tedra en el Centro Cultural Universitario Caja Real y posteriormente en las instalaciones de lo que hoy es la Defensor\u00eda de Derechos Universitarios, ubicada en la calle Zaragoza en la zona centro;&nbsp;&nbsp;<\/p>\n\n\n\n<p>Fue por esos cambios que, junto con sus compa\u00f1eros, pugn\u00f3 y logr\u00f3 la donaci\u00f3n de un terreno para la construcci\u00f3n de la Facultad en sus actuales instalaciones de Cordillera Karakorum no. 1245 en la colonia Lomas 4\u00aa Secci\u00f3n. Para m\u00e1s informes sobre las actividades por el 40 aniversario de la FCC se recomienda visitar su p\u00e1gina oficial en Facebook: @ecc.uaslp&nbsp;<\/p>\n\n\n\n<p class=\"has-text-align-right\"><em>Guadalupe Guevara\u00a0\u00a0<\/em><\/p>\n","protected":false},"excerpt":{"rendered":"<p>La Facultad de Ciencias de la Comunicaci\u00f3n (FCC) de la Universidad Aut\u00f3noma de San Luis&#8230;<\/p>\n","protected":false},"author":12,"featured_media":17541,"comment_status":"closed","ping_status":"closed","sticky":false,"template":"","format":"standard","meta":{"pgc_sgb_lightbox_settings":"","footnotes":""},"categories":[2],"tags":[2569,2568],"class_list":["post-17540","post","type-post","status-publish","format-standard","has-post-thumbnail","hentry","category-academica","tag-celebrandolacomunicacion","tag-fcc40anos"],"featured_image_urls":{"full":["https:\/\/wp.uaslp.mx\/noticias\/wp-content\/uploads\/sites\/5\/2024\/12\/11-27-2024-FACULTAD-CIENCIAS-DE-LA-COMUNICACION-DSC_7438-scaled.jpg",2560,1706,false],"thumbnail":["https:\/\/wp.uaslp.mx\/noticias\/wp-content\/uploads\/sites\/5\/2024\/12\/11-27-2024-FACULTAD-CIENCIAS-DE-LA-COMUNICACION-DSC_7438-150x150.jpg",150,150,true],"medium":["https:\/\/wp.uaslp.mx\/noticias\/wp-content\/uploads\/sites\/5\/2024\/12\/11-27-2024-FACULTAD-CIENCIAS-DE-LA-COMUNICACION-DSC_7438-1024x683.jpg",1024,683,true],"medium_large":["https:\/\/wp.uaslp.mx\/noticias\/wp-content\/uploads\/sites\/5\/2024\/12\/11-27-2024-FACULTAD-CIENCIAS-DE-LA-COMUNICACION-DSC_7438-768x512.jpg",640,427,true],"large":["https:\/\/wp.uaslp.mx\/noticias\/wp-content\/uploads\/sites\/5\/2024\/12\/11-27-2024-FACULTAD-CIENCIAS-DE-LA-COMUNICACION-DSC_7438-scaled.jpg",2560,1706,false],"1536x1536":["https:\/\/wp.uaslp.mx\/noticias\/wp-content\/uploads\/sites\/5\/2024\/12\/11-27-2024-FACULTAD-CIENCIAS-DE-LA-COMUNICACION-DSC_7438-1536x1024.jpg",1536,1024,true],"2048x2048":["https:\/\/wp.uaslp.mx\/noticias\/wp-content\/uploads\/sites\/5\/2024\/12\/11-27-2024-FACULTAD-CIENCIAS-DE-LA-COMUNICACION-DSC_7438-2048x1365.jpg",2048,1365,true],"newsever-slider-full":["https:\/\/wp.uaslp.mx\/noticias\/wp-content\/uploads\/sites\/5\/2024\/12\/11-27-2024-FACULTAD-CIENCIAS-DE-LA-COMUNICACION-DSC_7438-1280x845.jpg",1280,845,true],"newsever-featured":["https:\/\/wp.uaslp.mx\/noticias\/wp-content\/uploads\/sites\/5\/2024\/12\/11-27-2024-FACULTAD-CIENCIAS-DE-LA-COMUNICACION-DSC_7438-1024x683.jpg",1024,683,true],"newsever-medium":["https:\/\/wp.uaslp.mx\/noticias\/wp-content\/uploads\/sites\/5\/2024\/12\/11-27-2024-FACULTAD-CIENCIAS-DE-LA-COMUNICACION-DSC_7438-720x475.jpg",720,475,true],"mailpoet_newsletter_max":["https:\/\/wp.uaslp.mx\/noticias\/wp-content\/uploads\/sites\/5\/2024\/12\/11-27-2024-FACULTAD-CIENCIAS-DE-LA-COMUNICACION-DSC_7438-1320x880.jpg",1320,880,true]},"author_info":{"display_name":"Prensa y difusi\u00f3n","author_link":"https:\/\/wp.uaslp.mx\/noticias\/author\/giovannamorales\/"},"category_info":"<a href=\"https:\/\/wp.uaslp.mx\/noticias\/category\/academica\/\" rel=\"category tag\">Acad\u00e9mica<\/a>","tag_info":"Acad\u00e9mica","comment_count":"0","_links":{"self":[{"href":"https:\/\/wp.uaslp.mx\/noticias\/wp-json\/wp\/v2\/posts\/17540","targetHints":{"allow":["GET"]}}],"collection":[{"href":"https:\/\/wp.uaslp.mx\/noticias\/wp-json\/wp\/v2\/posts"}],"about":[{"href":"https:\/\/wp.uaslp.mx\/noticias\/wp-json\/wp\/v2\/types\/post"}],"author":[{"embeddable":true,"href":"https:\/\/wp.uaslp.mx\/noticias\/wp-json\/wp\/v2\/users\/12"}],"replies":[{"embeddable":true,"href":"https:\/\/wp.uaslp.mx\/noticias\/wp-json\/wp\/v2\/comments?post=17540"}],"version-history":[{"count":1,"href":"https:\/\/wp.uaslp.mx\/noticias\/wp-json\/wp\/v2\/posts\/17540\/revisions"}],"predecessor-version":[{"id":17542,"href":"https:\/\/wp.uaslp.mx\/noticias\/wp-json\/wp\/v2\/posts\/17540\/revisions\/17542"}],"wp:featuredmedia":[{"embeddable":true,"href":"https:\/\/wp.uaslp.mx\/noticias\/wp-json\/wp\/v2\/media\/17541"}],"wp:attachment":[{"href":"https:\/\/wp.uaslp.mx\/noticias\/wp-json\/wp\/v2\/media?parent=17540"}],"wp:term":[{"taxonomy":"category","embeddable":true,"href":"https:\/\/wp.uaslp.mx\/noticias\/wp-json\/wp\/v2\/categories?post=17540"},{"taxonomy":"post_tag","embeddable":true,"href":"https:\/\/wp.uaslp.mx\/noticias\/wp-json\/wp\/v2\/tags?post=17540"}],"curies":[{"name":"wp","href":"https:\/\/api.w.org\/{rel}","templated":true}]}}