{"id":17461,"date":"2024-12-02T15:03:54","date_gmt":"2024-12-02T21:03:54","guid":{"rendered":"https:\/\/wp.uaslp.mx\/noticias\/?p=17461"},"modified":"2024-12-02T15:03:55","modified_gmt":"2024-12-02T21:03:55","slug":"informacion-cientifica-sobre-vih-sida-debe-brindarse-desde-la-adolescencia-experta-de-la-facultad-de-psicologia","status":"publish","type":"post","link":"https:\/\/wp.uaslp.mx\/noticias\/academica\/informacion-cientifica-sobre-vih-sida-debe-brindarse-desde-la-adolescencia-experta-de-la-facultad-de-psicologia\/","title":{"rendered":"Informaci\u00f3n cient\u00edfica sobre VIH-SIDA debe brindarse desde la adolescencia: experta de la Facultad de Psicolog\u00eda"},"content":{"rendered":"\n<p>En el marco del D\u00eda Mundial del SIDA, que se conmemora cada 1 de diciembre, la maestra Mar\u00eda Giselle Castro Granados, responsable de Promoci\u00f3n e Investigaci\u00f3n de la Salud Sexual (PISSE), de la Coordinaci\u00f3n de Extensi\u00f3n y Responsabilidad Social (CERS) de la <a href=\"https:\/\/www.psicologia.uaslp.mx\/#gsc.tab=0\">Facultad de Psicolog\u00eda<\/a>, recomend\u00f3 que la informaci\u00f3n sobre el VIH-SIDA se brinde a partir del nivel de secundaria, es decir de los 13 a\u00f1os en adelante, como parte de una educaci\u00f3n sexual integral.<\/p>\n\n\n\n<p>En entrevista, junto a Sara Morales Garc\u00eda y Marcela Roaro P\u00e9rez, estudiantes que realizan sus pr\u00e1cticas profesionales en el programa, record\u00f3 que este a\u00f1o el lema de la conmemoraci\u00f3n es \u201cSigamos el camino de los derechos\u201d, que pretende eliminar el estigma hacia quienes portan el virus y subraya la necesidad de que se respeten sus derechos humanos.<\/p>\n\n\n\n<p>En este sentido, la docente inform\u00f3 que en lo que va de este ciclo escolar se ha atendido a m\u00e1s de mil 300 estudiantes, tanto de secundaria como de bachillerato en instituciones educativas de la capital y del municipio de Santa Mar\u00eda del R\u00edo, as\u00ed como en la Colonia Juvenil, a quienes se les ha otorgado informaci\u00f3n ver\u00eddica, con un enfoque positivo y validada por la ciencia, que les permite conocer su cuerpo y su salud sexual.<\/p>\n\n\n\n<p>La idea es que los chicos y chicas posean informaci\u00f3n en relaci\u00f3n a la prevenci\u00f3n de la enfermedad, pues se les debe sensibilizar para que tengan una ense\u00f1anza emocional y efectiva de las consecuencias de infecciones como el VIH-SIDA, apunt\u00f3 la experta.<\/p>\n\n\n\n<p>Las estudiantes, que forman parte de un grupo de 10 alumnos, explicaron que un punto a favor en esta instrucci\u00f3n es su edad, pues en los talleres, charlas y conferencias, los adolescentes y j\u00f3venes sienten menos verg\u00fcenza de preguntar, por lo que dejan de lado los tab\u00faes para estar informados adecuadamente.<\/p>\n\n\n\n<p>Asimismo, sostuvieron que estas charlas representan para ellas un reto de comunicaci\u00f3n, pues tienen que ser muy din\u00e1micas al momento de exponer los temas para lograr sensibilizarlos y que la informaci\u00f3n sea significativa para el p\u00fablico al que est\u00e1n dirigidas.<\/p>\n\n\n\n<p>Finalmente, la maestra Mar\u00eda Giselle Castro indic\u00f3 que, para los j\u00f3venes, recibir esta informaci\u00f3n de manera cient\u00edfica es un derecho sexual; dijo que es importante que se empoderen para que puedan cuidar su cuerpo. \u201cEs natural y saludable que tengan la curiosidad de conocer sobre estos temas, pero hay que irlos encaminando y que sepan los riesgos, por ejemplo, de delitos sexuales que hay en internet para poder lidiar con ello\u201d, afirm\u00f3.<\/p>\n\n\n\n<p>Para mayor informaci\u00f3n sobre los servicios que ofrece la Coordinaci\u00f3n de Extensi\u00f3n y Responsabilidad Social (CERS) de la <a href=\"https:\/\/www.psicologia.uaslp.mx\/#gsc.tab=0\">Facultad de Psicolog\u00eda<\/a>, las personas interesadas pueden comunicarse al correo: cers.psicologia@gmail.com y al n\u00famero telef\u00f3nico: 4448 3210 00 ext. 9330 o en el Facebook: CERS, <a href=\"https:\/\/www.facebook.com\/UASLPpsicologia\/\">Psicolog\u00eda UASLP<\/a>.<\/p>\n\n\n\n<p class=\"has-text-align-right\"><em>Guadalupe Guevara<\/em><\/p>\n","protected":false},"excerpt":{"rendered":"<p>En el marco del D\u00eda Mundial del SIDA, que se conmemora cada 1 de diciembre,&#8230;<\/p>\n","protected":false},"author":12,"featured_media":17462,"comment_status":"closed","ping_status":"closed","sticky":false,"template":"","format":"standard","meta":{"pgc_sgb_lightbox_settings":"","footnotes":""},"categories":[2],"tags":[2534],"class_list":["post-17461","post","type-post","status-publish","format-standard","has-post-thumbnail","hentry","category-academica","tag-dia-mundial-del-sida"],"featured_image_urls":{"full":["https:\/\/wp.uaslp.mx\/noticias\/wp-content\/uploads\/sites\/5\/2024\/12\/WhatsApp-Image-2024-12-02-at-2.54.31-PM.jpeg",2560,1920,false],"thumbnail":["https:\/\/wp.uaslp.mx\/noticias\/wp-content\/uploads\/sites\/5\/2024\/12\/WhatsApp-Image-2024-12-02-at-2.54.31-PM-150x150.jpeg",150,150,true],"medium":["https:\/\/wp.uaslp.mx\/noticias\/wp-content\/uploads\/sites\/5\/2024\/12\/WhatsApp-Image-2024-12-02-at-2.54.31-PM-1024x768.jpeg",1024,768,true],"medium_large":["https:\/\/wp.uaslp.mx\/noticias\/wp-content\/uploads\/sites\/5\/2024\/12\/WhatsApp-Image-2024-12-02-at-2.54.31-PM-768x576.jpeg",640,480,true],"large":["https:\/\/wp.uaslp.mx\/noticias\/wp-content\/uploads\/sites\/5\/2024\/12\/WhatsApp-Image-2024-12-02-at-2.54.31-PM.jpeg",2560,1920,false],"1536x1536":["https:\/\/wp.uaslp.mx\/noticias\/wp-content\/uploads\/sites\/5\/2024\/12\/WhatsApp-Image-2024-12-02-at-2.54.31-PM-1536x1152.jpeg",1536,1152,true],"2048x2048":["https:\/\/wp.uaslp.mx\/noticias\/wp-content\/uploads\/sites\/5\/2024\/12\/WhatsApp-Image-2024-12-02-at-2.54.31-PM-2048x1536.jpeg",2048,1536,true],"newsever-slider-full":["https:\/\/wp.uaslp.mx\/noticias\/wp-content\/uploads\/sites\/5\/2024\/12\/WhatsApp-Image-2024-12-02-at-2.54.31-PM-1280x845.jpeg",1280,845,true],"newsever-featured":["https:\/\/wp.uaslp.mx\/noticias\/wp-content\/uploads\/sites\/5\/2024\/12\/WhatsApp-Image-2024-12-02-at-2.54.31-PM-1024x768.jpeg",1024,768,true],"newsever-medium":["https:\/\/wp.uaslp.mx\/noticias\/wp-content\/uploads\/sites\/5\/2024\/12\/WhatsApp-Image-2024-12-02-at-2.54.31-PM-720x475.jpeg",720,475,true],"mailpoet_newsletter_max":["https:\/\/wp.uaslp.mx\/noticias\/wp-content\/uploads\/sites\/5\/2024\/12\/WhatsApp-Image-2024-12-02-at-2.54.31-PM-1320x990.jpeg",1320,990,true]},"author_info":{"display_name":"Prensa y difusi\u00f3n","author_link":"https:\/\/wp.uaslp.mx\/noticias\/author\/giovannamorales\/"},"category_info":"<a href=\"https:\/\/wp.uaslp.mx\/noticias\/category\/academica\/\" rel=\"category tag\">Acad\u00e9mica<\/a>","tag_info":"Acad\u00e9mica","comment_count":"0","_links":{"self":[{"href":"https:\/\/wp.uaslp.mx\/noticias\/wp-json\/wp\/v2\/posts\/17461","targetHints":{"allow":["GET"]}}],"collection":[{"href":"https:\/\/wp.uaslp.mx\/noticias\/wp-json\/wp\/v2\/posts"}],"about":[{"href":"https:\/\/wp.uaslp.mx\/noticias\/wp-json\/wp\/v2\/types\/post"}],"author":[{"embeddable":true,"href":"https:\/\/wp.uaslp.mx\/noticias\/wp-json\/wp\/v2\/users\/12"}],"replies":[{"embeddable":true,"href":"https:\/\/wp.uaslp.mx\/noticias\/wp-json\/wp\/v2\/comments?post=17461"}],"version-history":[{"count":1,"href":"https:\/\/wp.uaslp.mx\/noticias\/wp-json\/wp\/v2\/posts\/17461\/revisions"}],"predecessor-version":[{"id":17463,"href":"https:\/\/wp.uaslp.mx\/noticias\/wp-json\/wp\/v2\/posts\/17461\/revisions\/17463"}],"wp:featuredmedia":[{"embeddable":true,"href":"https:\/\/wp.uaslp.mx\/noticias\/wp-json\/wp\/v2\/media\/17462"}],"wp:attachment":[{"href":"https:\/\/wp.uaslp.mx\/noticias\/wp-json\/wp\/v2\/media?parent=17461"}],"wp:term":[{"taxonomy":"category","embeddable":true,"href":"https:\/\/wp.uaslp.mx\/noticias\/wp-json\/wp\/v2\/categories?post=17461"},{"taxonomy":"post_tag","embeddable":true,"href":"https:\/\/wp.uaslp.mx\/noticias\/wp-json\/wp\/v2\/tags?post=17461"}],"curies":[{"name":"wp","href":"https:\/\/api.w.org\/{rel}","templated":true}]}}