{"id":17401,"date":"2024-11-29T15:03:56","date_gmt":"2024-11-29T21:03:56","guid":{"rendered":"https:\/\/wp.uaslp.mx\/noticias\/?p=17401"},"modified":"2024-11-29T15:03:57","modified_gmt":"2024-11-29T21:03:57","slug":"exitoso-conversatorio-de-la-activista-rita-segato-en-la-uaslp","status":"publish","type":"post","link":"https:\/\/wp.uaslp.mx\/noticias\/mujeres-uaslp\/exitoso-conversatorio-de-la-activista-rita-segato-en-la-uaslp\/","title":{"rendered":"Exitoso conversatorio de la activista Rita Segato en la UASLP"},"content":{"rendered":"\n<p>Con diversos ejes tem\u00e1ticos del di\u00e1logo sobre los obst\u00e1culos que enfrentan las mujeres para conciliar los cuidados y la vida educativa o laboral universitaria, se llev\u00f3 cabo el conversatorio \u201cLas universidades como comunidades frente a las pol\u00edticas para la igualdad y sistemas de cuidado\u201d, a cargo de la escritora y antrop\u00f3loga argentina Rita Segato, este viernes 29 de noviembre en el patio del Edificio Central de la Universidad Aut\u00f3noma de San Luis Potos\u00ed (UASLP).<\/p>\n\n\n\n<p>El evento organizado por la Oficina de la Abogac\u00eda General, el Laboratorio de Investigaci\u00f3n, G\u00e9nero, Interculturalidad y Derechos Humanos de El Colegio de San Luis (COLSAN), en coordinaci\u00f3n con la Subsecretar\u00eda de Educaci\u00f3n B\u00e1sica del Gobierno Federal y la Federaci\u00f3n Mexicana de Universitarias cap\u00edtulo San Luis Potos\u00ed, form\u00f3 parte de la XX Jornada Acad\u00e9mica y Formativa: Caminando con Rita Segato.<\/p>\n\n\n\n<p>Durante el conversatorio, que fue de gran inter\u00e9s de la comunidad universitaria y sociedad en general, la activista platic\u00f3 y respondi\u00f3 preguntas de las y los asistentes relacionadas con los temas que ha escrito y trabajado a lo largo de su trayectoria, en la que ha realizado diversas investigaciones, formas de prevenci\u00f3n, de tratamiento, de juicio, de todo lo que puede hacerse dentro de un universo comunitario y c\u00f3mo evitar la violencia contra el g\u00e9nero femenino.<\/p>\n\n\n\n<p>Plante\u00f3 que el tema puede abordar algunas cuestiones, como aprobar leyes que respalden pol\u00edticas p\u00fablicas y permitan el procesamiento de las agresiones contra las mujeres, los juicios, las sentencias. \u201cNo es un camino \u00fanico, debe estar complementado por otro, porque, aunque juzguemos y condenemos a agresores de gran magnitud que, incluso, sucede poco, lo importante es cambiar las mentalidades en la sociedad\u201d, dijo.<\/p>\n\n\n\n<p>Otro punto que toc\u00f3 fue respecto a que la condena no evita el surgimiento de nuevos agresores, es decir, se condenan unos, pero surgir\u00e1n otros, porque el problema radica en c\u00f3mo est\u00e1 comprendida y atendida la cuesti\u00f3n de g\u00e9nero, la masculinidad y la agresividad de los hombres.<\/p>\n\n\n\n<p>Rita Segato agradeci\u00f3 la invitaci\u00f3n de la Oficina de la Abogac\u00eda General de la UASLP al conversatorio y el inter\u00e9s de los participantes en asuntos como la realidad las agresiones de g\u00e9nero, que se replican en todas las otras formas de violencia. \u201cSi M\u00e9xico quiere resolver esta problem\u00e1tica, tendr\u00e1 que pensar seriamente en el patriarcado, de otra manera no podr\u00e1 resolver esta situaci\u00f3n que, sin duda, afecta la imagen del pa\u00eds en el mundo\u201d, concluy\u00f3.<\/p>\n\n\n\n<p class=\"has-text-align-right\"><em>Noelia Mart\u00ednez<\/em><\/p>\n\n\n\n<figure class=\"wp-block-gallery has-nested-images columns-default is-cropped wp-block-gallery-1 is-layout-flex wp-block-gallery-is-layout-flex\">\n<figure class=\"wp-block-image size-medium\"><a href=\"https:\/\/wp.uaslp.mx\/noticias\/wp-content\/uploads\/sites\/5\/2024\/11\/WhatsApp-Image-2024-11-29-at-2.58.40-PM-2.jpeg\"><img loading=\"lazy\" decoding=\"async\" width=\"1024\" height=\"528\" data-id=\"17404\" src=\"https:\/\/wp.uaslp.mx\/noticias\/wp-content\/uploads\/sites\/5\/2024\/11\/WhatsApp-Image-2024-11-29-at-2.58.40-PM-2-1024x528.jpeg\" alt=\"\" class=\"wp-image-17404\" srcset=\"https:\/\/wp.uaslp.mx\/noticias\/wp-content\/uploads\/sites\/5\/2024\/11\/WhatsApp-Image-2024-11-29-at-2.58.40-PM-2-1024x528.jpeg 1024w, https:\/\/wp.uaslp.mx\/noticias\/wp-content\/uploads\/sites\/5\/2024\/11\/WhatsApp-Image-2024-11-29-at-2.58.40-PM-2-768x396.jpeg 768w, https:\/\/wp.uaslp.mx\/noticias\/wp-content\/uploads\/sites\/5\/2024\/11\/WhatsApp-Image-2024-11-29-at-2.58.40-PM-2.jpeg 1280w\" sizes=\"auto, (max-width: 1024px) 100vw, 1024px\" \/><\/a><\/figure>\n<\/figure>\n","protected":false},"excerpt":{"rendered":"<p>Con diversos ejes tem\u00e1ticos del di\u00e1logo sobre los obst\u00e1culos que enfrentan las mujeres para conciliar&#8230;<\/p>\n","protected":false},"author":12,"featured_media":17403,"comment_status":"closed","ping_status":"closed","sticky":false,"template":"","format":"standard","meta":{"pgc_sgb_lightbox_settings":"","footnotes":""},"categories":[1671],"tags":[394,2519],"class_list":["post-17401","post","type-post","status-publish","format-standard","has-post-thumbnail","hentry","category-mujeres-uaslp","tag-igualdad","tag-mujeresyeducacionuaslp"],"featured_image_urls":{"full":["https:\/\/wp.uaslp.mx\/noticias\/wp-content\/uploads\/sites\/5\/2024\/11\/WhatsApp-Image-2024-11-29-at-2.58.40-PM-1.jpeg",1280,960,false],"thumbnail":["https:\/\/wp.uaslp.mx\/noticias\/wp-content\/uploads\/sites\/5\/2024\/11\/WhatsApp-Image-2024-11-29-at-2.58.40-PM-1-150x150.jpeg",150,150,true],"medium":["https:\/\/wp.uaslp.mx\/noticias\/wp-content\/uploads\/sites\/5\/2024\/11\/WhatsApp-Image-2024-11-29-at-2.58.40-PM-1-1024x768.jpeg",1024,768,true],"medium_large":["https:\/\/wp.uaslp.mx\/noticias\/wp-content\/uploads\/sites\/5\/2024\/11\/WhatsApp-Image-2024-11-29-at-2.58.40-PM-1-768x576.jpeg",640,480,true],"large":["https:\/\/wp.uaslp.mx\/noticias\/wp-content\/uploads\/sites\/5\/2024\/11\/WhatsApp-Image-2024-11-29-at-2.58.40-PM-1.jpeg",1280,960,false],"1536x1536":["https:\/\/wp.uaslp.mx\/noticias\/wp-content\/uploads\/sites\/5\/2024\/11\/WhatsApp-Image-2024-11-29-at-2.58.40-PM-1.jpeg",1280,960,false],"2048x2048":["https:\/\/wp.uaslp.mx\/noticias\/wp-content\/uploads\/sites\/5\/2024\/11\/WhatsApp-Image-2024-11-29-at-2.58.40-PM-1.jpeg",1280,960,false],"newsever-slider-full":["https:\/\/wp.uaslp.mx\/noticias\/wp-content\/uploads\/sites\/5\/2024\/11\/WhatsApp-Image-2024-11-29-at-2.58.40-PM-1-1280x845.jpeg",1280,845,true],"newsever-featured":["https:\/\/wp.uaslp.mx\/noticias\/wp-content\/uploads\/sites\/5\/2024\/11\/WhatsApp-Image-2024-11-29-at-2.58.40-PM-1-1024x768.jpeg",1024,768,true],"newsever-medium":["https:\/\/wp.uaslp.mx\/noticias\/wp-content\/uploads\/sites\/5\/2024\/11\/WhatsApp-Image-2024-11-29-at-2.58.40-PM-1-720x475.jpeg",720,475,true],"mailpoet_newsletter_max":["https:\/\/wp.uaslp.mx\/noticias\/wp-content\/uploads\/sites\/5\/2024\/11\/WhatsApp-Image-2024-11-29-at-2.58.40-PM-1.jpeg",1280,960,false]},"author_info":{"display_name":"Prensa y difusi\u00f3n","author_link":"https:\/\/wp.uaslp.mx\/noticias\/author\/giovannamorales\/"},"category_info":"<a href=\"https:\/\/wp.uaslp.mx\/noticias\/category\/mujeres-uaslp\/\" rel=\"category tag\">Mujeres UASLP<\/a>","tag_info":"Mujeres UASLP","comment_count":"0","_links":{"self":[{"href":"https:\/\/wp.uaslp.mx\/noticias\/wp-json\/wp\/v2\/posts\/17401","targetHints":{"allow":["GET"]}}],"collection":[{"href":"https:\/\/wp.uaslp.mx\/noticias\/wp-json\/wp\/v2\/posts"}],"about":[{"href":"https:\/\/wp.uaslp.mx\/noticias\/wp-json\/wp\/v2\/types\/post"}],"author":[{"embeddable":true,"href":"https:\/\/wp.uaslp.mx\/noticias\/wp-json\/wp\/v2\/users\/12"}],"replies":[{"embeddable":true,"href":"https:\/\/wp.uaslp.mx\/noticias\/wp-json\/wp\/v2\/comments?post=17401"}],"version-history":[{"count":1,"href":"https:\/\/wp.uaslp.mx\/noticias\/wp-json\/wp\/v2\/posts\/17401\/revisions"}],"predecessor-version":[{"id":17405,"href":"https:\/\/wp.uaslp.mx\/noticias\/wp-json\/wp\/v2\/posts\/17401\/revisions\/17405"}],"wp:featuredmedia":[{"embeddable":true,"href":"https:\/\/wp.uaslp.mx\/noticias\/wp-json\/wp\/v2\/media\/17403"}],"wp:attachment":[{"href":"https:\/\/wp.uaslp.mx\/noticias\/wp-json\/wp\/v2\/media?parent=17401"}],"wp:term":[{"taxonomy":"category","embeddable":true,"href":"https:\/\/wp.uaslp.mx\/noticias\/wp-json\/wp\/v2\/categories?post=17401"},{"taxonomy":"post_tag","embeddable":true,"href":"https:\/\/wp.uaslp.mx\/noticias\/wp-json\/wp\/v2\/tags?post=17401"}],"curies":[{"name":"wp","href":"https:\/\/api.w.org\/{rel}","templated":true}]}}