{"id":17398,"date":"2024-12-30T10:00:00","date_gmt":"2024-12-30T16:00:00","guid":{"rendered":"https:\/\/wp.uaslp.mx\/noticias\/?p=17398"},"modified":"2024-12-16T12:56:48","modified_gmt":"2024-12-16T18:56:48","slug":"a-un-ano-de-su-creacion-licenciatura-en-psicologia-de-carhs-impacta-de-forma-positiva-en-la-region-huasteca-sur","status":"publish","type":"post","link":"https:\/\/wp.uaslp.mx\/noticias\/academica\/a-un-ano-de-su-creacion-licenciatura-en-psicologia-de-carhs-impacta-de-forma-positiva-en-la-region-huasteca-sur\/","title":{"rendered":"A un a\u00f1o de su creaci\u00f3n, Licenciatura en Psicolog\u00eda de CARHS impacta de forma positiva en la regi\u00f3n huasteca sur\u00a0"},"content":{"rendered":"\n<p>A poco m\u00e1s de a\u00f1o de su lanzamiento, la <a href=\"https:\/\/www.carhs.uaslp.mx\/ProgramasAcademicos\/Detalle\/219#gsc.tab=0\">Licenciatura en Psicolog\u00eda de la Coordinaci\u00f3n Acad\u00e9mica Regi\u00f3n Huasteca Sur <\/a>(CARHS) de la Universidad Aut\u00f3noma de San Luis Potos\u00ed (UASLP) est\u00e1 dejando un impacto positivo en la regi\u00f3n, as\u00ed lo consider\u00f3 el coordinador de la carrera, el maestro Jhonny Bautista Valdivia; quien detall\u00f3 que, por ejemplo, estudiantes colaboran con diversas instituciones lo que manifesta la necesidad de contar con este perfil profesional.&nbsp;&nbsp;<\/p>\n\n\n\n<p>El docente universitario destac\u00f3 que, adem\u00e1s de desarrollar actividades en el propio campus, los alumnos han visitado entidades como el Centro Estatal de Reinserci\u00f3n Social de Tamazunchale y escuelas de educaci\u00f3n b\u00e1sica, como secundarias, han solicitado la impartici\u00f3n de talleres y charlas, en temas diversos como educaci\u00f3n sexual, relaciones en el noviazgo, prevenci\u00f3n respecto al consumo de drogas, entre otros.&nbsp;<\/p>\n\n\n\n<p>Record\u00f3 que la primera generaci\u00f3n de la Licenciatura en Psicolog\u00eda inici\u00f3 en agosto de 2023, por lo que en enero comenzar\u00e1n a cursar el cuarto semestre los 33 estudiantes que la integran; mientras que la segunda generaci\u00f3n que culmin\u00f3 en diciembre de 2024 el primer semestre, est\u00e1 compuesta por 34 estudiantes.&nbsp;<\/p>\n\n\n\n<p>Bautista Valdivia indic\u00f3 que durante el mes de diciembre los j\u00f3venes presentaron a la poblaci\u00f3n del municipio diversos proyectos en la \u201cFeria de la Salud Mental\u201d, en los que abordaron temas relacionados con el cuidado de la mente y la importancia de mantenerla sana. Antes, en octubre, asistieron al Tecnol\u00f3gico Nacional de M\u00e9xico, campus Tamazunchale.&nbsp;&nbsp;<\/p>\n\n\n\n<p>El coordinador de la Licenciatura en Psicolog\u00eda dijo esperar que tanto estas como las subsecuentes generaciones contin\u00faen dejando un impacto positivo en la regi\u00f3n, pues se ha registrado una alta demanda en el proceso de admisi\u00f3n para estudiar esta carrera; ante lo cual se tiene la expectativa de que en las siguientes generaciones se puedan integrar hasta dos grupos de alumnos.&nbsp;<\/p>\n\n\n\n<p>En entrevista, la estudiante de la primera generaci\u00f3n, Carmen Elizabeth Salazar Hern\u00e1ndez, calific\u00f3 como una grata experiencia la formaci\u00f3n que ha recibido. Sostuvo que sus compa\u00f1eros tienen mucha capacidad pues han otorgado pl\u00e1ticas a j\u00f3venes su edad en el Instituto Tecnol\u00f3gico Superior de Tamazuchale, pero tambi\u00e9n a ni\u00f1os y docentes del Colegio Fray Pedro de Gante, en donde abordaron la relaci\u00f3n alumno-maestro y viceversa.&nbsp;<\/p>\n\n\n\n<p>Coment\u00f3 que cuando concluya su formaci\u00f3n profesional como psic\u00f3loga le gustar\u00eda realizar una especializaci\u00f3n en el \u00e1rea de Terapia Familiar. Asegur\u00f3 que esta \u00e1rea le apasiona, ya que le ha llamado la atenci\u00f3n que un problema impacta de manera distinta a cada uno de los integrantes de una familia, as\u00ed como estudiar la forma en que, con diversas estrategias colectivas, los afectados pueden salir avante a trav\u00e9s de la terapia colectiva.&nbsp;<\/p>\n\n\n\n<p>Para los personas interesadas, el siguiente Proceso de Admisi\u00f3n de la UASLP se realizar\u00e1 de los meses de enero a mayo de 2025, a trav\u00e9s de la p\u00e1gina oficial https:\/\/aspirantes.uaslp.mx, en donde se deber\u00e1n registrar las y los aspirantes para presentar el examen de conocimientos en el mes de julio. La informaci\u00f3n completa sobre la carrera de Psicolog\u00eda en Tamazunchale se puede consultar en el sitio <a href=\"https:\/\/www.carhs.uaslp.mx\/ProgramasAcademicos\/Detalle\/219#gsc.tab=0\">https:\/\/www.carhs.uaslp.mx\/ProgramasAcademicos\/Detalle\/219#gsc.tab=0<\/a><\/p>\n\n\n\n<p class=\"has-text-align-right\"><em>Talia Corpus<\/em><\/p>\n\n\n\n<figure class=\"wp-block-gallery has-nested-images columns-default is-cropped wp-block-gallery-1 is-layout-flex wp-block-gallery-is-layout-flex\">\n<figure class=\"wp-block-image size-medium\"><a href=\"https:\/\/wp.uaslp.mx\/noticias\/wp-content\/uploads\/sites\/5\/2024\/12\/estudiantes-de-psicologia.jpg\"><img loading=\"lazy\" decoding=\"async\" width=\"1024\" height=\"768\" data-id=\"17674\" src=\"https:\/\/wp.uaslp.mx\/noticias\/wp-content\/uploads\/sites\/5\/2024\/12\/estudiantes-de-psicologia-1024x768.jpg\" alt=\"\" class=\"wp-image-17674\" srcset=\"https:\/\/wp.uaslp.mx\/noticias\/wp-content\/uploads\/sites\/5\/2024\/12\/estudiantes-de-psicologia-1024x768.jpg 1024w, https:\/\/wp.uaslp.mx\/noticias\/wp-content\/uploads\/sites\/5\/2024\/12\/estudiantes-de-psicologia-768x576.jpg 768w, https:\/\/wp.uaslp.mx\/noticias\/wp-content\/uploads\/sites\/5\/2024\/12\/estudiantes-de-psicologia-1320x990.jpg 1320w, https:\/\/wp.uaslp.mx\/noticias\/wp-content\/uploads\/sites\/5\/2024\/12\/estudiantes-de-psicologia.jpg 1440w\" sizes=\"auto, (max-width: 1024px) 100vw, 1024px\" \/><\/a><\/figure>\n<\/figure>\n","protected":false},"excerpt":{"rendered":"<p>A poco m\u00e1s de a\u00f1o de su lanzamiento, la Licenciatura en Psicolog\u00eda de la Coordinaci\u00f3n&#8230;<\/p>\n","protected":false},"author":12,"featured_media":17399,"comment_status":"closed","ping_status":"closed","sticky":false,"template":"","format":"standard","meta":{"pgc_sgb_lightbox_settings":"","footnotes":""},"categories":[2],"tags":[109,2159],"class_list":["post-17398","post","type-post","status-publish","format-standard","has-post-thumbnail","hentry","category-academica","tag-carhs","tag-psicologiauaslp"],"featured_image_urls":{"full":["https:\/\/wp.uaslp.mx\/noticias\/wp-content\/uploads\/sites\/5\/2024\/11\/Johny-Bautista-y-alumna-de-Psicologa.png",1800,1200,false],"thumbnail":["https:\/\/wp.uaslp.mx\/noticias\/wp-content\/uploads\/sites\/5\/2024\/11\/Johny-Bautista-y-alumna-de-Psicologa-150x150.png",150,150,true],"medium":["https:\/\/wp.uaslp.mx\/noticias\/wp-content\/uploads\/sites\/5\/2024\/11\/Johny-Bautista-y-alumna-de-Psicologa-1024x683.png",1024,683,true],"medium_large":["https:\/\/wp.uaslp.mx\/noticias\/wp-content\/uploads\/sites\/5\/2024\/11\/Johny-Bautista-y-alumna-de-Psicologa-768x512.png",640,427,true],"large":["https:\/\/wp.uaslp.mx\/noticias\/wp-content\/uploads\/sites\/5\/2024\/11\/Johny-Bautista-y-alumna-de-Psicologa.png",1800,1200,false],"1536x1536":["https:\/\/wp.uaslp.mx\/noticias\/wp-content\/uploads\/sites\/5\/2024\/11\/Johny-Bautista-y-alumna-de-Psicologa-1536x1024.png",1536,1024,true],"2048x2048":["https:\/\/wp.uaslp.mx\/noticias\/wp-content\/uploads\/sites\/5\/2024\/11\/Johny-Bautista-y-alumna-de-Psicologa.png",1800,1200,false],"newsever-slider-full":["https:\/\/wp.uaslp.mx\/noticias\/wp-content\/uploads\/sites\/5\/2024\/11\/Johny-Bautista-y-alumna-de-Psicologa-1280x845.png",1280,845,true],"newsever-featured":["https:\/\/wp.uaslp.mx\/noticias\/wp-content\/uploads\/sites\/5\/2024\/11\/Johny-Bautista-y-alumna-de-Psicologa-1024x683.png",1024,683,true],"newsever-medium":["https:\/\/wp.uaslp.mx\/noticias\/wp-content\/uploads\/sites\/5\/2024\/11\/Johny-Bautista-y-alumna-de-Psicologa-720x475.png",720,475,true],"mailpoet_newsletter_max":["https:\/\/wp.uaslp.mx\/noticias\/wp-content\/uploads\/sites\/5\/2024\/11\/Johny-Bautista-y-alumna-de-Psicologa-1320x880.png",1320,880,true]},"author_info":{"display_name":"Prensa y difusi\u00f3n","author_link":"https:\/\/wp.uaslp.mx\/noticias\/author\/giovannamorales\/"},"category_info":"<a href=\"https:\/\/wp.uaslp.mx\/noticias\/category\/academica\/\" rel=\"category tag\">Acad\u00e9mica<\/a>","tag_info":"Acad\u00e9mica","comment_count":"0","_links":{"self":[{"href":"https:\/\/wp.uaslp.mx\/noticias\/wp-json\/wp\/v2\/posts\/17398","targetHints":{"allow":["GET"]}}],"collection":[{"href":"https:\/\/wp.uaslp.mx\/noticias\/wp-json\/wp\/v2\/posts"}],"about":[{"href":"https:\/\/wp.uaslp.mx\/noticias\/wp-json\/wp\/v2\/types\/post"}],"author":[{"embeddable":true,"href":"https:\/\/wp.uaslp.mx\/noticias\/wp-json\/wp\/v2\/users\/12"}],"replies":[{"embeddable":true,"href":"https:\/\/wp.uaslp.mx\/noticias\/wp-json\/wp\/v2\/comments?post=17398"}],"version-history":[{"count":2,"href":"https:\/\/wp.uaslp.mx\/noticias\/wp-json\/wp\/v2\/posts\/17398\/revisions"}],"predecessor-version":[{"id":17675,"href":"https:\/\/wp.uaslp.mx\/noticias\/wp-json\/wp\/v2\/posts\/17398\/revisions\/17675"}],"wp:featuredmedia":[{"embeddable":true,"href":"https:\/\/wp.uaslp.mx\/noticias\/wp-json\/wp\/v2\/media\/17399"}],"wp:attachment":[{"href":"https:\/\/wp.uaslp.mx\/noticias\/wp-json\/wp\/v2\/media?parent=17398"}],"wp:term":[{"taxonomy":"category","embeddable":true,"href":"https:\/\/wp.uaslp.mx\/noticias\/wp-json\/wp\/v2\/categories?post=17398"},{"taxonomy":"post_tag","embeddable":true,"href":"https:\/\/wp.uaslp.mx\/noticias\/wp-json\/wp\/v2\/tags?post=17398"}],"curies":[{"name":"wp","href":"https:\/\/api.w.org\/{rel}","templated":true}]}}