{"id":17278,"date":"2024-11-23T11:12:23","date_gmt":"2024-11-23T17:12:23","guid":{"rendered":"https:\/\/wp.uaslp.mx\/noticias\/?p=17278"},"modified":"2024-11-25T11:17:47","modified_gmt":"2024-11-25T17:17:47","slug":"democratas-y-republicanos-de-eeuu-evitan-un-acuerdo-formal-para-regulacion-de-migrantes-doctor-luevano-bustamante","status":"publish","type":"post","link":"https:\/\/wp.uaslp.mx\/noticias\/uaslp\/democratas-y-republicanos-de-eeuu-evitan-un-acuerdo-formal-para-regulacion-de-migrantes-doctor-luevano-bustamante\/","title":{"rendered":"Dem\u00f3cratas y republicanos de EEUU evitan un acuerdo formal para regulaci\u00f3n de migrantes: doctor Lu\u00e9vano Bustamante"},"content":{"rendered":"\n<p>Respecto a los posibles efectos de la reelecci\u00f3n de Donald Trump en la pol\u00edtica migratoria y su impacto en los migrantes mexicanos en Estados Unidos como en M\u00e9xico, el doctor Guillermo Lu\u00e9vano Bustamante, coordinador de la <a href=\"https:\/\/www.derecho.uaslp.mx\/posgrado\/Paginas\/Maestrias\/3440#gsc.tab=0\">Maestr\u00eda en Derechos Humanos de la Universidad Aut\u00f3noma de San Luis Potos\u00ed <\/a>(UASLP), coment\u00f3 que republicanos y dem\u00f3cratas no han llegado a un acuerdo formal para su regularizaci\u00f3n, lo cual mantiene en situaci\u00f3n vulnerable a ese sector de la poblaci\u00f3n.<\/p>\n\n\n\n<p>Explic\u00f3 que mientras que el expresidente Barack Obama opt\u00f3 por un mecanismo m\u00e1s institucional, a trav\u00e9s de la revisi\u00f3n de casos individuales, la administraci\u00f3n de Trump ha implementado un enfoque agresivo y estereotipado hacia los migrantes, especialmente mexicanos, pues ha creado una percepci\u00f3n negativa y generalizada hacia esta comunidad.<\/p>\n\n\n\n<p>&#8220;Independientemente de qui\u00e9n gobierne, tanto dem\u00f3cratas como republicanos han evitado impulsar un acuerdo formal para la regularizaci\u00f3n de personas en migraci\u00f3n&#8221;, se\u00f1al\u00f3 Lu\u00e9vano y agreg\u00f3 que, debido a ello, esa poblaci\u00f3n ha tenido que enfrentar constantes desaf\u00edos en la lucha por sus derechos.<\/p>\n\n\n\n<p>Tambi\u00e9n destac\u00f3 que, aunque la mayor\u00eda de los mexicanos en Estados Unidos tienen un estatus migratorio regular, la ret\u00f3rica de Trump ha incentivado la estigmatizaci\u00f3n y vulnerabilidad de esta poblaci\u00f3n, pues el discurso del presidente electo de EEUU tiende a catalogarlos como criminales o traficantes, lo que los obliga a ocultarse de la vida p\u00fablica y a evitar el contacto con las autoridades, incluso aquellos que tienen estatus legal.<\/p>\n\n\n\n<p>Este fen\u00f3meno aumenta el riesgo de que sus derechos humanos sean violentados en \u00e1mbitos laborales y en el acceso a servicios. &#8220;El discurso de Trump no s\u00f3lo endurece las pol\u00edticas migratorias, sino que empuja a los mexicanos a la clandestinidad&#8221;, afirm\u00f3 Guillermo Lu\u00e9vano.<\/p>\n\n\n\n<p>Se\u00f1al\u00f3 que las pol\u00edticas de Trump tambi\u00e9n tienen consecuencias significativas para M\u00e9xico, pues el endurecimiento en el paso de la frontera y la posible reducci\u00f3n de flujo de migrantes el pa\u00eds del norte pueden convertir a M\u00e9xico en un &#8220;tercer pa\u00eds seguro&#8221;.<\/p>\n\n\n\n<p>Esto implica que los centroamericanos que buscan llegar a EUA se vean obligados a realizar sus tr\u00e1mites desde M\u00e9xico, lo que podr\u00eda crear un &#8220;tap\u00f3n&#8221; en la frontera, lo que representar\u00eda un gran reto para el gobierno mexicano, que deber\u00e1 implementar pol\u00edticas de inclusi\u00f3n y adaptaci\u00f3n sociolaboral para una poblaci\u00f3n creciente.<\/p>\n\n\n\n<p>&#8220;Es fundamental que el gobierno mexicano desarrolle pol\u00edticas de integraci\u00f3n para enfrentar los desaf\u00edos derivados de la pol\u00edtica migratoria estadounidense&#8221;, indic\u00f3 Lu\u00e9vano y sugiri\u00f3 la necesidad de un enfoque proactivo y multifac\u00e9tico.<\/p>\n\n\n\n<p class=\"has-text-align-right\"><em>Hugo Laussin<\/em><\/p>\n\n\n\n<p><\/p>\n","protected":false},"excerpt":{"rendered":"<p>Respecto a los posibles efectos de la reelecci\u00f3n de Donald Trump en la pol\u00edtica migratoria&#8230;<\/p>\n","protected":false},"author":12,"featured_media":17279,"comment_status":"closed","ping_status":"closed","sticky":false,"template":"","format":"standard","meta":{"pgc_sgb_lightbox_settings":"","footnotes":""},"categories":[782],"tags":[2487,2488],"class_list":["post-17278","post","type-post","status-publish","format-standard","has-post-thumbnail","hentry","category-uaslp","tag-impactopoliticoenmigracion","tag-migracionyderechoshumanos"],"featured_image_urls":{"full":["https:\/\/wp.uaslp.mx\/noticias\/wp-content\/uploads\/sites\/5\/2024\/11\/WhatsApp-Image-2024-11-23-at-1.10.30-PM.jpeg",1600,1200,false],"thumbnail":["https:\/\/wp.uaslp.mx\/noticias\/wp-content\/uploads\/sites\/5\/2024\/11\/WhatsApp-Image-2024-11-23-at-1.10.30-PM-150x150.jpeg",150,150,true],"medium":["https:\/\/wp.uaslp.mx\/noticias\/wp-content\/uploads\/sites\/5\/2024\/11\/WhatsApp-Image-2024-11-23-at-1.10.30-PM-1024x768.jpeg",1024,768,true],"medium_large":["https:\/\/wp.uaslp.mx\/noticias\/wp-content\/uploads\/sites\/5\/2024\/11\/WhatsApp-Image-2024-11-23-at-1.10.30-PM-768x576.jpeg",640,480,true],"large":["https:\/\/wp.uaslp.mx\/noticias\/wp-content\/uploads\/sites\/5\/2024\/11\/WhatsApp-Image-2024-11-23-at-1.10.30-PM.jpeg",1600,1200,false],"1536x1536":["https:\/\/wp.uaslp.mx\/noticias\/wp-content\/uploads\/sites\/5\/2024\/11\/WhatsApp-Image-2024-11-23-at-1.10.30-PM-1536x1152.jpeg",1536,1152,true],"2048x2048":["https:\/\/wp.uaslp.mx\/noticias\/wp-content\/uploads\/sites\/5\/2024\/11\/WhatsApp-Image-2024-11-23-at-1.10.30-PM.jpeg",1600,1200,false],"newsever-slider-full":["https:\/\/wp.uaslp.mx\/noticias\/wp-content\/uploads\/sites\/5\/2024\/11\/WhatsApp-Image-2024-11-23-at-1.10.30-PM-1280x845.jpeg",1280,845,true],"newsever-featured":["https:\/\/wp.uaslp.mx\/noticias\/wp-content\/uploads\/sites\/5\/2024\/11\/WhatsApp-Image-2024-11-23-at-1.10.30-PM-1024x768.jpeg",1024,768,true],"newsever-medium":["https:\/\/wp.uaslp.mx\/noticias\/wp-content\/uploads\/sites\/5\/2024\/11\/WhatsApp-Image-2024-11-23-at-1.10.30-PM-720x475.jpeg",720,475,true],"mailpoet_newsletter_max":["https:\/\/wp.uaslp.mx\/noticias\/wp-content\/uploads\/sites\/5\/2024\/11\/WhatsApp-Image-2024-11-23-at-1.10.30-PM-1320x990.jpeg",1320,990,true]},"author_info":{"display_name":"Prensa y difusi\u00f3n","author_link":"https:\/\/wp.uaslp.mx\/noticias\/author\/giovannamorales\/"},"category_info":"<a href=\"https:\/\/wp.uaslp.mx\/noticias\/category\/uaslp\/\" rel=\"category tag\">UASLP<\/a>","tag_info":"UASLP","comment_count":"0","_links":{"self":[{"href":"https:\/\/wp.uaslp.mx\/noticias\/wp-json\/wp\/v2\/posts\/17278","targetHints":{"allow":["GET"]}}],"collection":[{"href":"https:\/\/wp.uaslp.mx\/noticias\/wp-json\/wp\/v2\/posts"}],"about":[{"href":"https:\/\/wp.uaslp.mx\/noticias\/wp-json\/wp\/v2\/types\/post"}],"author":[{"embeddable":true,"href":"https:\/\/wp.uaslp.mx\/noticias\/wp-json\/wp\/v2\/users\/12"}],"replies":[{"embeddable":true,"href":"https:\/\/wp.uaslp.mx\/noticias\/wp-json\/wp\/v2\/comments?post=17278"}],"version-history":[{"count":1,"href":"https:\/\/wp.uaslp.mx\/noticias\/wp-json\/wp\/v2\/posts\/17278\/revisions"}],"predecessor-version":[{"id":17280,"href":"https:\/\/wp.uaslp.mx\/noticias\/wp-json\/wp\/v2\/posts\/17278\/revisions\/17280"}],"wp:featuredmedia":[{"embeddable":true,"href":"https:\/\/wp.uaslp.mx\/noticias\/wp-json\/wp\/v2\/media\/17279"}],"wp:attachment":[{"href":"https:\/\/wp.uaslp.mx\/noticias\/wp-json\/wp\/v2\/media?parent=17278"}],"wp:term":[{"taxonomy":"category","embeddable":true,"href":"https:\/\/wp.uaslp.mx\/noticias\/wp-json\/wp\/v2\/categories?post=17278"},{"taxonomy":"post_tag","embeddable":true,"href":"https:\/\/wp.uaslp.mx\/noticias\/wp-json\/wp\/v2\/tags?post=17278"}],"curies":[{"name":"wp","href":"https:\/\/api.w.org\/{rel}","templated":true}]}}