{"id":1727,"date":"2021-11-03T14:00:00","date_gmt":"2021-11-03T20:00:00","guid":{"rendered":"http:\/\/www.noticiasuaslp.com\/?p=1727"},"modified":"2021-11-03T14:00:00","modified_gmt":"2021-11-03T20:00:00","slug":"inicio-la-14a-semana-de-la-facultad-de-contaduria-y-administracion-los-nuevos-retos-digitales","status":"publish","type":"post","link":"https:\/\/wp.uaslp.mx\/noticias\/academica\/inicio-la-14a-semana-de-la-facultad-de-contaduria-y-administracion-los-nuevos-retos-digitales\/","title":{"rendered":"Inici\u00f3 la 14\u00aa Semana de la Facultad de Contadur\u00eda y Administraci\u00f3n: Los nuevos retos digitales"},"content":{"rendered":"\n<p>Con seis conferencias, dos paneles, cuatro talleres, actividades culturales y deportivas que se realizar\u00e1n de manera presencial y virtual, dio inicio la edici\u00f3n n\u00famero 14 de la Semana de la Facultad de Contadur\u00eda y Administraci\u00f3n de la UASLP, misma que tendr\u00e1 una duraci\u00f3n hasta el cinco de noviembre del presente a\u00f1o.\u00a0<\/p>\n\n\n\n<p>En su mensaje inaugural, el rector, Dr. Alejandro Zerme\u00f1o Guerra asegur\u00f3 que esta actividad es un trabajo de coordinaci\u00f3n entre alumnos, maestros, funcionarios del plantel, y as\u00ed es como se avanza con el apoyo conjunto y se logra hacer las cosas.\u00a0 \u00a0<\/p>\n\n\n\n<p>Puntualiz\u00f3 que en estos momentos la instituci\u00f3n universitaria en general tiene que presentarse unida, s\u00f3lida, y a la vez firme para garantizar el derecho a libertad de c\u00e1tedra.\u00a0 \u00a0<\/p>\n\n\n\n<p>La Maestra Hilda Lorena Borjas, manifest\u00f3 que el lema de la 14 Semana de la Facultad de Contadur\u00eda y Administraci\u00f3n \u201cLos nuevos retos digitales\u201d se enfoca a lo que est\u00e1 a la orden del d\u00eda y ha tomado relevancia e importancia, sobre todos en los j\u00f3venes que han sabido utilizarla y los maestros se han incorporado en un cien por ciento por el manejo de la tecnolog\u00eda.\u00a0 \u00a0<\/p>\n\n\n\n<p>Al t\u00e9rmino de la ceremonia de inauguraci\u00f3n, se dio paso a la conferencia magistral \u201cGesti\u00f3n comercial y experiencia de aficionado en la industria del deporte\u201d, por Jaime Caro del Castillo, director comercial y de planeaci\u00f3n estrat\u00e9gica del Club Atl\u00e9tico de San Luis, Marketing.\u00a0 \u00a0<\/p>\n\n\n\n<p>En los pr\u00f3ximos d\u00edas se impartir\u00e1n las conferencias \u201cEl marketing territorial: La tendencia para posicionar pa\u00edses y ciudades\u201d; \u201cT\u00e9cnicas de afrontamiento, como enfrentar con \u00e9xito en estos tiempos de contingencia\u201d; \u201cPlaneaci\u00f3n municipal con base en resultados y marco l\u00f3gico\u201d; \u201cLa importancia de los costos en \u00e9poca de crisis y\/o pandemia\u201d; \u201cComo le va a la juventud con la pandemia\u201d.\u00a0\u00a0<\/p>\n\n\n\n<p>Asimismo, se tendr\u00e1n Testimonios de inclusi\u00f3n en la Facultad de Contadur\u00eda y Administraci\u00f3n, conversatorio de j\u00f3venes con alguna discapacidad que han podido cursar las licenciaturas en el plantel. El panel de Empleadores con la participaci\u00f3n de las empresas: ABB, BanBaj\u00edo, BMW, El Colegio de San Luis, A.C., Draexlmaier, Herdez, PwC, Valeo; talleres, y partidos simult\u00e1neos del Torneo de Futbol Sala 2021.\u00a0 \u00a0<\/p>\n\n\n\n<p>Interesados pueden consultar el programa de actividades en\u00a0<a rel=\"noreferrer noopener\" href=\"http:\/\/a.uaslp.mx\/14SemanaFCA\" target=\"_blank\">http:\/\/a.uaslp.mx\/14SemanaFCA\u00a0<\/a><\/p>\n","protected":false},"excerpt":{"rendered":"<p>Con seis conferencias, dos paneles, cuatro talleres, actividades culturales y deportivas que se realizar\u00e1n de&#8230;<\/p>\n","protected":false},"author":2,"featured_media":1707,"comment_status":"closed","ping_status":"closed","sticky":false,"template":"","format":"standard","meta":{"pgc_sgb_lightbox_settings":"","footnotes":""},"categories":[2],"tags":[319,630,706],"class_list":["post-1727","post","type-post","status-publish","format-standard","has-post-thumbnail","hentry","category-academica","tag-fca","tag-semana-academica","tag-uaslp"],"featured_image_urls":{"full":["https:\/\/wp.uaslp.mx\/noticias\/wp-content\/uploads\/sites\/5\/2022\/03\/Inauguracio\u0301n-14-Semana-FCA-UASLP.jpg",1600,1200,false],"thumbnail":["https:\/\/wp.uaslp.mx\/noticias\/wp-content\/uploads\/sites\/5\/2022\/03\/Inauguracio\u0301n-14-Semana-FCA-UASLP-150x150.jpg",150,150,true],"medium":["https:\/\/wp.uaslp.mx\/noticias\/wp-content\/uploads\/sites\/5\/2022\/03\/Inauguracio\u0301n-14-Semana-FCA-UASLP-300x225.jpg",300,225,true],"medium_large":["https:\/\/wp.uaslp.mx\/noticias\/wp-content\/uploads\/sites\/5\/2022\/03\/Inauguracio\u0301n-14-Semana-FCA-UASLP-768x576.jpg",640,480,true],"large":["https:\/\/wp.uaslp.mx\/noticias\/wp-content\/uploads\/sites\/5\/2022\/03\/Inauguracio\u0301n-14-Semana-FCA-UASLP-1024x768.jpg",1024,768,true],"1536x1536":["https:\/\/wp.uaslp.mx\/noticias\/wp-content\/uploads\/sites\/5\/2022\/03\/Inauguracio\u0301n-14-Semana-FCA-UASLP-1536x1152.jpg",1536,1152,true],"2048x2048":["https:\/\/wp.uaslp.mx\/noticias\/wp-content\/uploads\/sites\/5\/2022\/03\/Inauguracio\u0301n-14-Semana-FCA-UASLP.jpg",1600,1200,false],"newsever-slider-full":["https:\/\/wp.uaslp.mx\/noticias\/wp-content\/uploads\/sites\/5\/2022\/03\/Inauguracio\u0301n-14-Semana-FCA-UASLP-1280x845.jpg",1280,845,true],"newsever-featured":["https:\/\/wp.uaslp.mx\/noticias\/wp-content\/uploads\/sites\/5\/2022\/03\/Inauguracio\u0301n-14-Semana-FCA-UASLP-1024x768.jpg",1024,768,true],"newsever-medium":["https:\/\/wp.uaslp.mx\/noticias\/wp-content\/uploads\/sites\/5\/2022\/03\/Inauguracio\u0301n-14-Semana-FCA-UASLP-720x475.jpg",720,475,true],"mailpoet_newsletter_max":["https:\/\/wp.uaslp.mx\/noticias\/wp-content\/uploads\/sites\/5\/2022\/03\/Inauguracio\u0301n-14-Semana-FCA-UASLP-1320x990.jpg",1320,990,true]},"author_info":{"display_name":"Prensa y difusi\u00f3n","author_link":"https:\/\/wp.uaslp.mx\/noticias\/author\/joelcancino\/"},"category_info":"<a href=\"https:\/\/wp.uaslp.mx\/noticias\/category\/academica\/\" rel=\"category tag\">Acad\u00e9mica<\/a>","tag_info":"Acad\u00e9mica","comment_count":"0","_links":{"self":[{"href":"https:\/\/wp.uaslp.mx\/noticias\/wp-json\/wp\/v2\/posts\/1727","targetHints":{"allow":["GET"]}}],"collection":[{"href":"https:\/\/wp.uaslp.mx\/noticias\/wp-json\/wp\/v2\/posts"}],"about":[{"href":"https:\/\/wp.uaslp.mx\/noticias\/wp-json\/wp\/v2\/types\/post"}],"author":[{"embeddable":true,"href":"https:\/\/wp.uaslp.mx\/noticias\/wp-json\/wp\/v2\/users\/2"}],"replies":[{"embeddable":true,"href":"https:\/\/wp.uaslp.mx\/noticias\/wp-json\/wp\/v2\/comments?post=1727"}],"version-history":[{"count":0,"href":"https:\/\/wp.uaslp.mx\/noticias\/wp-json\/wp\/v2\/posts\/1727\/revisions"}],"wp:featuredmedia":[{"embeddable":true,"href":"https:\/\/wp.uaslp.mx\/noticias\/wp-json\/wp\/v2\/media\/1707"}],"wp:attachment":[{"href":"https:\/\/wp.uaslp.mx\/noticias\/wp-json\/wp\/v2\/media?parent=1727"}],"wp:term":[{"taxonomy":"category","embeddable":true,"href":"https:\/\/wp.uaslp.mx\/noticias\/wp-json\/wp\/v2\/categories?post=1727"},{"taxonomy":"post_tag","embeddable":true,"href":"https:\/\/wp.uaslp.mx\/noticias\/wp-json\/wp\/v2\/tags?post=1727"}],"curies":[{"name":"wp","href":"https:\/\/api.w.org\/{rel}","templated":true}]}}