{"id":16765,"date":"2024-10-23T15:03:35","date_gmt":"2024-10-23T20:03:35","guid":{"rendered":"https:\/\/wp.uaslp.mx\/noticias\/?p=16765"},"modified":"2024-10-23T15:03:37","modified_gmt":"2024-10-23T20:03:37","slug":"invita-fcc-al-seminario-permanente-practicas-y-dinamicas-sociocomunicativas","status":"publish","type":"post","link":"https:\/\/wp.uaslp.mx\/noticias\/academica\/invita-fcc-al-seminario-permanente-practicas-y-dinamicas-sociocomunicativas\/","title":{"rendered":"Invita FCC al Seminario Permanente: &#8220;Pr\u00e1cticas y Din\u00e1micas Sociocomunicativas&#8221;"},"content":{"rendered":"\n<p>La <a href=\"https:\/\/www.fcc.uaslp.mx\/#gsc.tab=0\">Facultad de Ciencias de la Comunicaci\u00f3n<\/a> (FCC) de la Universidad Aut\u00f3noma de San Luis Potos\u00ed (UASLP) llevar\u00e1 a cabo el Seminario Permanente &#8220;Pr\u00e1cticas y Din\u00e1micas Sociocomunicativas&#8221;, que arrancar\u00e1 el pr\u00f3ximo 8 de noviembre y est\u00e1 dirigido a la comunidad acad\u00e9mica, profesional y estudiantil.<\/p>\n\n\n\n<p>Este evento, que se desarrollar\u00e1 hasta el 2025, contar\u00e1 con la participaci\u00f3n de destacados ponentes de diversas instituciones nacionales e internacionales y abordar\u00e1 temas de gran relevancia para el campo de la comunicaci\u00f3n y las ciencias sociales en general.<\/p>\n\n\n\n<p>La doctora Susana Herrera Guerra, investigadora de la FCC y una de las coordinadoras del seminario, dijo que el enfoque interdisciplinario es uno de los principales atractivos, pues integra conferencias sobre radios comunitarias, desapariciones forzadas y contra narrativas de violencia, video-ensayos pol\u00edticos, historia y comunicaci\u00f3n, entre otros temas.<\/p>\n\n\n\n<p>Respecto a los ponentes que participar\u00e1n destacan el doctor Luis Sujatovich, de la Universidad Siglo XXI de Argentina, quien abordar\u00e1 el tema &#8220;Habitar la Red&#8221;, un an\u00e1lisis de la vida contempor\u00e1nea en el \u00e1mbito de las redes digitales; as\u00ed como el maestro Emanuel Sol\u00eds, de la FCC, y la doctora Jacqueline Garza, del Colegio de Jalisco, quienes discutir\u00e1n las narrativas de violencia y desapariciones desde los espacios sociodigitales.<\/p>\n\n\n\n<p>&#8220;Queremos que este seminario sea una oportunidad para reflexionar sobre el papel de la comunicaci\u00f3n en diferentes contextos&#8221;, se\u00f1al\u00f3 Herrera y destac\u00f3 la importancia de la interacci\u00f3n con los participantes.<\/p>\n\n\n\n<p>\u201cCada conferencia tendr\u00e1 una primera hora dedicada a la exposici\u00f3n del tema y una segunda hora en la que los asistentes podr\u00e1n entablar un di\u00e1logo con los ponentes&#8221;, agreg\u00f3.<\/p>\n\n\n\n<p>El evento tendr\u00e1 una duraci\u00f3n total de 30 horas, de las cuales 18 ser\u00e1n presenciales y 12 de trabajo aut\u00f3nomo, y sesiones se llevar\u00e1n a cabo una vez al mes, generalmente durante la \u00faltima semana, con la excepci\u00f3n de abril, debido a las festividades de Semana Santa. Aquellos interesados en obtener una constancia de participaci\u00f3n deben asistir a todas las sesiones y trabajar en un art\u00edculo de investigaci\u00f3n que ser\u00e1 evaluado para su posible publicaci\u00f3n.<\/p>\n\n\n\n<p>&#8220;La inscripci\u00f3n es gratuita y abierta a cualquier persona interesada&#8221;, coment\u00f3 la doctora Herrera, quien enfatiz\u00f3 que el seminario busca ser lo m\u00e1s inclusivo posible. Los participantes podr\u00e1n inscribirse hasta el 31 de octubre, una semana antes de la primera sesi\u00f3n, a trav\u00e9s de un enlace proporcionado por la facultad o al correo susana.herrera@uaslp.com.<\/p>\n\n\n\n<p>Finalmente, adelant\u00f3 que el curso culminar\u00e1 en mayo de 2025 con una conferencia magistral a\u00fan por confirmar, que ser\u00e1 parte de las celebraciones por el 40 aniversario de la FCC.<\/p>\n\n\n\n<p class=\"has-text-align-right\"><em>Hugo Laussin<\/em><\/p>\n\n\n\n<figure class=\"wp-block-gallery has-nested-images columns-default is-cropped wp-block-gallery-1 is-layout-flex wp-block-gallery-is-layout-flex\">\n<figure class=\"wp-block-image size-full\"><a href=\"https:\/\/wp.uaslp.mx\/noticias\/wp-content\/uploads\/sites\/5\/2024\/10\/WhatsApp-Image-2024-10-23-at-2.38.20-PM.jpeg\"><img loading=\"lazy\" decoding=\"async\" width=\"1236\" height=\"1600\" data-id=\"16769\" src=\"https:\/\/wp.uaslp.mx\/noticias\/wp-content\/uploads\/sites\/5\/2024\/10\/WhatsApp-Image-2024-10-23-at-2.38.20-PM.jpeg\" alt=\"\" class=\"wp-image-16769\" srcset=\"https:\/\/wp.uaslp.mx\/noticias\/wp-content\/uploads\/sites\/5\/2024\/10\/WhatsApp-Image-2024-10-23-at-2.38.20-PM.jpeg 1236w, https:\/\/wp.uaslp.mx\/noticias\/wp-content\/uploads\/sites\/5\/2024\/10\/WhatsApp-Image-2024-10-23-at-2.38.20-PM-791x1024.jpeg 791w, https:\/\/wp.uaslp.mx\/noticias\/wp-content\/uploads\/sites\/5\/2024\/10\/WhatsApp-Image-2024-10-23-at-2.38.20-PM-768x994.jpeg 768w, https:\/\/wp.uaslp.mx\/noticias\/wp-content\/uploads\/sites\/5\/2024\/10\/WhatsApp-Image-2024-10-23-at-2.38.20-PM-1187x1536.jpeg 1187w, https:\/\/wp.uaslp.mx\/noticias\/wp-content\/uploads\/sites\/5\/2024\/10\/WhatsApp-Image-2024-10-23-at-2.38.20-PM-1024x1326.jpeg 1024w\" sizes=\"auto, (max-width: 1236px) 100vw, 1236px\" \/><\/a><\/figure>\n<\/figure>\n","protected":false},"excerpt":{"rendered":"<p>La Facultad de Ciencias de la Comunicaci\u00f3n (FCC) de la Universidad Aut\u00f3noma de San Luis&#8230;<\/p>\n","protected":false},"author":12,"featured_media":16768,"comment_status":"closed","ping_status":"closed","sticky":false,"template":"","format":"standard","meta":{"pgc_sgb_lightbox_settings":"","footnotes":""},"categories":[2],"tags":[2358,2357],"class_list":["post-16765","post","type-post","status-publish","format-standard","has-post-thumbnail","hentry","category-academica","tag-cienciasdelacomunicacion","tag-seminariopermanente"],"featured_image_urls":{"full":["https:\/\/wp.uaslp.mx\/noticias\/wp-content\/uploads\/sites\/5\/2024\/10\/WhatsApp-Image-2024-10-23-at-2.38.09-PM.jpeg",1600,1330,false],"thumbnail":["https:\/\/wp.uaslp.mx\/noticias\/wp-content\/uploads\/sites\/5\/2024\/10\/WhatsApp-Image-2024-10-23-at-2.38.09-PM-150x150.jpeg",150,150,true],"medium":["https:\/\/wp.uaslp.mx\/noticias\/wp-content\/uploads\/sites\/5\/2024\/10\/WhatsApp-Image-2024-10-23-at-2.38.09-PM-1024x851.jpeg",1024,851,true],"medium_large":["https:\/\/wp.uaslp.mx\/noticias\/wp-content\/uploads\/sites\/5\/2024\/10\/WhatsApp-Image-2024-10-23-at-2.38.09-PM-768x638.jpeg",640,532,true],"large":["https:\/\/wp.uaslp.mx\/noticias\/wp-content\/uploads\/sites\/5\/2024\/10\/WhatsApp-Image-2024-10-23-at-2.38.09-PM.jpeg",1600,1330,false],"1536x1536":["https:\/\/wp.uaslp.mx\/noticias\/wp-content\/uploads\/sites\/5\/2024\/10\/WhatsApp-Image-2024-10-23-at-2.38.09-PM-1536x1277.jpeg",1536,1277,true],"2048x2048":["https:\/\/wp.uaslp.mx\/noticias\/wp-content\/uploads\/sites\/5\/2024\/10\/WhatsApp-Image-2024-10-23-at-2.38.09-PM.jpeg",1600,1330,false],"newsever-slider-full":["https:\/\/wp.uaslp.mx\/noticias\/wp-content\/uploads\/sites\/5\/2024\/10\/WhatsApp-Image-2024-10-23-at-2.38.09-PM-1280x845.jpeg",1280,845,true],"newsever-featured":["https:\/\/wp.uaslp.mx\/noticias\/wp-content\/uploads\/sites\/5\/2024\/10\/WhatsApp-Image-2024-10-23-at-2.38.09-PM-1024x851.jpeg",1024,851,true],"newsever-medium":["https:\/\/wp.uaslp.mx\/noticias\/wp-content\/uploads\/sites\/5\/2024\/10\/WhatsApp-Image-2024-10-23-at-2.38.09-PM-720x475.jpeg",720,475,true],"mailpoet_newsletter_max":["https:\/\/wp.uaslp.mx\/noticias\/wp-content\/uploads\/sites\/5\/2024\/10\/WhatsApp-Image-2024-10-23-at-2.38.09-PM-1320x1097.jpeg",1320,1097,true]},"author_info":{"display_name":"Prensa y difusi\u00f3n","author_link":"https:\/\/wp.uaslp.mx\/noticias\/author\/giovannamorales\/"},"category_info":"<a href=\"https:\/\/wp.uaslp.mx\/noticias\/category\/academica\/\" rel=\"category tag\">Acad\u00e9mica<\/a>","tag_info":"Acad\u00e9mica","comment_count":"0","_links":{"self":[{"href":"https:\/\/wp.uaslp.mx\/noticias\/wp-json\/wp\/v2\/posts\/16765","targetHints":{"allow":["GET"]}}],"collection":[{"href":"https:\/\/wp.uaslp.mx\/noticias\/wp-json\/wp\/v2\/posts"}],"about":[{"href":"https:\/\/wp.uaslp.mx\/noticias\/wp-json\/wp\/v2\/types\/post"}],"author":[{"embeddable":true,"href":"https:\/\/wp.uaslp.mx\/noticias\/wp-json\/wp\/v2\/users\/12"}],"replies":[{"embeddable":true,"href":"https:\/\/wp.uaslp.mx\/noticias\/wp-json\/wp\/v2\/comments?post=16765"}],"version-history":[{"count":1,"href":"https:\/\/wp.uaslp.mx\/noticias\/wp-json\/wp\/v2\/posts\/16765\/revisions"}],"predecessor-version":[{"id":16770,"href":"https:\/\/wp.uaslp.mx\/noticias\/wp-json\/wp\/v2\/posts\/16765\/revisions\/16770"}],"wp:featuredmedia":[{"embeddable":true,"href":"https:\/\/wp.uaslp.mx\/noticias\/wp-json\/wp\/v2\/media\/16768"}],"wp:attachment":[{"href":"https:\/\/wp.uaslp.mx\/noticias\/wp-json\/wp\/v2\/media?parent=16765"}],"wp:term":[{"taxonomy":"category","embeddable":true,"href":"https:\/\/wp.uaslp.mx\/noticias\/wp-json\/wp\/v2\/categories?post=16765"},{"taxonomy":"post_tag","embeddable":true,"href":"https:\/\/wp.uaslp.mx\/noticias\/wp-json\/wp\/v2\/tags?post=16765"}],"curies":[{"name":"wp","href":"https:\/\/api.w.org\/{rel}","templated":true}]}}