{"id":16728,"date":"2024-10-21T15:26:01","date_gmt":"2024-10-21T20:26:01","guid":{"rendered":"https:\/\/wp.uaslp.mx\/noticias\/?p=16728"},"modified":"2024-10-21T15:26:03","modified_gmt":"2024-10-21T20:26:03","slug":"uaslp-es-sede-de-la-6a-semana-estatal-de-ciencia-y-tecnologia","status":"publish","type":"post","link":"https:\/\/wp.uaslp.mx\/noticias\/academica\/uaslp-es-sede-de-la-6a-semana-estatal-de-ciencia-y-tecnologia\/","title":{"rendered":"UASLP es sede de la 6\u00aa Semana Estatal de Ciencia y Tecnolog\u00eda"},"content":{"rendered":"\n<p>A partir de este lunes 21 y hasta el 25 de octubre, la Universidad Aut\u00f3noma de San Luis Potos\u00ed (UASLP) es sede de la <a href=\"https:\/\/www.uaslp.mx\/InvestigacionyPosgrado\/Paginas\/Difusion-y-divulgacion-\/4167#gsc.tab=0\">6\u00aa Semana Estatal de Ciencia y Tecnolog\u00eda<\/a>, evento que se realiza en el marco de la Semana Nacional del Conocimiento y la Innovaci\u00f3n impulsada por la Red Nacional de Consejos y Organismos Estatales de Ciencia y Tecnolog\u00eda. Durante cinco d\u00edas se desarrollar\u00e1n m\u00e1s de 600 actividades en beneficio de ni\u00f1os y j\u00f3venes de instituciones de educaci\u00f3n b\u00e1sica y media superior.<\/p>\n\n\n\n<p>La 6\u00aa Semana Estatal de Ciencia y Tecnolog\u00eda se realiza gracias a la colaboraci\u00f3n de instituciones educativas, de investigaci\u00f3n y ciencia, como el COPOCYT, IPICYT, El Colegio de San Luis y la Secretar\u00eda de Educaci\u00f3n P\u00fablica del Gobierno del Estado (SEGE). Es un espacio que invita a ni\u00f1os y j\u00f3venes a explorar las posibilidades que ofrece la ciencia, y a descubrir c\u00f3mo \u00e9sta no solo ampl\u00eda el conocimiento sino que es pilar fundamental del desarrollo econ\u00f3mico, cultural, y social del pa\u00eds.<\/p>\n\n\n\n<p>Como anfitri\u00f3n de este importante evento, el rector de la UASLP, doctor Alejandro Javier Zerme\u00f1o Guerra, explic\u00f3 que el evento se realiza dentro de la Semana Nacional, en la que participan las 32 entidades federativas. \u201cLa Universidad Aut\u00f3noma de San Luis Potos\u00ed se enorgullece de formar parte del comit\u00e9 organizador estatal; a nivel institucional se ha sumado el esfuerzo de las entidades acad\u00e9micas para hacer de este evento un espacio de dialogo, aprendizaje y proyecci\u00f3n de la ciencia\u201d, dijo.<\/p>\n\n\n\n<p>Enfatiz\u00f3 que la 6\u00aa Semana es un foro dirigido a ni\u00f1os y j\u00f3venes que quiz\u00e1 descubran su pasi\u00f3n por el conocimiento, anhelando que vean en la ciencia una fuente de inspiraci\u00f3n, y en la investigaci\u00f3n una v\u00eda para contribuir al futuro de nuestra sociedad. Agradeci\u00f3 el respaldo de docentes e investigadores que han dedicado tiempo y esfuerzo para compartir conocimientos para formar nuevas generaciones de cient\u00edficos, ciudadanos comprometidos con el desarrollo de la sociedad.<\/p>\n\n\n\n<p>\u201cEstoy convencido que ser\u00e1 un espacio para que todos descubramos algo nuevo, inspiremos a los j\u00f3venes a mirar m\u00e1s all\u00e1 y reafirmemos el compromiso con la ciencia como un motor del progreso del pa\u00eds\u201d, expres\u00f3 Zerme\u00f1o Guerra.<\/p>\n\n\n\n<p>La directora general del Consejo Potosino de Ciencia y Tecnolog\u00eda (COPOCYT), Dra. Rosalba Medina Rivera, reconoci\u00f3 en la 6\u00aa Semana Estatal de Ciencia y Tecnolog\u00eda una actividad emocionante que refleja el inter\u00e9s por aprender y explorar el mundo de la ciencia y la tecnolog\u00eda, campo que esta en constante evoluci\u00f3n y ofrece un sinf\u00edn de posibilidades para mejorar nuestras vidas y resolver problemas globales.<\/p>\n\n\n\n<p>\u201cCorresponde a nosotros, desde las distintas instancias, fomentar vocaciones cient\u00edficas. La ciencia y la tecnolog\u00eda son fundamentales para el progreso y desarrollo de la sociedad, los cient\u00edficos y tecn\u00f3logos trabajando en diversas soluciones para mejorar la vida y resolver problemas como el cambio clim\u00e1tico o la salud\u201d, sostuvo durante su intervenci\u00f3n.<\/p>\n\n\n\n<p>La declaratoria inaugural corri\u00f3 a cargo de la directora de Educaci\u00f3n Media Superior y Superior de la Secretaria de Educaci\u00f3n del Gobierno del Estado, Dra. Gloria Edith Palacios Alm\u00f3n, quien inform\u00f3 que con la 6\u00aa Semana Nacional de Ciencia y Tecnolog\u00eda concluye en la capital potosina esta importante actividad, que tambi\u00e9n se llev\u00f3 a cabo en las dem\u00e1s zonas de la entidad.<\/p>\n\n\n\n<p>\u201cLas y los asistentes conocer\u00e1n el trabajo que est\u00e1n haciendo estudiantes de educaci\u00f3n superior; promoviendo la innovaci\u00f3n en todas las \u00e1reas, seguramente de este evento saldr\u00e1n los pr\u00f3ximos investigadores y cient\u00edficos reconocidos\u201d, indic\u00f3 la funcionaria.<\/p>\n\n\n\n<p class=\"has-text-align-right\"><em>Noelia Mart\u00ednez<\/em><\/p>\n\n\n\n<figure class=\"wp-block-gallery has-nested-images columns-default is-cropped wp-block-gallery-1 is-layout-flex wp-block-gallery-is-layout-flex\">\n<figure class=\"wp-block-image size-full\"><a href=\"https:\/\/wp.uaslp.mx\/noticias\/wp-content\/uploads\/sites\/5\/2024\/10\/WhatsApp-Image-2024-10-21-at-2.52.08-PM-1.jpeg\"><img loading=\"lazy\" decoding=\"async\" width=\"1600\" height=\"1066\" data-id=\"16730\" src=\"https:\/\/wp.uaslp.mx\/noticias\/wp-content\/uploads\/sites\/5\/2024\/10\/WhatsApp-Image-2024-10-21-at-2.52.08-PM-1.jpeg\" alt=\"\" class=\"wp-image-16730\" srcset=\"https:\/\/wp.uaslp.mx\/noticias\/wp-content\/uploads\/sites\/5\/2024\/10\/WhatsApp-Image-2024-10-21-at-2.52.08-PM-1.jpeg 1600w, https:\/\/wp.uaslp.mx\/noticias\/wp-content\/uploads\/sites\/5\/2024\/10\/WhatsApp-Image-2024-10-21-at-2.52.08-PM-1-1024x682.jpeg 1024w, https:\/\/wp.uaslp.mx\/noticias\/wp-content\/uploads\/sites\/5\/2024\/10\/WhatsApp-Image-2024-10-21-at-2.52.08-PM-1-768x512.jpeg 768w, https:\/\/wp.uaslp.mx\/noticias\/wp-content\/uploads\/sites\/5\/2024\/10\/WhatsApp-Image-2024-10-21-at-2.52.08-PM-1-1536x1023.jpeg 1536w, https:\/\/wp.uaslp.mx\/noticias\/wp-content\/uploads\/sites\/5\/2024\/10\/WhatsApp-Image-2024-10-21-at-2.52.08-PM-1-1320x879.jpeg 1320w\" sizes=\"auto, (max-width: 1600px) 100vw, 1600px\" \/><\/a><\/figure>\n\n\n\n<figure class=\"wp-block-image size-full\"><a href=\"https:\/\/wp.uaslp.mx\/noticias\/wp-content\/uploads\/sites\/5\/2024\/10\/WhatsApp-Image-2024-10-21-at-2.52.08-PM.jpeg\"><img loading=\"lazy\" decoding=\"async\" width=\"1600\" height=\"1066\" data-id=\"16731\" src=\"https:\/\/wp.uaslp.mx\/noticias\/wp-content\/uploads\/sites\/5\/2024\/10\/WhatsApp-Image-2024-10-21-at-2.52.08-PM.jpeg\" alt=\"\" class=\"wp-image-16731\" srcset=\"https:\/\/wp.uaslp.mx\/noticias\/wp-content\/uploads\/sites\/5\/2024\/10\/WhatsApp-Image-2024-10-21-at-2.52.08-PM.jpeg 1600w, https:\/\/wp.uaslp.mx\/noticias\/wp-content\/uploads\/sites\/5\/2024\/10\/WhatsApp-Image-2024-10-21-at-2.52.08-PM-1024x682.jpeg 1024w, https:\/\/wp.uaslp.mx\/noticias\/wp-content\/uploads\/sites\/5\/2024\/10\/WhatsApp-Image-2024-10-21-at-2.52.08-PM-768x512.jpeg 768w, https:\/\/wp.uaslp.mx\/noticias\/wp-content\/uploads\/sites\/5\/2024\/10\/WhatsApp-Image-2024-10-21-at-2.52.08-PM-1536x1023.jpeg 1536w, https:\/\/wp.uaslp.mx\/noticias\/wp-content\/uploads\/sites\/5\/2024\/10\/WhatsApp-Image-2024-10-21-at-2.52.08-PM-1320x879.jpeg 1320w\" sizes=\"auto, (max-width: 1600px) 100vw, 1600px\" \/><\/a><\/figure>\n<\/figure>\n","protected":false},"excerpt":{"rendered":"<p>A partir de este lunes 21 y hasta el 25 de octubre, la Universidad Aut\u00f3noma&#8230;<\/p>\n","protected":false},"author":12,"featured_media":16729,"comment_status":"closed","ping_status":"closed","sticky":false,"template":"","format":"standard","meta":{"pgc_sgb_lightbox_settings":"","footnotes":""},"categories":[2],"tags":[2262,2345],"class_list":["post-16728","post","type-post","status-publish","format-standard","has-post-thumbnail","hentry","category-academica","tag-cienciaparatodos","tag-semanadeciencia"],"featured_image_urls":{"full":["https:\/\/wp.uaslp.mx\/noticias\/wp-content\/uploads\/sites\/5\/2024\/10\/WhatsApp-Image-2024-10-21-at-2.52.08-PM-2.jpeg",1600,1066,false],"thumbnail":["https:\/\/wp.uaslp.mx\/noticias\/wp-content\/uploads\/sites\/5\/2024\/10\/WhatsApp-Image-2024-10-21-at-2.52.08-PM-2-150x150.jpeg",150,150,true],"medium":["https:\/\/wp.uaslp.mx\/noticias\/wp-content\/uploads\/sites\/5\/2024\/10\/WhatsApp-Image-2024-10-21-at-2.52.08-PM-2-1024x682.jpeg",1024,682,true],"medium_large":["https:\/\/wp.uaslp.mx\/noticias\/wp-content\/uploads\/sites\/5\/2024\/10\/WhatsApp-Image-2024-10-21-at-2.52.08-PM-2-768x512.jpeg",640,427,true],"large":["https:\/\/wp.uaslp.mx\/noticias\/wp-content\/uploads\/sites\/5\/2024\/10\/WhatsApp-Image-2024-10-21-at-2.52.08-PM-2.jpeg",1600,1066,false],"1536x1536":["https:\/\/wp.uaslp.mx\/noticias\/wp-content\/uploads\/sites\/5\/2024\/10\/WhatsApp-Image-2024-10-21-at-2.52.08-PM-2-1536x1023.jpeg",1536,1023,true],"2048x2048":["https:\/\/wp.uaslp.mx\/noticias\/wp-content\/uploads\/sites\/5\/2024\/10\/WhatsApp-Image-2024-10-21-at-2.52.08-PM-2.jpeg",1600,1066,false],"newsever-slider-full":["https:\/\/wp.uaslp.mx\/noticias\/wp-content\/uploads\/sites\/5\/2024\/10\/WhatsApp-Image-2024-10-21-at-2.52.08-PM-2-1280x845.jpeg",1280,845,true],"newsever-featured":["https:\/\/wp.uaslp.mx\/noticias\/wp-content\/uploads\/sites\/5\/2024\/10\/WhatsApp-Image-2024-10-21-at-2.52.08-PM-2-1024x682.jpeg",1024,682,true],"newsever-medium":["https:\/\/wp.uaslp.mx\/noticias\/wp-content\/uploads\/sites\/5\/2024\/10\/WhatsApp-Image-2024-10-21-at-2.52.08-PM-2-720x475.jpeg",720,475,true],"mailpoet_newsletter_max":["https:\/\/wp.uaslp.mx\/noticias\/wp-content\/uploads\/sites\/5\/2024\/10\/WhatsApp-Image-2024-10-21-at-2.52.08-PM-2-1320x879.jpeg",1320,879,true]},"author_info":{"display_name":"Prensa y difusi\u00f3n","author_link":"https:\/\/wp.uaslp.mx\/noticias\/author\/giovannamorales\/"},"category_info":"<a href=\"https:\/\/wp.uaslp.mx\/noticias\/category\/academica\/\" rel=\"category tag\">Acad\u00e9mica<\/a>","tag_info":"Acad\u00e9mica","comment_count":"0","_links":{"self":[{"href":"https:\/\/wp.uaslp.mx\/noticias\/wp-json\/wp\/v2\/posts\/16728","targetHints":{"allow":["GET"]}}],"collection":[{"href":"https:\/\/wp.uaslp.mx\/noticias\/wp-json\/wp\/v2\/posts"}],"about":[{"href":"https:\/\/wp.uaslp.mx\/noticias\/wp-json\/wp\/v2\/types\/post"}],"author":[{"embeddable":true,"href":"https:\/\/wp.uaslp.mx\/noticias\/wp-json\/wp\/v2\/users\/12"}],"replies":[{"embeddable":true,"href":"https:\/\/wp.uaslp.mx\/noticias\/wp-json\/wp\/v2\/comments?post=16728"}],"version-history":[{"count":1,"href":"https:\/\/wp.uaslp.mx\/noticias\/wp-json\/wp\/v2\/posts\/16728\/revisions"}],"predecessor-version":[{"id":16732,"href":"https:\/\/wp.uaslp.mx\/noticias\/wp-json\/wp\/v2\/posts\/16728\/revisions\/16732"}],"wp:featuredmedia":[{"embeddable":true,"href":"https:\/\/wp.uaslp.mx\/noticias\/wp-json\/wp\/v2\/media\/16729"}],"wp:attachment":[{"href":"https:\/\/wp.uaslp.mx\/noticias\/wp-json\/wp\/v2\/media?parent=16728"}],"wp:term":[{"taxonomy":"category","embeddable":true,"href":"https:\/\/wp.uaslp.mx\/noticias\/wp-json\/wp\/v2\/categories?post=16728"},{"taxonomy":"post_tag","embeddable":true,"href":"https:\/\/wp.uaslp.mx\/noticias\/wp-json\/wp\/v2\/tags?post=16728"}],"curies":[{"name":"wp","href":"https:\/\/api.w.org\/{rel}","templated":true}]}}