{"id":1665,"date":"2020-11-25T15:00:00","date_gmt":"2020-11-25T21:00:00","guid":{"rendered":"http:\/\/www.noticiasuaslp.com\/?p=1665"},"modified":"2020-11-25T15:00:00","modified_gmt":"2020-11-25T21:00:00","slug":"celebra-uaslp-la-firma-de-convenio-de-colaboracion-institucional-con-el-h-congreso-del-estado","status":"publish","type":"post","link":"https:\/\/wp.uaslp.mx\/noticias\/comunidad\/celebra-uaslp-la-firma-de-convenio-de-colaboracion-institucional-con-el-h-congreso-del-estado\/","title":{"rendered":"Celebra UASLP la firma de convenio de colaboraci\u00f3n institucional con el H. Congreso del Estado"},"content":{"rendered":"\n<p><\/p>\n\n\n\n<p>La Universidad Aut\u00f3noma de San Luis Potos\u00ed representada por el rector, Dr. Ajenadro Zerme\u00f1o Guerra, suscribi\u00f3 con el H. Congreso del Estado a trav\u00e9s de la presidenta de la Directiva, diputada Vianey Montes Colunga, el convenio de colaboraci\u00f3n institucional, con el objetivo de realizar actividades conjuntas de car\u00e1cter acad\u00e9mico, de capacitaci\u00f3n, investigaci\u00f3n e intercambio de servicios de informaci\u00f3n, y en producci\u00f3n editorial de contenidos, teniendo como marco el patio del Edificio Central de la m\u00e1xima casa de estudios potosina.<\/p>\n\n\n\n<p>Al evento, se dio cita el diputado H\u00e9ctor Mauricio Ram\u00edrez Konishi, presidente del comit\u00e9 del Instituto de Investigaciones Legislativas; la Lic. Martha Barajas Garc\u00eda, presidenta del Instituto de Investigaciones Legislativas del H. Congreso del Estado; el director de la Facultad de Derecho, Lic. Germ\u00e1n Pedroza Gait\u00e1n; el secretario general de la UASLP, Lic. Marco Antonio Aranda Mart\u00ednez; las diputadas Rosa Z\u00fa\u00f1iga Luna y Paola Arreola Nieto; y el presidente de la Federaci\u00f3n Universitaria Potosina (FUP) Oscar Pati\u00f1o Sanjuanero. &nbsp;<\/p>\n\n\n\n<p>Al hacer uso de la palabra, el rector, Dr. Alejandro Zerme\u00f1o Guerra, manifest\u00f3 que debido que el mundo ha cambiado radicalmente, y se deben realizar trabajos de colaboraci\u00f3n en todas las \u00e1reas; donde los poderes ejecutivo, legislativo, judicial, necesitan una sociedad civil colaboradora para avanzar, y \u201cah\u00ed est\u00e1 la Universidad en ese \u00e1mbito y s\u00ed queremos un mejor pa\u00eds o estado necesitamos trabajar de la mano. Estoy seguro que este proyecto ser\u00e1 un beneficio reciproco, por ello, el convenio es de colaboraci\u00f3n, y al final el objetivo principal es que todos ganemos\u201d.<\/p>\n\n\n\n<p>Asimismo, la presidenta de la Directiva del H. Congreso del Estado, diputada Vianey Montes Colunga, asegur\u00f3 que el Instituto de Investigaciones legislativas recibir\u00e1 importante apoyo por parte de la UASLP, toda vez que su excelencia acad\u00e9mica es conocida a nivel nacional, \u201cno dudo que habr\u00e1 de existir una excelente colaboraci\u00f3n en beneficio de los habitantes de la entidad, impulsando la participaci\u00f3n de los j\u00f3venes en los rubros y alcances del convenio\u201d.<\/p>\n\n\n\n<p>A su vez, H\u00e9ctor Mauricio Ram\u00edrez Konishi, presidente del comit\u00e9 del Instituto de Investigaciones Legislativas, aplaudi\u00f3 la celebraci\u00f3n del convenio de cooperaci\u00f3n entre el Congreso del Estado y la UASLP, estrechando lazos s\u00f3lidos abonando a la contribuci\u00f3n entre las dos instituciones de la vida p\u00fablica para realizar diversas actividades.<\/p>\n\n\n\n<p>Martha Barajas Garc\u00eda, directora del Instituto de Investigaciones Legislativas del H. Congreso del Estado, apunt\u00f3 que era fundamental buscar una relaci\u00f3n de colaboraci\u00f3n inter institucional que permitiera que el Instituto alcanzar\u00e1 objetivos para los que fue creado, \u201clogramos la colaboraci\u00f3n entre el parlamento potosino y la m\u00e1xima casa de estudios. Este d\u00eda, por fin se concreta este prop\u00f3sito, sin embargo, la importancia no es la firma de convenio sino los frutos que alcanzaremos por los medios de \u00e9ste\u201d.<\/p>\n\n\n\n<p>Finalmente, el Lic. Germ\u00e1n Pedroza Gait\u00e1n director de la Facultad de Derecho de la UASLP, celebr\u00f3 la formalizaci\u00f3n del convenio entre el poder legislativo a trav\u00e9s del Instituto de Investigaciones y la Universidad, quedando incorporada al proyecto la Facultad de Derecho Abogado Ponciano Arriaga Leija. \u201cTenemos que formar profesionales de cualquier \u00e1rea para la d\u00e9cada 20-30 que no inicio con signos halagadores\u201d.<\/p>\n","protected":false},"excerpt":{"rendered":"<p>La Universidad Aut\u00f3noma de San Luis Potos\u00ed representada por el rector, Dr. Ajenadro Zerme\u00f1o Guerra,&#8230;<\/p>\n","protected":false},"author":2,"featured_media":1667,"comment_status":"closed","ping_status":"closed","sticky":false,"template":"","format":"standard","meta":{"pgc_sgb_lightbox_settings":"","footnotes":""},"categories":[5,9],"tags":[103,195,271],"class_list":["post-1665","post","type-post","status-publish","format-standard","has-post-thumbnail","hentry","category-comunidad","category-gobierno","tag-capacitacion","tag-convenio","tag-editorial"],"featured_image_urls":{"full":["https:\/\/wp.uaslp.mx\/noticias\/wp-content\/uploads\/sites\/5\/2022\/03\/Celebra-UASLP-la-firma-de-convenio-de-colaboracion-institucional-con-el-H.-Congreso-del-Estado-2.jpeg",1280,853,false],"thumbnail":["https:\/\/wp.uaslp.mx\/noticias\/wp-content\/uploads\/sites\/5\/2022\/03\/Celebra-UASLP-la-firma-de-convenio-de-colaboracion-institucional-con-el-H.-Congreso-del-Estado-2-150x150.jpeg",150,150,true],"medium":["https:\/\/wp.uaslp.mx\/noticias\/wp-content\/uploads\/sites\/5\/2022\/03\/Celebra-UASLP-la-firma-de-convenio-de-colaboracion-institucional-con-el-H.-Congreso-del-Estado-2-300x200.jpeg",300,200,true],"medium_large":["https:\/\/wp.uaslp.mx\/noticias\/wp-content\/uploads\/sites\/5\/2022\/03\/Celebra-UASLP-la-firma-de-convenio-de-colaboracion-institucional-con-el-H.-Congreso-del-Estado-2-768x512.jpeg",640,427,true],"large":["https:\/\/wp.uaslp.mx\/noticias\/wp-content\/uploads\/sites\/5\/2022\/03\/Celebra-UASLP-la-firma-de-convenio-de-colaboracion-institucional-con-el-H.-Congreso-del-Estado-2-1024x682.jpeg",1024,682,true],"1536x1536":["https:\/\/wp.uaslp.mx\/noticias\/wp-content\/uploads\/sites\/5\/2022\/03\/Celebra-UASLP-la-firma-de-convenio-de-colaboracion-institucional-con-el-H.-Congreso-del-Estado-2.jpeg",1280,853,false],"2048x2048":["https:\/\/wp.uaslp.mx\/noticias\/wp-content\/uploads\/sites\/5\/2022\/03\/Celebra-UASLP-la-firma-de-convenio-de-colaboracion-institucional-con-el-H.-Congreso-del-Estado-2.jpeg",1280,853,false],"newsever-slider-full":["https:\/\/wp.uaslp.mx\/noticias\/wp-content\/uploads\/sites\/5\/2022\/03\/Celebra-UASLP-la-firma-de-convenio-de-colaboracion-institucional-con-el-H.-Congreso-del-Estado-2-1280x845.jpeg",1280,845,true],"newsever-featured":["https:\/\/wp.uaslp.mx\/noticias\/wp-content\/uploads\/sites\/5\/2022\/03\/Celebra-UASLP-la-firma-de-convenio-de-colaboracion-institucional-con-el-H.-Congreso-del-Estado-2-1024x682.jpeg",1024,682,true],"newsever-medium":["https:\/\/wp.uaslp.mx\/noticias\/wp-content\/uploads\/sites\/5\/2022\/03\/Celebra-UASLP-la-firma-de-convenio-de-colaboracion-institucional-con-el-H.-Congreso-del-Estado-2-720x475.jpeg",720,475,true],"mailpoet_newsletter_max":["https:\/\/wp.uaslp.mx\/noticias\/wp-content\/uploads\/sites\/5\/2022\/03\/Celebra-UASLP-la-firma-de-convenio-de-colaboracion-institucional-con-el-H.-Congreso-del-Estado-2.jpeg",1280,853,false]},"author_info":{"display_name":"Prensa y difusi\u00f3n","author_link":"https:\/\/wp.uaslp.mx\/noticias\/author\/joelcancino\/"},"category_info":"<a href=\"https:\/\/wp.uaslp.mx\/noticias\/category\/comunidad\/\" rel=\"category tag\">Comunidad<\/a> <a href=\"https:\/\/wp.uaslp.mx\/noticias\/category\/gobierno\/\" rel=\"category tag\">Gobierno<\/a>","tag_info":"Gobierno","comment_count":"0","_links":{"self":[{"href":"https:\/\/wp.uaslp.mx\/noticias\/wp-json\/wp\/v2\/posts\/1665","targetHints":{"allow":["GET"]}}],"collection":[{"href":"https:\/\/wp.uaslp.mx\/noticias\/wp-json\/wp\/v2\/posts"}],"about":[{"href":"https:\/\/wp.uaslp.mx\/noticias\/wp-json\/wp\/v2\/types\/post"}],"author":[{"embeddable":true,"href":"https:\/\/wp.uaslp.mx\/noticias\/wp-json\/wp\/v2\/users\/2"}],"replies":[{"embeddable":true,"href":"https:\/\/wp.uaslp.mx\/noticias\/wp-json\/wp\/v2\/comments?post=1665"}],"version-history":[{"count":0,"href":"https:\/\/wp.uaslp.mx\/noticias\/wp-json\/wp\/v2\/posts\/1665\/revisions"}],"wp:featuredmedia":[{"embeddable":true,"href":"https:\/\/wp.uaslp.mx\/noticias\/wp-json\/wp\/v2\/media\/1667"}],"wp:attachment":[{"href":"https:\/\/wp.uaslp.mx\/noticias\/wp-json\/wp\/v2\/media?parent=1665"}],"wp:term":[{"taxonomy":"category","embeddable":true,"href":"https:\/\/wp.uaslp.mx\/noticias\/wp-json\/wp\/v2\/categories?post=1665"},{"taxonomy":"post_tag","embeddable":true,"href":"https:\/\/wp.uaslp.mx\/noticias\/wp-json\/wp\/v2\/tags?post=1665"}],"curies":[{"name":"wp","href":"https:\/\/api.w.org\/{rel}","templated":true}]}}