{"id":16624,"date":"2024-10-11T20:00:00","date_gmt":"2024-10-12T01:00:00","guid":{"rendered":"https:\/\/wp.uaslp.mx\/noticias\/?p=16624"},"modified":"2024-10-14T13:22:14","modified_gmt":"2024-10-14T18:22:14","slug":"el-7o-festival-de-cine-uaslp-acerco-a-los-jovenes-potosinos-a-la-cinematografia","status":"publish","type":"post","link":"https:\/\/wp.uaslp.mx\/noticias\/arteycultura\/el-7o-festival-de-cine-uaslp-acerco-a-los-jovenes-potosinos-a-la-cinematografia\/","title":{"rendered":"El 7\u00ba\u00a0Festival de Cine UASLP\u00a0acerc\u00f3 a los j\u00f3venes potosinos a la cinematograf\u00eda"},"content":{"rendered":"\n<p>El Festival de Cine que&nbsp;anualmente&nbsp;realiza la Universidad Aut\u00f3noma de San Luis Potos\u00ed (UASLP) se ha convertido en uno de los&nbsp;encuentros&nbsp;del s\u00e9ptimo arte con mayor tradici\u00f3n en el estado,&nbsp;pues&nbsp;cada edici\u00f3n&nbsp;acerca&nbsp;al p\u00fablico con&nbsp;las y los&nbsp;productores,&nbsp;directores&nbsp;y&nbsp;actores&nbsp;que presentan sus obras y, a la par, vincula a las y los estudiantes de comunicaci\u00f3n, cine y otras \u00e1reas, con&nbsp;la producci\u00f3n audiovisual.<\/p>\n\n\n\n<p>En el <a href=\"https:\/\/www.uaslp.mx\/DifusionCultural\/Paginas\/7festivaldecine\/7109#gsc.tab=0\">7\u00ba Festival\u00a0<\/a>que concluy\u00f3\u00a0este viernes 11 de octubre,\u00a0las y los estudiantes de la\u00a0m\u00e1xima casa de estudios potosina\u00a0y de otras instituciones, disfrutaron de pel\u00edculas, documentales, talleres, charlas y master\u00a0class, entre otras actividades. Una de las\u00a0que m\u00e1s llam\u00f3 la atenci\u00f3n,\u00a0fue\u00a0la exhibici\u00f3n de carteles en el\u00a0lobby del Centro Cultural Universitario Bicentenario (CC200), en donde\u00a0alumnos\u00a0de la carrera de Dise\u00f1o Gr\u00e1fico de la Facultad del H\u00e1bitat de la UASLP\u00a0plasmaron\u00a0sus propuestas\u00a0de arte\u00a0para la pr\u00f3xima edici\u00f3n\u00a0de la fiesta del cine.\u00a0<\/p>\n\n\n\n<p>\u201cEn el&nbsp;taller buscamos realizar trabajos&nbsp;que generalizaran&nbsp;y englobaran&nbsp;los rasgos caracter\u00edsticos de M\u00e9xico&nbsp;y el resultado final fue la exposici\u00f3n para este festival. Mi cartel representa la lucha libre que tiene una historia bastante larga&nbsp;del pa\u00eds&nbsp;y la fusion\u00e9 con la diversi\u00f3n,&nbsp;porque creo que es algo que transmite mucha uni\u00f3n\u201d, as\u00ed lo expres\u00f3&nbsp;Claudia Fernanda Rodr\u00edguez, estudiante de&nbsp;dicha entidad acad\u00e9mica.<\/p>\n\n\n\n<p>Adem\u00e1s de esto, durante los&nbsp;cuatro&nbsp;d\u00edas&nbsp;del evento,&nbsp;hubo una gran afluencia de participantes en talleres y en las proyecciones de pel\u00edculas,&nbsp;que&nbsp;generaron&nbsp;asombro&nbsp;entre los espectadores&nbsp;por&nbsp;sus tem\u00e1ticas.&nbsp;<\/p>\n\n\n\n<p>Estudiantes de la Benem\u00e9rita y Centenaria Escuela Normal del Estado expresaron que el festival tiene buenas pel\u00edculas de diferentes g\u00e9neros, destacando la proyecci\u00f3n de `Celeste Soledad\u00b4&nbsp;y su g\u00e9nero de thriller&nbsp;psicol\u00f3gico, `Todo el silencio\u2019.<\/p>\n\n\n\n<p>Sobre este \u00faltimo comento Isa\u00e1c R., \u201cestuvo maravillosa, me&nbsp;concientiz\u00f3&nbsp;y sensibiliz\u00f3 demasiado sobre&nbsp;la sordera&nbsp;en M\u00e9xico, tema&nbsp;que casi no se aborda, y como&nbsp;educador en formaci\u00f3n me&nbsp;hizo ver que debe&nbsp;incluirse&nbsp;en la educaci\u00f3n a&nbsp;quienes son sordomudos, que se&nbsp;haga consciente y se note. Que bueno que est\u00e1 el arte cinematogr\u00e1fico para reflejar estos sentidos\u201d.<\/p>\n\n\n\n<p>La estudiante en docente en espa\u00f1ol,&nbsp;Nicole&nbsp;S., se\u00f1al\u00f3 que le impact\u00f3&nbsp;que&nbsp;se&nbsp;aborden&nbsp;temas&nbsp;que no suelen&nbsp;estar presentes en el cine hecho en&nbsp;M\u00e9xico&nbsp;como la&nbsp;p\u00e9rdida&nbsp;auditiva&nbsp;o la esquizofrenia.&nbsp;\u201cTe muestra la realidad que muchos olvidamos y las pel\u00edculas est\u00e1n muy bien hechas, me hicieron ponerme en el lugar de las personas y gracias al s\u00e9ptimo arte&nbsp;se da visibilidad para que se aborden estas tem\u00e1ticas\u201d, expres\u00f3.<\/p>\n\n\n\n<p>Es as\u00ed como el 70\u00a0Festival de Cine UASLP acerc\u00f3 a los amantes del s\u00e9ptimo arte\u00a0y\u00a0se consolid\u00f3\u00a0como\u00a0una plataforma para la difusi\u00f3n de voces y talentos,\u00a0como un sitio de encuentro entre el p\u00fablico y los realizadores,\u00a0adem\u00e1s de fomentar la capacitaci\u00f3n con herramientas y\u00a0el\u00a0desarrollo de habilidades de la comunidad\u00a0cin\u00e9fila\u00a0potosina.<\/p>\n\n\n\n<p class=\"has-text-align-right\"><em>Alejandra Carlos<\/em><\/p>\n\n\n\n<figure class=\"wp-block-gallery has-nested-images columns-default is-cropped wp-block-gallery-1 is-layout-flex wp-block-gallery-is-layout-flex\">\n<figure class=\"wp-block-image size-full\"><a href=\"https:\/\/wp.uaslp.mx\/noticias\/wp-content\/uploads\/sites\/5\/2024\/10\/IMG_4455.jpeg\"><img loading=\"lazy\" decoding=\"async\" width=\"1800\" height=\"1200\" data-id=\"16627\" src=\"https:\/\/wp.uaslp.mx\/noticias\/wp-content\/uploads\/sites\/5\/2024\/10\/IMG_4455.jpeg\" alt=\"\" class=\"wp-image-16627\" srcset=\"https:\/\/wp.uaslp.mx\/noticias\/wp-content\/uploads\/sites\/5\/2024\/10\/IMG_4455.jpeg 1800w, https:\/\/wp.uaslp.mx\/noticias\/wp-content\/uploads\/sites\/5\/2024\/10\/IMG_4455-1024x683.jpeg 1024w, https:\/\/wp.uaslp.mx\/noticias\/wp-content\/uploads\/sites\/5\/2024\/10\/IMG_4455-768x512.jpeg 768w, https:\/\/wp.uaslp.mx\/noticias\/wp-content\/uploads\/sites\/5\/2024\/10\/IMG_4455-1536x1024.jpeg 1536w, https:\/\/wp.uaslp.mx\/noticias\/wp-content\/uploads\/sites\/5\/2024\/10\/IMG_4455-1320x880.jpeg 1320w\" sizes=\"auto, (max-width: 1800px) 100vw, 1800px\" \/><\/a><\/figure>\n\n\n\n<figure class=\"wp-block-image size-full\"><a href=\"https:\/\/wp.uaslp.mx\/noticias\/wp-content\/uploads\/sites\/5\/2024\/10\/IMG_4456.jpeg\"><img loading=\"lazy\" decoding=\"async\" width=\"1800\" height=\"1200\" data-id=\"16626\" src=\"https:\/\/wp.uaslp.mx\/noticias\/wp-content\/uploads\/sites\/5\/2024\/10\/IMG_4456.jpeg\" alt=\"\" class=\"wp-image-16626\" srcset=\"https:\/\/wp.uaslp.mx\/noticias\/wp-content\/uploads\/sites\/5\/2024\/10\/IMG_4456.jpeg 1800w, https:\/\/wp.uaslp.mx\/noticias\/wp-content\/uploads\/sites\/5\/2024\/10\/IMG_4456-1024x683.jpeg 1024w, https:\/\/wp.uaslp.mx\/noticias\/wp-content\/uploads\/sites\/5\/2024\/10\/IMG_4456-768x512.jpeg 768w, https:\/\/wp.uaslp.mx\/noticias\/wp-content\/uploads\/sites\/5\/2024\/10\/IMG_4456-1536x1024.jpeg 1536w, https:\/\/wp.uaslp.mx\/noticias\/wp-content\/uploads\/sites\/5\/2024\/10\/IMG_4456-1320x880.jpeg 1320w\" sizes=\"auto, (max-width: 1800px) 100vw, 1800px\" \/><\/a><\/figure>\n<\/figure>\n","protected":false},"excerpt":{"rendered":"<p>El Festival de Cine que&nbsp;anualmente&nbsp;realiza la Universidad Aut\u00f3noma de San Luis Potos\u00ed (UASLP) se ha&#8230;<\/p>\n","protected":false},"author":12,"featured_media":16625,"comment_status":"closed","ping_status":"closed","sticky":false,"template":"","format":"standard","meta":{"pgc_sgb_lightbox_settings":"","footnotes":""},"categories":[3],"tags":[1025],"class_list":["post-16624","post","type-post","status-publish","format-standard","has-post-thumbnail","hentry","category-arteycultura","tag-festival-de-cine-uaslp"],"featured_image_urls":{"full":["https:\/\/wp.uaslp.mx\/noticias\/wp-content\/uploads\/sites\/5\/2024\/10\/IMG_4457.jpeg",1800,1200,false],"thumbnail":["https:\/\/wp.uaslp.mx\/noticias\/wp-content\/uploads\/sites\/5\/2024\/10\/IMG_4457-150x150.jpeg",150,150,true],"medium":["https:\/\/wp.uaslp.mx\/noticias\/wp-content\/uploads\/sites\/5\/2024\/10\/IMG_4457-1024x683.jpeg",1024,683,true],"medium_large":["https:\/\/wp.uaslp.mx\/noticias\/wp-content\/uploads\/sites\/5\/2024\/10\/IMG_4457-768x512.jpeg",640,427,true],"large":["https:\/\/wp.uaslp.mx\/noticias\/wp-content\/uploads\/sites\/5\/2024\/10\/IMG_4457.jpeg",1800,1200,false],"1536x1536":["https:\/\/wp.uaslp.mx\/noticias\/wp-content\/uploads\/sites\/5\/2024\/10\/IMG_4457-1536x1024.jpeg",1536,1024,true],"2048x2048":["https:\/\/wp.uaslp.mx\/noticias\/wp-content\/uploads\/sites\/5\/2024\/10\/IMG_4457.jpeg",1800,1200,false],"newsever-slider-full":["https:\/\/wp.uaslp.mx\/noticias\/wp-content\/uploads\/sites\/5\/2024\/10\/IMG_4457-1280x845.jpeg",1280,845,true],"newsever-featured":["https:\/\/wp.uaslp.mx\/noticias\/wp-content\/uploads\/sites\/5\/2024\/10\/IMG_4457-1024x683.jpeg",1024,683,true],"newsever-medium":["https:\/\/wp.uaslp.mx\/noticias\/wp-content\/uploads\/sites\/5\/2024\/10\/IMG_4457-720x475.jpeg",720,475,true],"mailpoet_newsletter_max":["https:\/\/wp.uaslp.mx\/noticias\/wp-content\/uploads\/sites\/5\/2024\/10\/IMG_4457-1320x880.jpeg",1320,880,true]},"author_info":{"display_name":"Prensa y difusi\u00f3n","author_link":"https:\/\/wp.uaslp.mx\/noticias\/author\/giovannamorales\/"},"category_info":"<a href=\"https:\/\/wp.uaslp.mx\/noticias\/category\/arteycultura\/\" rel=\"category tag\">Arte y cultura<\/a>","tag_info":"Arte y cultura","comment_count":"0","_links":{"self":[{"href":"https:\/\/wp.uaslp.mx\/noticias\/wp-json\/wp\/v2\/posts\/16624","targetHints":{"allow":["GET"]}}],"collection":[{"href":"https:\/\/wp.uaslp.mx\/noticias\/wp-json\/wp\/v2\/posts"}],"about":[{"href":"https:\/\/wp.uaslp.mx\/noticias\/wp-json\/wp\/v2\/types\/post"}],"author":[{"embeddable":true,"href":"https:\/\/wp.uaslp.mx\/noticias\/wp-json\/wp\/v2\/users\/12"}],"replies":[{"embeddable":true,"href":"https:\/\/wp.uaslp.mx\/noticias\/wp-json\/wp\/v2\/comments?post=16624"}],"version-history":[{"count":1,"href":"https:\/\/wp.uaslp.mx\/noticias\/wp-json\/wp\/v2\/posts\/16624\/revisions"}],"predecessor-version":[{"id":16628,"href":"https:\/\/wp.uaslp.mx\/noticias\/wp-json\/wp\/v2\/posts\/16624\/revisions\/16628"}],"wp:featuredmedia":[{"embeddable":true,"href":"https:\/\/wp.uaslp.mx\/noticias\/wp-json\/wp\/v2\/media\/16625"}],"wp:attachment":[{"href":"https:\/\/wp.uaslp.mx\/noticias\/wp-json\/wp\/v2\/media?parent=16624"}],"wp:term":[{"taxonomy":"category","embeddable":true,"href":"https:\/\/wp.uaslp.mx\/noticias\/wp-json\/wp\/v2\/categories?post=16624"},{"taxonomy":"post_tag","embeddable":true,"href":"https:\/\/wp.uaslp.mx\/noticias\/wp-json\/wp\/v2\/tags?post=16624"}],"curies":[{"name":"wp","href":"https:\/\/api.w.org\/{rel}","templated":true}]}}