{"id":16515,"date":"2024-10-08T17:10:20","date_gmt":"2024-10-08T22:10:20","guid":{"rendered":"https:\/\/wp.uaslp.mx\/noticias\/?p=16515"},"modified":"2024-10-08T17:10:22","modified_gmt":"2024-10-08T22:10:22","slug":"luces-camara-accion-comienza-el-7-festival-de-cine-con-charlas-y-encuentros-con-el-publico","status":"publish","type":"post","link":"https:\/\/wp.uaslp.mx\/noticias\/arteycultura\/luces-camara-accion-comienza-el-7-festival-de-cine-con-charlas-y-encuentros-con-el-publico\/","title":{"rendered":"\u00a1Luces, c\u00e1mara, acci\u00f3n! Comienza el 7\u00b0 Festival de Cine con charlas y encuentros con el p\u00fablico"},"content":{"rendered":"\n<p>Con la \u201cMa\u00f1ana Creativa\u201d y la charla \u201cCartograf\u00eda del espect\u00e1culo. San Luis Potos\u00ed desde la mirada de su primera generaci\u00f3n de salones cinematogr\u00e1ficos y cines\u201d iniciaron las actividades del 7\u00b0 Festival de Cine UASLP en el <a href=\"https:\/\/cc200.uaslp.mx\/\" target=\"_blank\" rel=\"noreferrer noopener\">Centro Cultural Universitario Bicentenario <\/a>(CC200), que, adem\u00e1s contar\u00e1 con\u00a0 pel\u00edculas, muestra de cortometrajes, documentales, talleres, charlas y m\u00e1s.<\/p>\n\n\n\n<p>En esta ocasi\u00f3n, el director y productor Diego del R\u00edo, acompa\u00f1ado de los actores Mois\u00e9s Melchor y Adriana Llabr\u00e9s hablaron con estudiantes de comunicaci\u00f3n, cinematograf\u00eda y p\u00fablico en general sobre el filme \u201cTodo el silencio\u201d, en la \u201cMa\u00f1ana Creativa\u201d.<\/p>\n\n\n\n<p>Durante la pl\u00e1tica, conversaron con las y los asistentes sobre c\u00f3mo naci\u00f3 la idea de este filme sobre una mujer que comienza a perder el sentido del o\u00eddo, y que tambi\u00e9n est\u00e1 basado en sus experiencias, pues Adriana padeci\u00f3 un problema auditivo hace un tiempo y Mois\u00e9s naci\u00f3 sordo, mientras que el&nbsp; director consider\u00f3 que el o\u00eddo es uno de los sentidos m\u00e1s importantes y al que damos por hecho, por lo que perderlo representa un proceso de duelo, dif\u00edcil de asimilar, pero posible superar con las personas correctas.<\/p>\n\n\n\n<p>Posteriormente, se realiz\u00f3 la charla de cartograf\u00eda del espect\u00e1culo, a cargo del doctor Armando Hern\u00e1ndez Souberville y en la que ofreci\u00f3 una clara visi\u00f3n sobre los espacios cinematogr\u00e1ficos de San Luis Potos\u00ed.<\/p>\n\n\n\n<p>Las actividades de este festival continuar\u00e1n hasta el 11 de octubre, en donde reconocidos personajes del \u00e1mbito del cine se dar\u00e1n cita en\u00a0 el CC200. El programa completo se encuentra en: <a href=\"https:\/\/www.uaslp.mx\/DifusionCultural\/Paginas\/7festivaldecine\/7109#gsc.tab=0\" target=\"_blank\" rel=\"noreferrer noopener\">https:\/\/www.uaslp.mx\/DifusionCultural\/Paginas\/7festivaldecine\/7109#gsc.tab=0<\/a><\/p>\n\n\n\n<p class=\"has-text-align-right\"><em>Alejandra Carlos<\/em><\/p>\n","protected":false},"excerpt":{"rendered":"<p>Con la \u201cMa\u00f1ana Creativa\u201d y la charla \u201cCartograf\u00eda del espect\u00e1culo. San Luis Potos\u00ed desde la&#8230;<\/p>\n","protected":false},"author":12,"featured_media":16516,"comment_status":"closed","ping_status":"closed","sticky":false,"template":"","format":"standard","meta":{"pgc_sgb_lightbox_settings":"","footnotes":""},"categories":[3],"tags":[112,146,1025],"class_list":["post-16515","post","type-post","status-publish","format-standard","has-post-thumbnail","hentry","category-arteycultura","tag-cc200","tag-cine","tag-festival-de-cine-uaslp"],"featured_image_urls":{"full":["https:\/\/wp.uaslp.mx\/noticias\/wp-content\/uploads\/sites\/5\/2024\/10\/Imagen-de-WhatsApp-2024-10-08-a-las-15.42.23_c9288e1a.jpg",1600,1200,false],"thumbnail":["https:\/\/wp.uaslp.mx\/noticias\/wp-content\/uploads\/sites\/5\/2024\/10\/Imagen-de-WhatsApp-2024-10-08-a-las-15.42.23_c9288e1a-150x150.jpg",150,150,true],"medium":["https:\/\/wp.uaslp.mx\/noticias\/wp-content\/uploads\/sites\/5\/2024\/10\/Imagen-de-WhatsApp-2024-10-08-a-las-15.42.23_c9288e1a-1024x768.jpg",1024,768,true],"medium_large":["https:\/\/wp.uaslp.mx\/noticias\/wp-content\/uploads\/sites\/5\/2024\/10\/Imagen-de-WhatsApp-2024-10-08-a-las-15.42.23_c9288e1a-768x576.jpg",640,480,true],"large":["https:\/\/wp.uaslp.mx\/noticias\/wp-content\/uploads\/sites\/5\/2024\/10\/Imagen-de-WhatsApp-2024-10-08-a-las-15.42.23_c9288e1a.jpg",1600,1200,false],"1536x1536":["https:\/\/wp.uaslp.mx\/noticias\/wp-content\/uploads\/sites\/5\/2024\/10\/Imagen-de-WhatsApp-2024-10-08-a-las-15.42.23_c9288e1a-1536x1152.jpg",1536,1152,true],"2048x2048":["https:\/\/wp.uaslp.mx\/noticias\/wp-content\/uploads\/sites\/5\/2024\/10\/Imagen-de-WhatsApp-2024-10-08-a-las-15.42.23_c9288e1a.jpg",1600,1200,false],"newsever-slider-full":["https:\/\/wp.uaslp.mx\/noticias\/wp-content\/uploads\/sites\/5\/2024\/10\/Imagen-de-WhatsApp-2024-10-08-a-las-15.42.23_c9288e1a-1280x845.jpg",1280,845,true],"newsever-featured":["https:\/\/wp.uaslp.mx\/noticias\/wp-content\/uploads\/sites\/5\/2024\/10\/Imagen-de-WhatsApp-2024-10-08-a-las-15.42.23_c9288e1a-1024x768.jpg",1024,768,true],"newsever-medium":["https:\/\/wp.uaslp.mx\/noticias\/wp-content\/uploads\/sites\/5\/2024\/10\/Imagen-de-WhatsApp-2024-10-08-a-las-15.42.23_c9288e1a-720x475.jpg",720,475,true],"mailpoet_newsletter_max":["https:\/\/wp.uaslp.mx\/noticias\/wp-content\/uploads\/sites\/5\/2024\/10\/Imagen-de-WhatsApp-2024-10-08-a-las-15.42.23_c9288e1a-1320x990.jpg",1320,990,true]},"author_info":{"display_name":"Prensa y difusi\u00f3n","author_link":"https:\/\/wp.uaslp.mx\/noticias\/author\/giovannamorales\/"},"category_info":"<a href=\"https:\/\/wp.uaslp.mx\/noticias\/category\/arteycultura\/\" rel=\"category tag\">Arte y cultura<\/a>","tag_info":"Arte y cultura","comment_count":"0","_links":{"self":[{"href":"https:\/\/wp.uaslp.mx\/noticias\/wp-json\/wp\/v2\/posts\/16515","targetHints":{"allow":["GET"]}}],"collection":[{"href":"https:\/\/wp.uaslp.mx\/noticias\/wp-json\/wp\/v2\/posts"}],"about":[{"href":"https:\/\/wp.uaslp.mx\/noticias\/wp-json\/wp\/v2\/types\/post"}],"author":[{"embeddable":true,"href":"https:\/\/wp.uaslp.mx\/noticias\/wp-json\/wp\/v2\/users\/12"}],"replies":[{"embeddable":true,"href":"https:\/\/wp.uaslp.mx\/noticias\/wp-json\/wp\/v2\/comments?post=16515"}],"version-history":[{"count":1,"href":"https:\/\/wp.uaslp.mx\/noticias\/wp-json\/wp\/v2\/posts\/16515\/revisions"}],"predecessor-version":[{"id":16517,"href":"https:\/\/wp.uaslp.mx\/noticias\/wp-json\/wp\/v2\/posts\/16515\/revisions\/16517"}],"wp:featuredmedia":[{"embeddable":true,"href":"https:\/\/wp.uaslp.mx\/noticias\/wp-json\/wp\/v2\/media\/16516"}],"wp:attachment":[{"href":"https:\/\/wp.uaslp.mx\/noticias\/wp-json\/wp\/v2\/media?parent=16515"}],"wp:term":[{"taxonomy":"category","embeddable":true,"href":"https:\/\/wp.uaslp.mx\/noticias\/wp-json\/wp\/v2\/categories?post=16515"},{"taxonomy":"post_tag","embeddable":true,"href":"https:\/\/wp.uaslp.mx\/noticias\/wp-json\/wp\/v2\/tags?post=16515"}],"curies":[{"name":"wp","href":"https:\/\/api.w.org\/{rel}","templated":true}]}}