{"id":16252,"date":"2024-09-20T15:25:06","date_gmt":"2024-09-20T20:25:06","guid":{"rendered":"https:\/\/wp.uaslp.mx\/noticias\/?p=16252"},"modified":"2024-09-20T15:50:50","modified_gmt":"2024-09-20T20:50:50","slug":"del-25-al-27-de-septiembre-la-uaslp-realizara-el-festival-de-quimica-para-todo-publico","status":"publish","type":"post","link":"https:\/\/wp.uaslp.mx\/noticias\/academica\/del-25-al-27-de-septiembre-la-uaslp-realizara-el-festival-de-quimica-para-todo-publico\/","title":{"rendered":"Del 25 al 27 de septiembre, la UASLP realizar\u00e1 el Festival de Qu\u00edmica para todo p\u00fablico"},"content":{"rendered":"\n<p>Como parte de las actividades de Septiembre, Mes de la UASLP, del 25 al 27 de septiembre, la <a href=\"https:\/\/cienciasquimicas.uaslp.mx\/#gsc.tab=0\">Facultad de Ciencias Qu\u00edmicas<\/a> (FCQ) de la Universidad Aut\u00f3noma de San Luis Potos\u00ed (UASLP) llevar\u00e1 a cabo la segunda edici\u00f3n del Festival de Qu\u00edmica, por lo que se invita a las y los potosinos, a conocer de manera interactiva y l\u00fadica los fundamentos y aplicaciones de esta \u00e1rea del conocimiento.<\/p>\n\n\n\n<p>La doctora Alma Gabriela Palestino Escobedo, directora de la FCQ, destac\u00f3 que el objetivo del festival es acercar la qu\u00edmica a la sociedad en un formato accesible y divertido. \u201cQueremos mostrar que no es dif\u00edcil ni intimidante, sino una ciencia que est\u00e1 presente en la vida diaria y que puede aprenderse de manera amena\u201d, explic\u00f3 en entrevista.<\/p>\n\n\n\n<p>Mencion\u00f3 que, a diferencia del a\u00f1o anterior, este evento no s\u00f3lo se llevar\u00e1 a cabo en el Edificio Central sino que tambi\u00e9n se trasladar\u00e1 a la Plaza de Fundadores, con la colaboraci\u00f3n del gobierno municipal, lo que permitir\u00e1 una mayor visibilidad y participaci\u00f3n de la ciudadan\u00eda.<\/p>\n\n\n\n<p>El festival presentar\u00e1 la Tabla Peri\u00f3dica Monumental, una instalaci\u00f3n conformada por 118 cubos que abarcar\u00e1 gran parte de la plancha de Fundadores, y donde los visitantes podr\u00e1n conocer informaci\u00f3n curiosa y relevante sobre los elementos que la conforman. \u201cEs una oportunidad para que las familias, los estudiantes y el p\u00fablico en general puedan aprender sobre la qu\u00edmica de manera cercana y entretenida\u201d, indic\u00f3.<\/p>\n\n\n\n<p>Por su parte, la doctora Denisse de Loera, coordinadora de la Licenciatura en Qu\u00edmica, explic\u00f3 que el evento se complementar\u00e1 con las actividades que se desarrollar\u00e1n en el Edificio Central. Ah\u00ed, docentes y estudiantes de la FCQ realizar\u00e1n una serie de experimentos y demostraciones como: la espuma m\u00e1gica, el sem\u00e1foro qu\u00edmico, la luminescencia, pruebas de calidad de alimentos, reacciones electroqu\u00edmicas, y otros que buscan explicar fen\u00f3menos qu\u00edmicos de manera sencilla. \u201cQueremos que el p\u00fablico vea que la qu\u00edmica est\u00e1 presente en situaciones cotidianas y que no es algo complicado\u201d, apunt\u00f3.<\/p>\n\n\n\n<p>El festival tambi\u00e9n busca inspirar a las futuras generaciones de cient\u00edficos. Luis Abraham Charcas, presidente de la Secci\u00f3n Estudiantil de la Sociedad Qu\u00edmica de M\u00e9xico en la UASLP, mencion\u00f3 que los juegos tendr\u00e1n un papel clave en este prop\u00f3sito. Actividades como serpientes y escaleras o la loter\u00eda qu\u00edmica permitir\u00e1n a los m\u00e1s j\u00f3venes aprender sobre los elementos y sus aplicaciones de forma divertida. Recalc\u00f3 la importancia de este tipo de eventos para acercar la ciencia a la sociedad, destac\u00f3 que este es completamente gratuito y abierto a todo el p\u00fablico.<\/p>\n\n\n\n<p>El Festival de Qu\u00edmica iniciar\u00e1 el mi\u00e9rcoles 25 de septiembre a las 10:00 horas, con la inauguraci\u00f3n oficial. La Tabla Peri\u00f3dica Monumental estar\u00e1 en exhibici\u00f3n durante los tres d\u00edas del evento, con acceso libre tanto en la ma\u00f1ana como por la tarde. Los experimentos y juegos estar\u00e1n disponibles en dos horarios: de 9:00 a 13:00 horas y de 16:00 a 18:00 horas. Adem\u00e1s, se realizar\u00e1n recorridos guiados en los mismos horarios, para quienes deseen una explicaci\u00f3n m\u00e1s detallada sobre los experimentos y actividades.<\/p>\n\n\n\n<p>Finalmente, Palestino Escobedo extendi\u00f3 la invitaci\u00f3n a las escuelas y maestros de qu\u00edmica de la regi\u00f3n, para que lleven a sus estudiantes a conocer m\u00e1s sobre esta ciencia y disfruten del festival. Los docentes interesados en agendar una visita escolar pueden enviar un correo a atenea.deloera@uaslp.mx para recibir m\u00e1s informaci\u00f3n y coordinar su asistencia.<\/p>\n\n\n\n<p class=\"has-text-align-right\"><em>Hugo Laussin<\/em><\/p>\n\n\n\n<figure class=\"wp-block-gallery has-nested-images columns-default is-cropped wp-block-gallery-1 is-layout-flex wp-block-gallery-is-layout-flex\">\n<figure class=\"wp-block-image size-full\"><img loading=\"lazy\" decoding=\"async\" width=\"1800\" height=\"1200\" data-id=\"16262\" src=\"https:\/\/wp.uaslp.mx\/noticias\/wp-content\/uploads\/sites\/5\/2024\/09\/Diseno-sin-titulo-68-1.png\" alt=\"\" class=\"wp-image-16262\" srcset=\"https:\/\/wp.uaslp.mx\/noticias\/wp-content\/uploads\/sites\/5\/2024\/09\/Diseno-sin-titulo-68-1.png 1800w, https:\/\/wp.uaslp.mx\/noticias\/wp-content\/uploads\/sites\/5\/2024\/09\/Diseno-sin-titulo-68-1-1024x683.png 1024w, https:\/\/wp.uaslp.mx\/noticias\/wp-content\/uploads\/sites\/5\/2024\/09\/Diseno-sin-titulo-68-1-768x512.png 768w, https:\/\/wp.uaslp.mx\/noticias\/wp-content\/uploads\/sites\/5\/2024\/09\/Diseno-sin-titulo-68-1-1536x1024.png 1536w, https:\/\/wp.uaslp.mx\/noticias\/wp-content\/uploads\/sites\/5\/2024\/09\/Diseno-sin-titulo-68-1-1320x880.png 1320w\" sizes=\"auto, (max-width: 1800px) 100vw, 1800px\" \/><\/figure>\n<\/figure>\n","protected":false},"excerpt":{"rendered":"<p>Como parte de las actividades de Septiembre, Mes de la UASLP, del 25 al 27&#8230;<\/p>\n","protected":false},"author":12,"featured_media":16261,"comment_status":"closed","ping_status":"closed","sticky":false,"template":"","format":"standard","meta":{"pgc_sgb_lightbox_settings":"","footnotes":""},"categories":[2],"tags":[2056,2245,2246],"class_list":["post-16252","post","type-post","status-publish","format-standard","has-post-thumbnail","hentry","category-academica","tag-divulgacioncientifica","tag-festivaldequimicauaslp","tag-quimicaparatodos"],"featured_image_urls":{"full":["https:\/\/wp.uaslp.mx\/noticias\/wp-content\/uploads\/sites\/5\/2024\/09\/0d34b370-3c6a-43b3-9152-d9993e56b934.jpg",1600,1066,false],"thumbnail":["https:\/\/wp.uaslp.mx\/noticias\/wp-content\/uploads\/sites\/5\/2024\/09\/0d34b370-3c6a-43b3-9152-d9993e56b934-150x150.jpg",150,150,true],"medium":["https:\/\/wp.uaslp.mx\/noticias\/wp-content\/uploads\/sites\/5\/2024\/09\/0d34b370-3c6a-43b3-9152-d9993e56b934-1024x682.jpg",1024,682,true],"medium_large":["https:\/\/wp.uaslp.mx\/noticias\/wp-content\/uploads\/sites\/5\/2024\/09\/0d34b370-3c6a-43b3-9152-d9993e56b934-768x512.jpg",640,427,true],"large":["https:\/\/wp.uaslp.mx\/noticias\/wp-content\/uploads\/sites\/5\/2024\/09\/0d34b370-3c6a-43b3-9152-d9993e56b934.jpg",1600,1066,false],"1536x1536":["https:\/\/wp.uaslp.mx\/noticias\/wp-content\/uploads\/sites\/5\/2024\/09\/0d34b370-3c6a-43b3-9152-d9993e56b934-1536x1023.jpg",1536,1023,true],"2048x2048":["https:\/\/wp.uaslp.mx\/noticias\/wp-content\/uploads\/sites\/5\/2024\/09\/0d34b370-3c6a-43b3-9152-d9993e56b934.jpg",1600,1066,false],"newsever-slider-full":["https:\/\/wp.uaslp.mx\/noticias\/wp-content\/uploads\/sites\/5\/2024\/09\/0d34b370-3c6a-43b3-9152-d9993e56b934-1280x845.jpg",1280,845,true],"newsever-featured":["https:\/\/wp.uaslp.mx\/noticias\/wp-content\/uploads\/sites\/5\/2024\/09\/0d34b370-3c6a-43b3-9152-d9993e56b934-1024x682.jpg",1024,682,true],"newsever-medium":["https:\/\/wp.uaslp.mx\/noticias\/wp-content\/uploads\/sites\/5\/2024\/09\/0d34b370-3c6a-43b3-9152-d9993e56b934-720x475.jpg",720,475,true],"mailpoet_newsletter_max":["https:\/\/wp.uaslp.mx\/noticias\/wp-content\/uploads\/sites\/5\/2024\/09\/0d34b370-3c6a-43b3-9152-d9993e56b934-1320x879.jpg",1320,879,true]},"author_info":{"display_name":"Prensa y difusi\u00f3n","author_link":"https:\/\/wp.uaslp.mx\/noticias\/author\/giovannamorales\/"},"category_info":"<a href=\"https:\/\/wp.uaslp.mx\/noticias\/category\/academica\/\" rel=\"category tag\">Acad\u00e9mica<\/a>","tag_info":"Acad\u00e9mica","comment_count":"0","_links":{"self":[{"href":"https:\/\/wp.uaslp.mx\/noticias\/wp-json\/wp\/v2\/posts\/16252","targetHints":{"allow":["GET"]}}],"collection":[{"href":"https:\/\/wp.uaslp.mx\/noticias\/wp-json\/wp\/v2\/posts"}],"about":[{"href":"https:\/\/wp.uaslp.mx\/noticias\/wp-json\/wp\/v2\/types\/post"}],"author":[{"embeddable":true,"href":"https:\/\/wp.uaslp.mx\/noticias\/wp-json\/wp\/v2\/users\/12"}],"replies":[{"embeddable":true,"href":"https:\/\/wp.uaslp.mx\/noticias\/wp-json\/wp\/v2\/comments?post=16252"}],"version-history":[{"count":2,"href":"https:\/\/wp.uaslp.mx\/noticias\/wp-json\/wp\/v2\/posts\/16252\/revisions"}],"predecessor-version":[{"id":16264,"href":"https:\/\/wp.uaslp.mx\/noticias\/wp-json\/wp\/v2\/posts\/16252\/revisions\/16264"}],"wp:featuredmedia":[{"embeddable":true,"href":"https:\/\/wp.uaslp.mx\/noticias\/wp-json\/wp\/v2\/media\/16261"}],"wp:attachment":[{"href":"https:\/\/wp.uaslp.mx\/noticias\/wp-json\/wp\/v2\/media?parent=16252"}],"wp:term":[{"taxonomy":"category","embeddable":true,"href":"https:\/\/wp.uaslp.mx\/noticias\/wp-json\/wp\/v2\/categories?post=16252"},{"taxonomy":"post_tag","embeddable":true,"href":"https:\/\/wp.uaslp.mx\/noticias\/wp-json\/wp\/v2\/tags?post=16252"}],"curies":[{"name":"wp","href":"https:\/\/api.w.org\/{rel}","templated":true}]}}