{"id":16124,"date":"2024-09-10T15:49:50","date_gmt":"2024-09-10T20:49:50","guid":{"rendered":"https:\/\/wp.uaslp.mx\/noticias\/?p=16124"},"modified":"2024-09-10T15:49:52","modified_gmt":"2024-09-10T20:49:52","slug":"con-exito-se-realizo-la-jornada-de-prevencion-del-suicidio-organizada-por-la-facultad-de-psicologia","status":"publish","type":"post","link":"https:\/\/wp.uaslp.mx\/noticias\/uaslp\/con-exito-se-realizo-la-jornada-de-prevencion-del-suicidio-organizada-por-la-facultad-de-psicologia\/","title":{"rendered":"Con \u00e9xito, se realiz\u00f3 la Jornada de Prevenci\u00f3n del Suicidio organizada por la Facultad de Psicolog\u00eda"},"content":{"rendered":"\n<p>Como parte de las actividades del 52\u00ba aniversario de la <a href=\"https:\/\/www.psicologia.uaslp.mx\/#gsc.tab=0\">Facultad de Psicolog\u00eda <\/a>de la Universidad Aut\u00f3noma de San Luis Potos\u00ed (UASLP), el plantel realiz\u00f3 la Jornada de Prevenci\u00f3n del Suicidio, en el marco del D\u00eda Mundial, que se conmemora este martes 10 de septiembre.<\/p>\n\n\n\n<p>El evento represent\u00f3 una oportunidad para informar y actualizar a la comunidad universitaria, a trav\u00e9s de conferencias dictadas por especialistas en el tema, sobre un acto que afecta a todas las sociedades del mundo.<\/p>\n\n\n\n<p>El responsable del Departamento de Psiquiatr\u00eda de la <a href=\"https:\/\/www.medicina.uaslp.mx\/#gsc.tab=0\">Facultad de Medicina<\/a> de la UASLP, doctor Alfonso Grageda Foyo, imparti\u00f3 la charla \u201cLa complejidad de la conducta suicida\u201d, cuyo objetivo es sensibilizar a la poblaci\u00f3n sobre este problema de salud p\u00fablica, que afecta a ni\u00f1os, adolescentes, adultos y adultos mayores.<\/p>\n\n\n\n<p>\u201cTenemos estrategias para limitar en cierto sentido su presencia en nuestras familias, uno de los grandes problemas que encontramos en la pr\u00e1ctica diaria de psicolog\u00eda, de los m\u00e9dicos psiquiatras, de hospitales generales, es que las personas no quieren hablar del tema, les averg\u00fcenza, lo que genera m\u00e1s desconocimiento\u201d, afirm\u00f3.<\/p>\n\n\n\n<p>El catedr\u00e1tico dijo que las conductas de suicidio tienen origen hereditario, como cualquier enfermedad m\u00e9dica, y tambi\u00e9n est\u00e1 propiciado por condiciones ambientales, es decir, por entornos socioculturales, as\u00ed como el uso de sustancias psicoactivas que propician cambios en la estructura del pensamiento.<\/p>\n\n\n\n<p>\u201cLa realidad es que muchas de las personas que consuman este acto, tristemente, tienen alguna entidad psiqui\u00e1trica y, por temor al estigma de la atenci\u00f3n m\u00e9dico-psiqui\u00e1trica o por los efectos de medicamentos, no acuden a valoraci\u00f3n o a psicoterapias, que son de gran ayuda para las personas con pensamientos o planeaci\u00f3n de suicidio\u201d, agreg\u00f3.<\/p>\n\n\n\n<p>Sobre las cifras de este fen\u00f3meno social en la entidad, el doctor Grageda Foyo dio a conocer que, seg\u00fan estudios observacionales, es m\u00e1s com\u00fan en el sexo masculino, en edad productiva entre los 18 y 45 a\u00f1os, y en adultos mayores arriba de 65 a\u00f1os; aunque se sabe que las mujeres lo intentan m\u00e1s, esto se debe a las cuestiones de m\u00e9todos agresivos.<\/p>\n\n\n\n<p>En el 2023 se contabilizaron alrededor de 244 de personas que consumaron el atentado contra su vida en San Luis Potos\u00ed, lo que representa una cifra alarmante. La tasa va en aumento, seg\u00fan datos estimados, debido a los trastornos de ansiedad y depresi\u00f3n, aunque no todos se reportan ante las autoridades epidemiol\u00f3gicas de los Servicios de Salud del Estado.<\/p>\n\n\n\n<p>Destac\u00f3 que en recientes a\u00f1os se ha advertido un importante esfuerzo por parte de la UASLP sobre el tema; a trav\u00e9s de los servicios de Unisalud o de tutor\u00edas universitarias, se han detectado alumnos con problemas emocionales que requieren alg\u00fan tipo de ayuda, los cuales han sido canalizados a las diferentes entidades para recibir atenci\u00f3n psiqui\u00e1trica o psicol\u00f3gica.<\/p>\n\n\n\n<p>Finalmente, el doctor Alfonso Grageda Foyo invit\u00f3 a la poblaci\u00f3n universitaria ser sensible a estos temas, participar activamente en todas las actividades de las facultades y tener la apertura de escuchar, no estigmatizar, no burlarse e ignorar mitos en torno al suicidio.<\/p>\n\n\n\n<p class=\"has-text-align-right\"><em>Noelia Mart\u00ednez<\/em><\/p>\n\n\n\n<figure class=\"wp-block-gallery has-nested-images columns-default is-cropped wp-block-gallery-1 is-layout-flex wp-block-gallery-is-layout-flex\">\n<figure class=\"wp-block-image size-full\"><a href=\"https:\/\/wp.uaslp.mx\/noticias\/wp-content\/uploads\/sites\/5\/2024\/09\/WhatsApp-Image-2024-09-10-at-3.38.11-PM.jpeg\"><img loading=\"lazy\" decoding=\"async\" width=\"1600\" height=\"1066\" data-id=\"16126\" src=\"https:\/\/wp.uaslp.mx\/noticias\/wp-content\/uploads\/sites\/5\/2024\/09\/WhatsApp-Image-2024-09-10-at-3.38.11-PM.jpeg\" alt=\"\" class=\"wp-image-16126\" srcset=\"https:\/\/wp.uaslp.mx\/noticias\/wp-content\/uploads\/sites\/5\/2024\/09\/WhatsApp-Image-2024-09-10-at-3.38.11-PM.jpeg 1600w, https:\/\/wp.uaslp.mx\/noticias\/wp-content\/uploads\/sites\/5\/2024\/09\/WhatsApp-Image-2024-09-10-at-3.38.11-PM-1024x682.jpeg 1024w, https:\/\/wp.uaslp.mx\/noticias\/wp-content\/uploads\/sites\/5\/2024\/09\/WhatsApp-Image-2024-09-10-at-3.38.11-PM-768x512.jpeg 768w, https:\/\/wp.uaslp.mx\/noticias\/wp-content\/uploads\/sites\/5\/2024\/09\/WhatsApp-Image-2024-09-10-at-3.38.11-PM-1536x1023.jpeg 1536w, https:\/\/wp.uaslp.mx\/noticias\/wp-content\/uploads\/sites\/5\/2024\/09\/WhatsApp-Image-2024-09-10-at-3.38.11-PM-1320x879.jpeg 1320w\" sizes=\"auto, (max-width: 1600px) 100vw, 1600px\" \/><\/a><\/figure>\n<\/figure>\n","protected":false},"excerpt":{"rendered":"<p>Como parte de las actividades del 52\u00ba aniversario de la Facultad de Psicolog\u00eda de la&#8230;<\/p>\n","protected":false},"author":12,"featured_media":16125,"comment_status":"closed","ping_status":"closed","sticky":false,"template":"","format":"standard","meta":{"pgc_sgb_lightbox_settings":"","footnotes":""},"categories":[782],"tags":[],"class_list":["post-16124","post","type-post","status-publish","format-standard","has-post-thumbnail","hentry","category-uaslp"],"featured_image_urls":{"full":["https:\/\/wp.uaslp.mx\/noticias\/wp-content\/uploads\/sites\/5\/2024\/09\/WhatsApp-Image-2024-09-10-at-3.38.11-PM-3.jpeg",1600,1200,false],"thumbnail":["https:\/\/wp.uaslp.mx\/noticias\/wp-content\/uploads\/sites\/5\/2024\/09\/WhatsApp-Image-2024-09-10-at-3.38.11-PM-3-150x150.jpeg",150,150,true],"medium":["https:\/\/wp.uaslp.mx\/noticias\/wp-content\/uploads\/sites\/5\/2024\/09\/WhatsApp-Image-2024-09-10-at-3.38.11-PM-3-1024x768.jpeg",1024,768,true],"medium_large":["https:\/\/wp.uaslp.mx\/noticias\/wp-content\/uploads\/sites\/5\/2024\/09\/WhatsApp-Image-2024-09-10-at-3.38.11-PM-3-768x576.jpeg",640,480,true],"large":["https:\/\/wp.uaslp.mx\/noticias\/wp-content\/uploads\/sites\/5\/2024\/09\/WhatsApp-Image-2024-09-10-at-3.38.11-PM-3.jpeg",1600,1200,false],"1536x1536":["https:\/\/wp.uaslp.mx\/noticias\/wp-content\/uploads\/sites\/5\/2024\/09\/WhatsApp-Image-2024-09-10-at-3.38.11-PM-3-1536x1152.jpeg",1536,1152,true],"2048x2048":["https:\/\/wp.uaslp.mx\/noticias\/wp-content\/uploads\/sites\/5\/2024\/09\/WhatsApp-Image-2024-09-10-at-3.38.11-PM-3.jpeg",1600,1200,false],"newsever-slider-full":["https:\/\/wp.uaslp.mx\/noticias\/wp-content\/uploads\/sites\/5\/2024\/09\/WhatsApp-Image-2024-09-10-at-3.38.11-PM-3-1280x845.jpeg",1280,845,true],"newsever-featured":["https:\/\/wp.uaslp.mx\/noticias\/wp-content\/uploads\/sites\/5\/2024\/09\/WhatsApp-Image-2024-09-10-at-3.38.11-PM-3-1024x768.jpeg",1024,768,true],"newsever-medium":["https:\/\/wp.uaslp.mx\/noticias\/wp-content\/uploads\/sites\/5\/2024\/09\/WhatsApp-Image-2024-09-10-at-3.38.11-PM-3-720x475.jpeg",720,475,true],"mailpoet_newsletter_max":["https:\/\/wp.uaslp.mx\/noticias\/wp-content\/uploads\/sites\/5\/2024\/09\/WhatsApp-Image-2024-09-10-at-3.38.11-PM-3-1320x990.jpeg",1320,990,true]},"author_info":{"display_name":"Prensa y difusi\u00f3n","author_link":"https:\/\/wp.uaslp.mx\/noticias\/author\/giovannamorales\/"},"category_info":"<a href=\"https:\/\/wp.uaslp.mx\/noticias\/category\/uaslp\/\" rel=\"category tag\">UASLP<\/a>","tag_info":"UASLP","comment_count":"0","_links":{"self":[{"href":"https:\/\/wp.uaslp.mx\/noticias\/wp-json\/wp\/v2\/posts\/16124","targetHints":{"allow":["GET"]}}],"collection":[{"href":"https:\/\/wp.uaslp.mx\/noticias\/wp-json\/wp\/v2\/posts"}],"about":[{"href":"https:\/\/wp.uaslp.mx\/noticias\/wp-json\/wp\/v2\/types\/post"}],"author":[{"embeddable":true,"href":"https:\/\/wp.uaslp.mx\/noticias\/wp-json\/wp\/v2\/users\/12"}],"replies":[{"embeddable":true,"href":"https:\/\/wp.uaslp.mx\/noticias\/wp-json\/wp\/v2\/comments?post=16124"}],"version-history":[{"count":1,"href":"https:\/\/wp.uaslp.mx\/noticias\/wp-json\/wp\/v2\/posts\/16124\/revisions"}],"predecessor-version":[{"id":16127,"href":"https:\/\/wp.uaslp.mx\/noticias\/wp-json\/wp\/v2\/posts\/16124\/revisions\/16127"}],"wp:featuredmedia":[{"embeddable":true,"href":"https:\/\/wp.uaslp.mx\/noticias\/wp-json\/wp\/v2\/media\/16125"}],"wp:attachment":[{"href":"https:\/\/wp.uaslp.mx\/noticias\/wp-json\/wp\/v2\/media?parent=16124"}],"wp:term":[{"taxonomy":"category","embeddable":true,"href":"https:\/\/wp.uaslp.mx\/noticias\/wp-json\/wp\/v2\/categories?post=16124"},{"taxonomy":"post_tag","embeddable":true,"href":"https:\/\/wp.uaslp.mx\/noticias\/wp-json\/wp\/v2\/tags?post=16124"}],"curies":[{"name":"wp","href":"https:\/\/api.w.org\/{rel}","templated":true}]}}