{"id":16013,"date":"2024-09-03T13:16:45","date_gmt":"2024-09-03T18:16:45","guid":{"rendered":"https:\/\/wp.uaslp.mx\/noticias\/?p=16013"},"modified":"2024-09-03T13:16:47","modified_gmt":"2024-09-03T18:16:47","slug":"3er-congreso-mexicano-de-agroecologia-del-23-al-27-de-septiembre-organizado-por-facultad-de-agronomia-y-veterinaria","status":"publish","type":"post","link":"https:\/\/wp.uaslp.mx\/noticias\/academica\/3er-congreso-mexicano-de-agroecologia-del-23-al-27-de-septiembre-organizado-por-facultad-de-agronomia-y-veterinaria\/","title":{"rendered":"3er. Congreso Mexicano de Agroecolog\u00eda, del 23 al 27 de septiembre, organizado por Facultad de Agronom\u00eda y Veterinaria"},"content":{"rendered":"\n<p>La Universidad Aut\u00f3noma de San Luis Potos\u00ed (UASLP), a trav\u00e9s de la <a href=\"https:\/\/www.agronomia.uaslp.mx\/#gsc.tab=0\">Facultad de Agronom\u00eda y Veterinaria<\/a> (FAV), llevar\u00e1 a cabo el <a href=\"https:\/\/eventos.uaslp.mx\/somexa2024\/Home\/Inicio\">3er. Congreso Mexicano de Agroecolog\u00eda<\/a>, que se efectuar\u00e1 del 23 al 27 de septiembre en el Centro Cultural Universitario Bicentenario; as\u00ed lo inform\u00f3 el doctor Ram\u00f3n Jarqu\u00edn G\u00e1lvez, coordinador del <a href=\"http:\/\/mercadomacuilli.com\/#productos\">Mercado de Productos Naturales y Org\u00e1nicos Macuilli Teotzin<\/a>.<\/p>\n\n\n\n<p>El tambi\u00e9n docente e investigador de la Facultad de Agronom\u00eda y Veterinaria, coment\u00f3 que este es un evento de gran relevancia para el sector agr\u00edcola y la sociedad en general, pues busca promover la agroecolog\u00eda como una alternativa viable para la producci\u00f3n de alimentos sanos y sostenibles, alineada con los Objetivos de Desarrollo Sostenible de la ONU.<\/p>\n\n\n\n<p>Jarqu\u00edn G\u00e1lvez, detall\u00f3 que el congreso -que tiene como lema \u201cIntegrando saberes para la transici\u00f3n agroecol\u00f3gica\u201d-, se realizar\u00e1 junto con la Sociedad Mexicana de Agroecolog\u00eda (SOMEXA), donde actualmente funge como presidente del Comit\u00e9 Ejecutivo. Dio a conocer que esta organizaci\u00f3n se fund\u00f3 en junio de 2022 y, desde entonces, ha trabajado intensamente para organizar y posicionar este evento.<\/p>\n\n\n\n<p>Destac\u00f3 que la FAV es un pilar en la promoci\u00f3n de esta ciencia, al haber sido la primera en el pa\u00eds en ofrecer la carrera de Ingeniero Agroec\u00f3logo, hace 33 a\u00f1os. De la misma forma, subray\u00f3 que San Luis Potos\u00ed ha sido pionero en la creaci\u00f3n de sistemas de certificaci\u00f3n org\u00e1nica participativa, reconocidos a nivel nacional desde 2016.<\/p>\n\n\n\n<p>El 3er. Congreso Mexicano de Agroecolog\u00eda tendr\u00e1 actividades de 8:00 a 20:00 horas, en donde se abordar\u00e1n temas como la producci\u00f3n de alimentos saludables, la transici\u00f3n hacia la agricultura ecol\u00f3gica y la importancia de los mercados locales en la soberan\u00eda alimentaria. Adem\u00e1s de las conferencias y ponencias, se llevar\u00e1 a cabo una feria en la que se exhibir\u00e1n y ofrecer\u00e1n productos locales, como caf\u00e9, miel y piloncillo, patrocinados por el Mercado Macuili Teotzin.<\/p>\n\n\n\n<p>El doctor Jarqu\u00edn G\u00e1lvez resalt\u00f3 que se contar\u00e1 con la presencia de importantes figuras del \u00e1mbito educativo y gubernamental, como el doctor Luciano Concheiro B\u00f3rquez, subsecretario de Educaci\u00f3n Superior, y el doctor V\u00edctor Toledo, exsecretario de Medio Ambiente y Recursos Naturales. Se prev\u00e9 la participaci\u00f3n de entre 300 y 500 asistentes, los interesados todav\u00eda pueden inscribirse a trav\u00e9s del sitio https:\/\/eventos.uaslp.mx\/somexa2024.<\/p>\n\n\n\n<p>Finalmente, detall\u00f3 que el congreso cuenta con cuotas accesibles, que van de los $1,000 a $2,500, para estudiantes, productores y p\u00fablico en general, quienes tendr\u00e1n prioridad para aprovechar al m\u00e1ximo las actividades. Adem\u00e1s, se realizar\u00e1n cursos precongreso, como el que se llevar\u00e1 a cabo en la unidad de producci\u00f3n Granja Do\u00f1a Mary, ubicada en Prolongaci\u00f3n Porfirio D\u00edaz 1242, en la colonia La Virgen, en Soledad de Graciano S\u00e1nchez, dirigido a aquellos interesados en profundizar sus conocimientos en agroecolog\u00eda.<\/p>\n\n\n\n<p class=\"has-text-align-right\"><em>Hugo Laussin<\/em><\/p>\n\n\n\n<figure class=\"wp-block-gallery has-nested-images columns-default is-cropped wp-block-gallery-1 is-layout-flex wp-block-gallery-is-layout-flex\">\n<figure class=\"wp-block-image size-full\"><a href=\"https:\/\/wp.uaslp.mx\/noticias\/wp-content\/uploads\/sites\/5\/2024\/09\/WhatsApp-Image-2024-09-03-at-12.32.11-PM-1.jpeg\"><img loading=\"lazy\" decoding=\"async\" width=\"1403\" height=\"1600\" data-id=\"16008\" src=\"https:\/\/wp.uaslp.mx\/noticias\/wp-content\/uploads\/sites\/5\/2024\/09\/WhatsApp-Image-2024-09-03-at-12.32.11-PM-1.jpeg\" alt=\"\" class=\"wp-image-16008\" srcset=\"https:\/\/wp.uaslp.mx\/noticias\/wp-content\/uploads\/sites\/5\/2024\/09\/WhatsApp-Image-2024-09-03-at-12.32.11-PM-1.jpeg 1403w, https:\/\/wp.uaslp.mx\/noticias\/wp-content\/uploads\/sites\/5\/2024\/09\/WhatsApp-Image-2024-09-03-at-12.32.11-PM-1-898x1024.jpeg 898w, https:\/\/wp.uaslp.mx\/noticias\/wp-content\/uploads\/sites\/5\/2024\/09\/WhatsApp-Image-2024-09-03-at-12.32.11-PM-1-768x876.jpeg 768w, https:\/\/wp.uaslp.mx\/noticias\/wp-content\/uploads\/sites\/5\/2024\/09\/WhatsApp-Image-2024-09-03-at-12.32.11-PM-1-1347x1536.jpeg 1347w, https:\/\/wp.uaslp.mx\/noticias\/wp-content\/uploads\/sites\/5\/2024\/09\/WhatsApp-Image-2024-09-03-at-12.32.11-PM-1-1024x1168.jpeg 1024w, https:\/\/wp.uaslp.mx\/noticias\/wp-content\/uploads\/sites\/5\/2024\/09\/WhatsApp-Image-2024-09-03-at-12.32.11-PM-1-1320x1505.jpeg 1320w\" sizes=\"auto, (max-width: 1403px) 100vw, 1403px\" \/><\/a><\/figure>\n<\/figure>\n","protected":false},"excerpt":{"rendered":"<p>La Universidad Aut\u00f3noma de San Luis Potos\u00ed (UASLP), a trav\u00e9s de la Facultad de Agronom\u00eda&#8230;<\/p>\n","protected":false},"author":12,"featured_media":16009,"comment_status":"closed","ping_status":"closed","sticky":false,"template":"","format":"standard","meta":{"pgc_sgb_lightbox_settings":"","footnotes":""},"categories":[2],"tags":[2168,1653,995],"class_list":["post-16013","post","type-post","status-publish","format-standard","has-post-thumbnail","hentry","category-academica","tag-congreso-mexicano-de-agroecologia","tag-facultad-de-agronomia-y-veterinaria","tag-mercado-macuilli-teotzin"],"featured_image_urls":{"full":["https:\/\/wp.uaslp.mx\/noticias\/wp-content\/uploads\/sites\/5\/2024\/09\/WhatsApp-Image-2024-09-03-at-12.32.11-PM.jpeg",1280,853,false],"thumbnail":["https:\/\/wp.uaslp.mx\/noticias\/wp-content\/uploads\/sites\/5\/2024\/09\/WhatsApp-Image-2024-09-03-at-12.32.11-PM-150x150.jpeg",150,150,true],"medium":["https:\/\/wp.uaslp.mx\/noticias\/wp-content\/uploads\/sites\/5\/2024\/09\/WhatsApp-Image-2024-09-03-at-12.32.11-PM-1024x682.jpeg",1024,682,true],"medium_large":["https:\/\/wp.uaslp.mx\/noticias\/wp-content\/uploads\/sites\/5\/2024\/09\/WhatsApp-Image-2024-09-03-at-12.32.11-PM-768x512.jpeg",640,427,true],"large":["https:\/\/wp.uaslp.mx\/noticias\/wp-content\/uploads\/sites\/5\/2024\/09\/WhatsApp-Image-2024-09-03-at-12.32.11-PM.jpeg",1280,853,false],"1536x1536":["https:\/\/wp.uaslp.mx\/noticias\/wp-content\/uploads\/sites\/5\/2024\/09\/WhatsApp-Image-2024-09-03-at-12.32.11-PM.jpeg",1280,853,false],"2048x2048":["https:\/\/wp.uaslp.mx\/noticias\/wp-content\/uploads\/sites\/5\/2024\/09\/WhatsApp-Image-2024-09-03-at-12.32.11-PM.jpeg",1280,853,false],"newsever-slider-full":["https:\/\/wp.uaslp.mx\/noticias\/wp-content\/uploads\/sites\/5\/2024\/09\/WhatsApp-Image-2024-09-03-at-12.32.11-PM-1280x845.jpeg",1280,845,true],"newsever-featured":["https:\/\/wp.uaslp.mx\/noticias\/wp-content\/uploads\/sites\/5\/2024\/09\/WhatsApp-Image-2024-09-03-at-12.32.11-PM-1024x682.jpeg",1024,682,true],"newsever-medium":["https:\/\/wp.uaslp.mx\/noticias\/wp-content\/uploads\/sites\/5\/2024\/09\/WhatsApp-Image-2024-09-03-at-12.32.11-PM-720x475.jpeg",720,475,true],"mailpoet_newsletter_max":["https:\/\/wp.uaslp.mx\/noticias\/wp-content\/uploads\/sites\/5\/2024\/09\/WhatsApp-Image-2024-09-03-at-12.32.11-PM.jpeg",1280,853,false]},"author_info":{"display_name":"Prensa y difusi\u00f3n","author_link":"https:\/\/wp.uaslp.mx\/noticias\/author\/giovannamorales\/"},"category_info":"<a href=\"https:\/\/wp.uaslp.mx\/noticias\/category\/academica\/\" rel=\"category tag\">Acad\u00e9mica<\/a>","tag_info":"Acad\u00e9mica","comment_count":"0","_links":{"self":[{"href":"https:\/\/wp.uaslp.mx\/noticias\/wp-json\/wp\/v2\/posts\/16013","targetHints":{"allow":["GET"]}}],"collection":[{"href":"https:\/\/wp.uaslp.mx\/noticias\/wp-json\/wp\/v2\/posts"}],"about":[{"href":"https:\/\/wp.uaslp.mx\/noticias\/wp-json\/wp\/v2\/types\/post"}],"author":[{"embeddable":true,"href":"https:\/\/wp.uaslp.mx\/noticias\/wp-json\/wp\/v2\/users\/12"}],"replies":[{"embeddable":true,"href":"https:\/\/wp.uaslp.mx\/noticias\/wp-json\/wp\/v2\/comments?post=16013"}],"version-history":[{"count":1,"href":"https:\/\/wp.uaslp.mx\/noticias\/wp-json\/wp\/v2\/posts\/16013\/revisions"}],"predecessor-version":[{"id":16014,"href":"https:\/\/wp.uaslp.mx\/noticias\/wp-json\/wp\/v2\/posts\/16013\/revisions\/16014"}],"wp:featuredmedia":[{"embeddable":true,"href":"https:\/\/wp.uaslp.mx\/noticias\/wp-json\/wp\/v2\/media\/16009"}],"wp:attachment":[{"href":"https:\/\/wp.uaslp.mx\/noticias\/wp-json\/wp\/v2\/media?parent=16013"}],"wp:term":[{"taxonomy":"category","embeddable":true,"href":"https:\/\/wp.uaslp.mx\/noticias\/wp-json\/wp\/v2\/categories?post=16013"},{"taxonomy":"post_tag","embeddable":true,"href":"https:\/\/wp.uaslp.mx\/noticias\/wp-json\/wp\/v2\/tags?post=16013"}],"curies":[{"name":"wp","href":"https:\/\/api.w.org\/{rel}","templated":true}]}}