{"id":15782,"date":"2024-08-20T12:48:42","date_gmt":"2024-08-20T17:48:42","guid":{"rendered":"https:\/\/wp.uaslp.mx\/noticias\/?p=15782"},"modified":"2024-08-20T12:48:44","modified_gmt":"2024-08-20T17:48:44","slug":"prioritario-consolidar-mesas-de-dialogo-para-solucionar-paro-de-labores-del-pjf-considera-director-de-la-facultad-de-derecho","status":"publish","type":"post","link":"https:\/\/wp.uaslp.mx\/noticias\/gobierno\/prioritario-consolidar-mesas-de-dialogo-para-solucionar-paro-de-labores-del-pjf-considera-director-de-la-facultad-de-derecho\/","title":{"rendered":"Prioritario consolidar mesas de di\u00e1logo para solucionar paro de labores del PJF, considera director de la Facultad de Derecho"},"content":{"rendered":"\n<p>Priorizar la instalaci\u00f3n de mesas de trabajo y di\u00e1logo es la principal v\u00eda para encontrar soluciones r\u00e1pidas al paro indefinido de labores que mantienen trabajadores y jueces del Poder Judicial de la Federaci\u00f3n (PJF) en 28 estados de la Rep\u00fablica Mexicana, pues estos problemas requieren atenci\u00f3n inmediata, afirm\u00f3 el licenciado Germ\u00e1n Federico Pedroza Gait\u00e1n, director de la <a href=\"https:\/\/www.derecho.uaslp.mx\/#gsc.tab=0\" target=\"_blank\" rel=\"noreferrer noopener\">Facultad de Derecho Abogado Ponciano Arriaga<\/a> de la Universidad Aut\u00f3noma de San Luis Potos\u00ed (UASLP).<\/p>\n\n\n\n<p>La manifestaci\u00f3n en contra de la reforma en discusi\u00f3n en el Congreso de la Uni\u00f3n -la cual propone la elecci\u00f3n de jueces mediante voto popular y el fin de la carrera judicial-, ha generado preocupaci\u00f3n no s\u00f3lo por las implicaciones para los trabajadores del PJF, sino tambi\u00e9n por el impacto en la poblaci\u00f3n que acude a los tribunales en busca de justicia en materia civil, familiar, penal, laboral y, principalmente, amparos.<\/p>\n\n\n\n<p>Pedroza Gait\u00e1n destac\u00f3 que, a pesar del conflicto, es esencial que se mantengan guardias para atender casos urgentes para evitar que la ciudadan\u00eda se vea afectada en cuestiones legales de suma relevancia y subray\u00f3 que, si bien el paro es un medio de presi\u00f3n leg\u00edtimo, la afectaci\u00f3n a la poblaci\u00f3n debe ser m\u00ednima.<\/p>\n\n\n\n<p>\u201cLa soluci\u00f3n a estos conflictos debe encontrarse a trav\u00e9s del di\u00e1logo, convocando a expertos constitucionalistas y servidores judiciales para explorar alternativas que permitan superar la crisis sin perjudicar a la sociedad\u201d, consider\u00f3.<\/p>\n\n\n\n<p>El director de la facultad tambi\u00e9n habl\u00f3 sobre el eventual efecto del paro en los estudiantes de derecho de la UASLP, particularmente aquellos que aspiran a una carrera en la judicatura. Asegur\u00f3 que la instituci\u00f3n ya prev\u00e9 en sus programas educativos y de posgrado una s\u00f3lida formaci\u00f3n en derecho constitucional y amparo, con la finalidad de preparar a los futuros jueces.<\/p>\n\n\n\n<p>Finalmente, Pedroza Gait\u00e1n hizo un llamado a la reflexi\u00f3n sobre las repercusiones generales de la suspensi\u00f3n de actividades no s\u00f3lo en la sociedad, sino tambi\u00e9n en los trabajadores administrativos de los tribunales, cuyo sustento depende de la continuidad de sus labores.<\/p>\n\n\n\n<p class=\"has-text-align-right\"><em>Hugo Lauss\u00edn<\/em> <\/p>\n","protected":false},"excerpt":{"rendered":"<p>Priorizar la instalaci\u00f3n de mesas de trabajo y di\u00e1logo es la principal v\u00eda para encontrar&#8230;<\/p>\n","protected":false},"author":12,"featured_media":15783,"comment_status":"closed","ping_status":"closed","sticky":false,"template":"","format":"standard","meta":{"pgc_sgb_lightbox_settings":"","footnotes":""},"categories":[9,782],"tags":[310,706],"class_list":["post-15782","post","type-post","status-publish","format-standard","has-post-thumbnail","hentry","category-gobierno","category-uaslp","tag-facultad-de-derecho","tag-uaslp"],"featured_image_urls":{"full":["https:\/\/wp.uaslp.mx\/noticias\/wp-content\/uploads\/sites\/5\/2024\/08\/WhatsApp-Image-2024-08-20-at-11.39.12.jpeg",1600,1066,false],"thumbnail":["https:\/\/wp.uaslp.mx\/noticias\/wp-content\/uploads\/sites\/5\/2024\/08\/WhatsApp-Image-2024-08-20-at-11.39.12-150x150.jpeg",150,150,true],"medium":["https:\/\/wp.uaslp.mx\/noticias\/wp-content\/uploads\/sites\/5\/2024\/08\/WhatsApp-Image-2024-08-20-at-11.39.12-1024x682.jpeg",1024,682,true],"medium_large":["https:\/\/wp.uaslp.mx\/noticias\/wp-content\/uploads\/sites\/5\/2024\/08\/WhatsApp-Image-2024-08-20-at-11.39.12-768x512.jpeg",640,427,true],"large":["https:\/\/wp.uaslp.mx\/noticias\/wp-content\/uploads\/sites\/5\/2024\/08\/WhatsApp-Image-2024-08-20-at-11.39.12.jpeg",1600,1066,false],"1536x1536":["https:\/\/wp.uaslp.mx\/noticias\/wp-content\/uploads\/sites\/5\/2024\/08\/WhatsApp-Image-2024-08-20-at-11.39.12-1536x1023.jpeg",1536,1023,true],"2048x2048":["https:\/\/wp.uaslp.mx\/noticias\/wp-content\/uploads\/sites\/5\/2024\/08\/WhatsApp-Image-2024-08-20-at-11.39.12.jpeg",1600,1066,false],"newsever-slider-full":["https:\/\/wp.uaslp.mx\/noticias\/wp-content\/uploads\/sites\/5\/2024\/08\/WhatsApp-Image-2024-08-20-at-11.39.12-1280x845.jpeg",1280,845,true],"newsever-featured":["https:\/\/wp.uaslp.mx\/noticias\/wp-content\/uploads\/sites\/5\/2024\/08\/WhatsApp-Image-2024-08-20-at-11.39.12-1024x682.jpeg",1024,682,true],"newsever-medium":["https:\/\/wp.uaslp.mx\/noticias\/wp-content\/uploads\/sites\/5\/2024\/08\/WhatsApp-Image-2024-08-20-at-11.39.12-720x475.jpeg",720,475,true],"mailpoet_newsletter_max":["https:\/\/wp.uaslp.mx\/noticias\/wp-content\/uploads\/sites\/5\/2024\/08\/WhatsApp-Image-2024-08-20-at-11.39.12-1320x879.jpeg",1320,879,true]},"author_info":{"display_name":"Prensa y difusi\u00f3n","author_link":"https:\/\/wp.uaslp.mx\/noticias\/author\/giovannamorales\/"},"category_info":"<a href=\"https:\/\/wp.uaslp.mx\/noticias\/category\/gobierno\/\" rel=\"category tag\">Gobierno<\/a> <a href=\"https:\/\/wp.uaslp.mx\/noticias\/category\/uaslp\/\" rel=\"category tag\">UASLP<\/a>","tag_info":"UASLP","comment_count":"0","_links":{"self":[{"href":"https:\/\/wp.uaslp.mx\/noticias\/wp-json\/wp\/v2\/posts\/15782","targetHints":{"allow":["GET"]}}],"collection":[{"href":"https:\/\/wp.uaslp.mx\/noticias\/wp-json\/wp\/v2\/posts"}],"about":[{"href":"https:\/\/wp.uaslp.mx\/noticias\/wp-json\/wp\/v2\/types\/post"}],"author":[{"embeddable":true,"href":"https:\/\/wp.uaslp.mx\/noticias\/wp-json\/wp\/v2\/users\/12"}],"replies":[{"embeddable":true,"href":"https:\/\/wp.uaslp.mx\/noticias\/wp-json\/wp\/v2\/comments?post=15782"}],"version-history":[{"count":1,"href":"https:\/\/wp.uaslp.mx\/noticias\/wp-json\/wp\/v2\/posts\/15782\/revisions"}],"predecessor-version":[{"id":15784,"href":"https:\/\/wp.uaslp.mx\/noticias\/wp-json\/wp\/v2\/posts\/15782\/revisions\/15784"}],"wp:featuredmedia":[{"embeddable":true,"href":"https:\/\/wp.uaslp.mx\/noticias\/wp-json\/wp\/v2\/media\/15783"}],"wp:attachment":[{"href":"https:\/\/wp.uaslp.mx\/noticias\/wp-json\/wp\/v2\/media?parent=15782"}],"wp:term":[{"taxonomy":"category","embeddable":true,"href":"https:\/\/wp.uaslp.mx\/noticias\/wp-json\/wp\/v2\/categories?post=15782"},{"taxonomy":"post_tag","embeddable":true,"href":"https:\/\/wp.uaslp.mx\/noticias\/wp-json\/wp\/v2\/tags?post=15782"}],"curies":[{"name":"wp","href":"https:\/\/api.w.org\/{rel}","templated":true}]}}