{"id":15574,"date":"2024-08-06T15:48:57","date_gmt":"2024-08-06T20:48:57","guid":{"rendered":"https:\/\/wp.uaslp.mx\/noticias\/?p=15574"},"modified":"2024-08-06T15:48:59","modified_gmt":"2024-08-06T20:48:59","slug":"nuevas-variantes-de-sars-cov-2-no-deben-causar-alarma-entre-la-poblacion-dr-daniel-noyola-cherpitel","status":"publish","type":"post","link":"https:\/\/wp.uaslp.mx\/noticias\/investigacion\/nuevas-variantes-de-sars-cov-2-no-deben-causar-alarma-entre-la-poblacion-dr-daniel-noyola-cherpitel\/","title":{"rendered":"Nuevas variantes de SARS- CoV-2 no deben causar alarma entre la poblaci\u00f3n: Dr. Daniel Noyola Cherpitel"},"content":{"rendered":"\n<p>Las subvariantes \u00f3micron del SARS-CoV-2, KP.2 y KP.3 que actualmente circulan son las de menor severidad que se han presentado, sin embargo, la poblaci\u00f3n debe tomar medidas correspondientes para evitar contagios y el incremento de casos severos, as\u00ed lo sugiri\u00f3 el Dr. Daniel Ernesto Noyola Cherpitel, director del <a href=\"https:\/\/www.uaslp.mx\/cicsab#gsc.tab=0\">Centro de Investigaci\u00f3n en Ciencias de la Salud y Biomedicina <\/a>(CICSaB) de la Universidad Aut\u00f3noma de San Luis Potos\u00ed (UASLP).<\/p>\n\n\n\n<p>El profesor investigador dio a conocer que, desde el inicio de la pandemia, se han registrado brotes de este virus aproximadamente cada seis meses, uno en el verano y otro en invierno, generalmente de mayor intensidad. \u201cDe todos los que hemos tenido desde el 2020, el actual es el que ha presentado menos gravedad con incremento en mortalidad ligero, comparado con los previos. Estas nuevas variantes de SARS- CoV-2 no deben causar alarma entre la poblaci\u00f3n\u201d, indic\u00f3.<\/p>\n\n\n\n<p>Sostuvo que estas subvariantes presentan transmisibilidad relacionadas con su capacidad de contagio, en general del SARS- CoV- 2; la inmunidad de la poblaci\u00f3n, despu\u00e9s de los brotes de invierno, ha disminuido, volvi\u00e9ndose susceptible a contraer la enfermedad.<\/p>\n\n\n\n<p>\u201cLos reportes epidemiol\u00f3gicos disponibles sugieren que estamos cerca del pico de este brote, por lo que se anticipa que, en las siguientes semanas, no incremente el n\u00famero de casos y, en dos o tres semanas, se observe una disminuci\u00f3n en el n\u00famero de casos\u201d, afirm\u00f3 el especialista.<\/p>\n\n\n\n<p>Sobre las medidas a considerar, el infect\u00f3logo recalc\u00f3 la prevenci\u00f3n en poblaciones susceptibles, espec\u00edficamente, personas con enfermedades cr\u00f3nicas como diabetes, enfermedad pulmonar cr\u00f3nica, cardiopat\u00edas, obesidad, entre otras. Estas deben extremar medidas preventivas que incluyen evitar acudir a sitios con aglomeraciones, considerar la ventilaci\u00f3n de espacios, utilizar cubrebocas, lavado de manos y evitar contacto con personas enfermas para eludir mayores complicaciones.<\/p>\n\n\n\n<p>Agreg\u00f3 que \u201ces importante que cualquier persona que presente alguna enfermedad respiratoria tome ciertas medidas, entre ellas, acudir a recibir atenci\u00f3n m\u00e9dica apropiada, reposo en casa, ya que, aunque presente una infecci\u00f3n leve, esta puede ser fuente de contagio hacia otras personas\u201d.<\/p>\n\n\n\n<p>En t\u00e9rminos de vacunaci\u00f3n, el doctor Daniel Noyola Cherpitel, manifest\u00f3 que el panorama general de las vacunas contra SARS- CoV- 2 es semejante a la de influenza, en el sentido que se ha advertido a lo largo de la pandemia la presencia de nuevas variantes y subvariantes.<\/p>\n\n\n\n<p>\u201cLas formulaciones de la vacuna requieren actualizaciones cada cierto tiempo para ajustarse a los virus que est\u00e1n en circulaci\u00f3n en el momento; las que se desarrollaron inicialmente contienen en su formulaci\u00f3n virus originales. La protecci\u00f3n que proporciona no es eficiente en este momento, por lo que es recomendable recibir refuerzos con formulaciones actualizadas\u201d, dijo.<\/p>\n\n\n\n<p>El doctor Noyola Cherpitel a\u00f1adi\u00f3 que, por el momento, no se tiene una vacuna para cubrir estas variantes, pero contar con esquema completo y las medidas de prevenci\u00f3n en general siguen siendo importantes.<\/p>\n\n\n\n<p class=\"has-text-align-right\"><em>Noelia Mart\u00ednez<\/em><\/p>\n","protected":false},"excerpt":{"rendered":"<p>Las subvariantes \u00f3micron del SARS-CoV-2, KP.2 y KP.3 que actualmente circulan son las de menor&#8230;<\/p>\n","protected":false},"author":12,"featured_media":15575,"comment_status":"closed","ping_status":"closed","sticky":false,"template":"","format":"standard","meta":{"pgc_sgb_lightbox_settings":"","footnotes":""},"categories":[10],"tags":[136,2089,2090],"class_list":["post-15574","post","type-post","status-publish","format-standard","has-post-thumbnail","hentry","category-investigacion","tag-cicsab","tag-omicronsubvariantes","tag-sarscov2"],"featured_image_urls":{"full":["https:\/\/wp.uaslp.mx\/noticias\/wp-content\/uploads\/sites\/5\/2024\/08\/WhatsApp-Image-2024-08-06-at-3.45.04-PM.jpeg",1600,1066,false],"thumbnail":["https:\/\/wp.uaslp.mx\/noticias\/wp-content\/uploads\/sites\/5\/2024\/08\/WhatsApp-Image-2024-08-06-at-3.45.04-PM-150x150.jpeg",150,150,true],"medium":["https:\/\/wp.uaslp.mx\/noticias\/wp-content\/uploads\/sites\/5\/2024\/08\/WhatsApp-Image-2024-08-06-at-3.45.04-PM-1024x682.jpeg",1024,682,true],"medium_large":["https:\/\/wp.uaslp.mx\/noticias\/wp-content\/uploads\/sites\/5\/2024\/08\/WhatsApp-Image-2024-08-06-at-3.45.04-PM-768x512.jpeg",640,427,true],"large":["https:\/\/wp.uaslp.mx\/noticias\/wp-content\/uploads\/sites\/5\/2024\/08\/WhatsApp-Image-2024-08-06-at-3.45.04-PM.jpeg",1600,1066,false],"1536x1536":["https:\/\/wp.uaslp.mx\/noticias\/wp-content\/uploads\/sites\/5\/2024\/08\/WhatsApp-Image-2024-08-06-at-3.45.04-PM-1536x1023.jpeg",1536,1023,true],"2048x2048":["https:\/\/wp.uaslp.mx\/noticias\/wp-content\/uploads\/sites\/5\/2024\/08\/WhatsApp-Image-2024-08-06-at-3.45.04-PM.jpeg",1600,1066,false],"newsever-slider-full":["https:\/\/wp.uaslp.mx\/noticias\/wp-content\/uploads\/sites\/5\/2024\/08\/WhatsApp-Image-2024-08-06-at-3.45.04-PM-1280x845.jpeg",1280,845,true],"newsever-featured":["https:\/\/wp.uaslp.mx\/noticias\/wp-content\/uploads\/sites\/5\/2024\/08\/WhatsApp-Image-2024-08-06-at-3.45.04-PM-1024x682.jpeg",1024,682,true],"newsever-medium":["https:\/\/wp.uaslp.mx\/noticias\/wp-content\/uploads\/sites\/5\/2024\/08\/WhatsApp-Image-2024-08-06-at-3.45.04-PM-720x475.jpeg",720,475,true],"mailpoet_newsletter_max":["https:\/\/wp.uaslp.mx\/noticias\/wp-content\/uploads\/sites\/5\/2024\/08\/WhatsApp-Image-2024-08-06-at-3.45.04-PM-1320x879.jpeg",1320,879,true]},"author_info":{"display_name":"Prensa y difusi\u00f3n","author_link":"https:\/\/wp.uaslp.mx\/noticias\/author\/giovannamorales\/"},"category_info":"<a href=\"https:\/\/wp.uaslp.mx\/noticias\/category\/investigacion\/\" rel=\"category tag\">Investigaci\u00f3n<\/a>","tag_info":"Investigaci\u00f3n","comment_count":"0","_links":{"self":[{"href":"https:\/\/wp.uaslp.mx\/noticias\/wp-json\/wp\/v2\/posts\/15574","targetHints":{"allow":["GET"]}}],"collection":[{"href":"https:\/\/wp.uaslp.mx\/noticias\/wp-json\/wp\/v2\/posts"}],"about":[{"href":"https:\/\/wp.uaslp.mx\/noticias\/wp-json\/wp\/v2\/types\/post"}],"author":[{"embeddable":true,"href":"https:\/\/wp.uaslp.mx\/noticias\/wp-json\/wp\/v2\/users\/12"}],"replies":[{"embeddable":true,"href":"https:\/\/wp.uaslp.mx\/noticias\/wp-json\/wp\/v2\/comments?post=15574"}],"version-history":[{"count":1,"href":"https:\/\/wp.uaslp.mx\/noticias\/wp-json\/wp\/v2\/posts\/15574\/revisions"}],"predecessor-version":[{"id":15576,"href":"https:\/\/wp.uaslp.mx\/noticias\/wp-json\/wp\/v2\/posts\/15574\/revisions\/15576"}],"wp:featuredmedia":[{"embeddable":true,"href":"https:\/\/wp.uaslp.mx\/noticias\/wp-json\/wp\/v2\/media\/15575"}],"wp:attachment":[{"href":"https:\/\/wp.uaslp.mx\/noticias\/wp-json\/wp\/v2\/media?parent=15574"}],"wp:term":[{"taxonomy":"category","embeddable":true,"href":"https:\/\/wp.uaslp.mx\/noticias\/wp-json\/wp\/v2\/categories?post=15574"},{"taxonomy":"post_tag","embeddable":true,"href":"https:\/\/wp.uaslp.mx\/noticias\/wp-json\/wp\/v2\/tags?post=15574"}],"curies":[{"name":"wp","href":"https:\/\/api.w.org\/{rel}","templated":true}]}}