{"id":15527,"date":"2024-07-19T14:10:33","date_gmt":"2024-07-19T19:10:33","guid":{"rendered":"https:\/\/wp.uaslp.mx\/noticias\/?p=15527"},"modified":"2024-07-19T14:21:41","modified_gmt":"2024-07-19T19:21:41","slug":"cdu-aprueba-extender-plazo-de-pago-para-estudiantes-de-reingreso-a-la-uaslp","status":"publish","type":"post","link":"https:\/\/wp.uaslp.mx\/noticias\/gobierno\/cdu-aprueba-extender-plazo-de-pago-para-estudiantes-de-reingreso-a-la-uaslp\/","title":{"rendered":"CDU aprueba extender plazo de pago para estudiantes de reingreso a la UASLP"},"content":{"rendered":"\n<p>Durante la sesi\u00f3n ordinaria del mes de julio, el <a href=\"https:\/\/www.uaslp.mx\/SecretariaGeneral\/Paginas\/Honorable-Consejo-Directivo-Universitario\/2777#gsc.tab=0\">Consejo Directivo Universitario <\/a>(CDU) aprob\u00f3 extender el plazo estipulado para el pago de las cuotas de reingreso, cuya fecha l\u00edmite pasar\u00e1 del 2 al 20 de agosto; esta medida de apoyo a la econom\u00eda familiar beneficiar\u00e1 a estudiantes de las m\u00e1s de 100 carreras que se imparten en la Universidad Aut\u00f3noma de San Luis Potos\u00ed (UASLP).<\/p>\n\n\n\n<p>La sesi\u00f3n se realiz\u00f3 este viernes 19 de julio y fue presidida por el rector de la UASLP, doctor Alejandro Javier Zerme\u00f1o Guerra -acompa\u00f1ado del secretario general maestro Federico Garza Herrera-, quien puso a consideraci\u00f3n del pleno la propuesta presentada por la Federaci\u00f3n Universitaria Potosina, que result\u00f3 avalada de forma un\u00e1nime por las y los consejeros.<\/p>\n\n\n\n<p>Por otra parte, tambi\u00e9n fue aprobada la expedici\u00f3n de 16 diplomas de especialidad, 15 t\u00edtulos de grado de maestr\u00eda y 5 t\u00edtulos de grado de doctorado, adem\u00e1s de dos duplicados de t\u00edtulo de licenciatura, presentados por la Secretar\u00eda de Servicios Escolares. As\u00ed como 6 dict\u00e1menes de jubilaci\u00f3n, 2 de vejez y 1 de incapacidad, presentados por la Comisi\u00f3n Institucional de Pensiones.<\/p>\n\n\n\n<p>En otro punto del orden del d\u00eda se aprob\u00f3 la designaci\u00f3n de la maestra Paulina S\u00e1nchez P\u00e9rez del Pozo, como presidenta de la Comisi\u00f3n Institucional de Justicia Universitaria, exclusivamente para la revisi\u00f3n de dos expedientes.<\/p>\n\n\n\n<p>De igual manera, el Consejo Directivo Universitario vot\u00f3 a favor de la modificaci\u00f3n curricular de la Maestr\u00eda en Ciencias Bioqu\u00edmicas, que present\u00f3 la Facultad de Estudios Profesionales Zona Huasteca y de la reestructuraci\u00f3n curricular as\u00ed como programas de asignatura del primer al noveno semestre de la Ingenier\u00eda Agroindustrial, de la Coordinaci\u00f3n Acad\u00e9mica Regi\u00f3n Huasteca Sur.<\/p>\n\n\n\n<p>Del ajuste curricular de la Lic. en Derecho, que present\u00f3 la Facultad de Derecho Abogado Ponciano Arriaga Leija. As\u00ed como la solicitud de la Facultad de Ciencias Sociales y Humanidades para: programas de asignatura a impartirse en el quinto y sexto semestre de la Lic. en Lengua y Literatura Hispanoamericanas; modificaci\u00f3n curricular de la Maestr\u00eda y del Doctorado en Estudios Latinoamericanos en Territorio, Sociedad y Cultura.<\/p>\n\n\n\n<p>Adem\u00e1s de las solicitudes de la Coordinaci\u00f3n Acad\u00e9mica Regi\u00f3n Altiplano Oeste, para la reestructuraci\u00f3n curricular, as\u00ed como programas de asignatura del primer al tercer semestre de la Ingenier\u00eda Agroindustrial; el ajuste curricular de la Lic. en Administraci\u00f3n y programas de asignaturas a impartirse a partir del tercer y cuarto semestre de la Lic. en Ingenier\u00eda en Tecnolog\u00edas Computacionales, as\u00ed como de T\u00e9cnico Superior Universitario en Desarrollo Web.<\/p>\n\n\n\n<p>En el caso de la Facultad de Psicolog\u00eda se aprob\u00f3 la modificaci\u00f3n para el programa de asignatura de la Lic. en Psicopedagog\u00eda. As\u00ed como ajustes curriculares de la Facultad de Econom\u00eda, en las licenciaturas en Econom\u00eda y Comercio y Negocios Internacionales.<\/p>\n\n\n\n<p>Tambi\u00e9n fueron aprobadas las solicitudes de la Unidad Acad\u00e9mica Multidisciplinaria Zona Media, para la reestructuraci\u00f3n curricular as\u00ed como programas de asignatura de primer y segundo semestre de la Ingenier\u00eda Agroindustrial, de la Lic. en Mercadotecnia y de la Lic. en Administraci\u00f3n; as\u00ed como del nuevo programa educativo de TSU en Gesti\u00f3n de Negocios Digitales.<\/p>\n\n\n\n<p>En el caso de la Facultad de Ciencias se vot\u00f3 a favor del ajuste curricular de la Ingenier\u00eda en Nanotecnolog\u00eda y Energ\u00edas Renovables, de la Lic. en Biolog\u00eda; programas de asignatura de la Lic. en Matem\u00e1ticas Aplicadas. Para la Facultad del H\u00e1bitat: ajustes curriculares y programas de asignatura de las licenciaturas en Arquitectura, Dise\u00f1o Gr\u00e1fico, Dise\u00f1o Industrial, Edificaci\u00f3n y Administraci\u00f3n de Obras, Dise\u00f1o Urbano y del Paisaje, Conservaci\u00f3n y Restauraci\u00f3n de Bienes Culturales Muebles.<\/p>\n\n\n\n<p>En esta sesi\u00f3n se aprobaron ajustes curriculares de la Unidad Acad\u00e9mica Multidisciplinaria Regi\u00f3n Altiplano de las licenciaturas en Mercadotecnia, Enfermer\u00eda, y las Ingenier\u00edas Mecatr\u00f3nica, Qu\u00edmica, Mec\u00e1nica Administrativa, de Minerales y en Energ\u00edas Renovables; de programas de asignatura que present\u00f3 la Facultad de Agronom\u00eda y Veterinaria de la Licenciatura en Medicina Veterinaria y Zootecnica e Ingenier\u00eda en Agronom\u00eda y Medio Ambiente.<\/p>\n\n\n\n<p>Tambi\u00e9n los ajustes curriculares de los programas de la Facultad de Ciencias de la Informaci\u00f3n: Lic. en Gesti\u00f3n de la Informaci\u00f3n y Lic. en Gesti\u00f3n Documental y Archiv\u00edstica. Y el ajuste curricular as\u00ed como programas de asignatura a impartirse a partir del tercer y cuarto semestre de T\u00e9cnico Superior Universitario en Pr\u00f3tesis Dental y Flujos Digitales, de la Facultad de Estomatolog\u00eda.<\/p>\n\n\n\n<p>Finalmente, en asuntos generales, el rector Zerme\u00f1o Guerra hizo un llamado a las y los integrantes del CDU a extremar precauciones durante la temporada vacacional de verano; les advirti\u00f3 la posibilidad de que durante el siguiente ciclo escolar se vuelva al uso de cubrebocas por el repunte de COVID-19, y no descart\u00f3 que si fuera necesario, se implementar\u00edan grupos peque\u00f1os y clases a distancia en la instituci\u00f3n.<\/p>\n\n\n\n<p class=\"has-text-align-right\"><em>Talia Corpus<\/em><\/p>\n\n\n\n<figure class=\"wp-block-gallery has-nested-images columns-default is-cropped wp-block-gallery-1 is-layout-flex wp-block-gallery-is-layout-flex\">\n<figure class=\"wp-block-image size-full\"><a href=\"https:\/\/wp.uaslp.mx\/noticias\/wp-content\/uploads\/sites\/5\/2024\/07\/WhatsApp-Image-2024-07-19-at-1.57.02-PM-2.jpeg\"><img loading=\"lazy\" decoding=\"async\" width=\"1600\" height=\"1066\" data-id=\"15529\" src=\"https:\/\/wp.uaslp.mx\/noticias\/wp-content\/uploads\/sites\/5\/2024\/07\/WhatsApp-Image-2024-07-19-at-1.57.02-PM-2.jpeg\" alt=\"\" class=\"wp-image-15529\" srcset=\"https:\/\/wp.uaslp.mx\/noticias\/wp-content\/uploads\/sites\/5\/2024\/07\/WhatsApp-Image-2024-07-19-at-1.57.02-PM-2.jpeg 1600w, https:\/\/wp.uaslp.mx\/noticias\/wp-content\/uploads\/sites\/5\/2024\/07\/WhatsApp-Image-2024-07-19-at-1.57.02-PM-2-1024x682.jpeg 1024w, https:\/\/wp.uaslp.mx\/noticias\/wp-content\/uploads\/sites\/5\/2024\/07\/WhatsApp-Image-2024-07-19-at-1.57.02-PM-2-768x512.jpeg 768w, https:\/\/wp.uaslp.mx\/noticias\/wp-content\/uploads\/sites\/5\/2024\/07\/WhatsApp-Image-2024-07-19-at-1.57.02-PM-2-1536x1023.jpeg 1536w, https:\/\/wp.uaslp.mx\/noticias\/wp-content\/uploads\/sites\/5\/2024\/07\/WhatsApp-Image-2024-07-19-at-1.57.02-PM-2-1320x879.jpeg 1320w\" sizes=\"auto, (max-width: 1600px) 100vw, 1600px\" \/><\/a><\/figure>\n\n\n\n<figure class=\"wp-block-image size-full\"><a href=\"https:\/\/wp.uaslp.mx\/noticias\/wp-content\/uploads\/sites\/5\/2024\/07\/WhatsApp-Image-2024-07-19-at-1.57.02-PM-3.jpeg\"><img loading=\"lazy\" decoding=\"async\" width=\"1600\" height=\"1066\" data-id=\"15530\" src=\"https:\/\/wp.uaslp.mx\/noticias\/wp-content\/uploads\/sites\/5\/2024\/07\/WhatsApp-Image-2024-07-19-at-1.57.02-PM-3.jpeg\" alt=\"\" class=\"wp-image-15530\" srcset=\"https:\/\/wp.uaslp.mx\/noticias\/wp-content\/uploads\/sites\/5\/2024\/07\/WhatsApp-Image-2024-07-19-at-1.57.02-PM-3.jpeg 1600w, https:\/\/wp.uaslp.mx\/noticias\/wp-content\/uploads\/sites\/5\/2024\/07\/WhatsApp-Image-2024-07-19-at-1.57.02-PM-3-1024x682.jpeg 1024w, https:\/\/wp.uaslp.mx\/noticias\/wp-content\/uploads\/sites\/5\/2024\/07\/WhatsApp-Image-2024-07-19-at-1.57.02-PM-3-768x512.jpeg 768w, https:\/\/wp.uaslp.mx\/noticias\/wp-content\/uploads\/sites\/5\/2024\/07\/WhatsApp-Image-2024-07-19-at-1.57.02-PM-3-1536x1023.jpeg 1536w, https:\/\/wp.uaslp.mx\/noticias\/wp-content\/uploads\/sites\/5\/2024\/07\/WhatsApp-Image-2024-07-19-at-1.57.02-PM-3-1320x879.jpeg 1320w\" sizes=\"auto, (max-width: 1600px) 100vw, 1600px\" \/><\/a><\/figure>\n\n\n\n<figure class=\"wp-block-image size-full\"><a href=\"https:\/\/wp.uaslp.mx\/noticias\/wp-content\/uploads\/sites\/5\/2024\/07\/WhatsApp-Image-2024-07-19-at-1.57.02-PM.jpeg\"><img loading=\"lazy\" decoding=\"async\" width=\"1600\" height=\"1066\" data-id=\"15531\" src=\"https:\/\/wp.uaslp.mx\/noticias\/wp-content\/uploads\/sites\/5\/2024\/07\/WhatsApp-Image-2024-07-19-at-1.57.02-PM.jpeg\" alt=\"\" class=\"wp-image-15531\" srcset=\"https:\/\/wp.uaslp.mx\/noticias\/wp-content\/uploads\/sites\/5\/2024\/07\/WhatsApp-Image-2024-07-19-at-1.57.02-PM.jpeg 1600w, https:\/\/wp.uaslp.mx\/noticias\/wp-content\/uploads\/sites\/5\/2024\/07\/WhatsApp-Image-2024-07-19-at-1.57.02-PM-1024x682.jpeg 1024w, https:\/\/wp.uaslp.mx\/noticias\/wp-content\/uploads\/sites\/5\/2024\/07\/WhatsApp-Image-2024-07-19-at-1.57.02-PM-768x512.jpeg 768w, https:\/\/wp.uaslp.mx\/noticias\/wp-content\/uploads\/sites\/5\/2024\/07\/WhatsApp-Image-2024-07-19-at-1.57.02-PM-1536x1023.jpeg 1536w, https:\/\/wp.uaslp.mx\/noticias\/wp-content\/uploads\/sites\/5\/2024\/07\/WhatsApp-Image-2024-07-19-at-1.57.02-PM-1320x879.jpeg 1320w\" sizes=\"auto, (max-width: 1600px) 100vw, 1600px\" \/><\/a><\/figure>\n<\/figure>\n","protected":false},"excerpt":{"rendered":"<p>Durante la sesi\u00f3n ordinaria del mes de julio, el Consejo Directivo Universitario (CDU) aprob\u00f3 extender&#8230;<\/p>\n","protected":false},"author":12,"featured_media":15528,"comment_status":"closed","ping_status":"closed","sticky":false,"template":"","format":"standard","meta":{"pgc_sgb_lightbox_settings":"","footnotes":""},"categories":[1734,9,782],"tags":[],"class_list":["post-15527","post","type-post","status-publish","format-standard","has-post-thumbnail","hentry","category-cdu","category-gobierno","category-uaslp"],"featured_image_urls":{"full":["https:\/\/wp.uaslp.mx\/noticias\/wp-content\/uploads\/sites\/5\/2024\/07\/WhatsApp-Image-2024-07-19-at-1.57.02-PM-1.jpeg",1600,1066,false],"thumbnail":["https:\/\/wp.uaslp.mx\/noticias\/wp-content\/uploads\/sites\/5\/2024\/07\/WhatsApp-Image-2024-07-19-at-1.57.02-PM-1-150x150.jpeg",150,150,true],"medium":["https:\/\/wp.uaslp.mx\/noticias\/wp-content\/uploads\/sites\/5\/2024\/07\/WhatsApp-Image-2024-07-19-at-1.57.02-PM-1-1024x682.jpeg",1024,682,true],"medium_large":["https:\/\/wp.uaslp.mx\/noticias\/wp-content\/uploads\/sites\/5\/2024\/07\/WhatsApp-Image-2024-07-19-at-1.57.02-PM-1-768x512.jpeg",640,427,true],"large":["https:\/\/wp.uaslp.mx\/noticias\/wp-content\/uploads\/sites\/5\/2024\/07\/WhatsApp-Image-2024-07-19-at-1.57.02-PM-1.jpeg",1600,1066,false],"1536x1536":["https:\/\/wp.uaslp.mx\/noticias\/wp-content\/uploads\/sites\/5\/2024\/07\/WhatsApp-Image-2024-07-19-at-1.57.02-PM-1-1536x1023.jpeg",1536,1023,true],"2048x2048":["https:\/\/wp.uaslp.mx\/noticias\/wp-content\/uploads\/sites\/5\/2024\/07\/WhatsApp-Image-2024-07-19-at-1.57.02-PM-1.jpeg",1600,1066,false],"newsever-slider-full":["https:\/\/wp.uaslp.mx\/noticias\/wp-content\/uploads\/sites\/5\/2024\/07\/WhatsApp-Image-2024-07-19-at-1.57.02-PM-1-1280x845.jpeg",1280,845,true],"newsever-featured":["https:\/\/wp.uaslp.mx\/noticias\/wp-content\/uploads\/sites\/5\/2024\/07\/WhatsApp-Image-2024-07-19-at-1.57.02-PM-1-1024x682.jpeg",1024,682,true],"newsever-medium":["https:\/\/wp.uaslp.mx\/noticias\/wp-content\/uploads\/sites\/5\/2024\/07\/WhatsApp-Image-2024-07-19-at-1.57.02-PM-1-720x475.jpeg",720,475,true],"mailpoet_newsletter_max":["https:\/\/wp.uaslp.mx\/noticias\/wp-content\/uploads\/sites\/5\/2024\/07\/WhatsApp-Image-2024-07-19-at-1.57.02-PM-1-1320x879.jpeg",1320,879,true]},"author_info":{"display_name":"Prensa y difusi\u00f3n","author_link":"https:\/\/wp.uaslp.mx\/noticias\/author\/giovannamorales\/"},"category_info":"<a href=\"https:\/\/wp.uaslp.mx\/noticias\/category\/cdu\/\" rel=\"category tag\">CDU<\/a> <a href=\"https:\/\/wp.uaslp.mx\/noticias\/category\/gobierno\/\" rel=\"category tag\">Gobierno<\/a> <a href=\"https:\/\/wp.uaslp.mx\/noticias\/category\/uaslp\/\" rel=\"category tag\">UASLP<\/a>","tag_info":"UASLP","comment_count":"0","_links":{"self":[{"href":"https:\/\/wp.uaslp.mx\/noticias\/wp-json\/wp\/v2\/posts\/15527","targetHints":{"allow":["GET"]}}],"collection":[{"href":"https:\/\/wp.uaslp.mx\/noticias\/wp-json\/wp\/v2\/posts"}],"about":[{"href":"https:\/\/wp.uaslp.mx\/noticias\/wp-json\/wp\/v2\/types\/post"}],"author":[{"embeddable":true,"href":"https:\/\/wp.uaslp.mx\/noticias\/wp-json\/wp\/v2\/users\/12"}],"replies":[{"embeddable":true,"href":"https:\/\/wp.uaslp.mx\/noticias\/wp-json\/wp\/v2\/comments?post=15527"}],"version-history":[{"count":1,"href":"https:\/\/wp.uaslp.mx\/noticias\/wp-json\/wp\/v2\/posts\/15527\/revisions"}],"predecessor-version":[{"id":15532,"href":"https:\/\/wp.uaslp.mx\/noticias\/wp-json\/wp\/v2\/posts\/15527\/revisions\/15532"}],"wp:featuredmedia":[{"embeddable":true,"href":"https:\/\/wp.uaslp.mx\/noticias\/wp-json\/wp\/v2\/media\/15528"}],"wp:attachment":[{"href":"https:\/\/wp.uaslp.mx\/noticias\/wp-json\/wp\/v2\/media?parent=15527"}],"wp:term":[{"taxonomy":"category","embeddable":true,"href":"https:\/\/wp.uaslp.mx\/noticias\/wp-json\/wp\/v2\/categories?post=15527"},{"taxonomy":"post_tag","embeddable":true,"href":"https:\/\/wp.uaslp.mx\/noticias\/wp-json\/wp\/v2\/tags?post=15527"}],"curies":[{"name":"wp","href":"https:\/\/api.w.org\/{rel}","templated":true}]}}