{"id":15516,"date":"2024-07-28T22:12:00","date_gmt":"2024-07-29T03:12:00","guid":{"rendered":"https:\/\/wp.uaslp.mx\/noticias\/?p=15516"},"modified":"2024-07-19T13:40:22","modified_gmt":"2024-07-19T18:40:22","slug":"la-uaslp-y-fundacion-herdez-firman-convenio-para-la-divulgacion-y-difusion-de-la-cultura-alimentaria-de-mexico","status":"publish","type":"post","link":"https:\/\/wp.uaslp.mx\/noticias\/arteycultura\/la-uaslp-y-fundacion-herdez-firman-convenio-para-la-divulgacion-y-difusion-de-la-cultura-alimentaria-de-mexico\/","title":{"rendered":"La UASLP y Fundaci\u00f3n Herdez firman convenio para la divulgaci\u00f3n y difusi\u00f3n de la cultura alimentaria de M\u00e9xico"},"content":{"rendered":"\n<p>La Universidad Aut\u00f3noma de San Luis Potos\u00ed (UASLP), a trav\u00e9s de la <a href=\"https:\/\/radioytelevision.uaslp.mx\/\">Direcci\u00f3n de Radio y Televisi\u00f3n Universitaria <\/a>(DRTV), firm\u00f3 un convenio en coinversi\u00f3n con la <a href=\"https:\/\/fundacionherdez.com\/\">Fundaci\u00f3n Herdez<\/a>, por medio de Casa \u201cDo\u00f1a Mar\u00eda Pons\u201d, para la creaci\u00f3n y coproducci\u00f3n de contenidos culturales.<br>En el marco de la celebraci\u00f3n de los 86 a\u00f1os de la Radio Universitaria, ambas instituciones formalizaron lazos con la presencia del doctor Alejando Javier Zerme\u00f1o Guerra, rector de la UASLP; para que durante los pr\u00f3ximos meses se lleve a cabo la colaboraci\u00f3n y construcci\u00f3n de contenidos, que ser\u00e1n dos proyectos de comunicaci\u00f3n multiplataforma.<\/p>\n\n\n\n<p><br>Por un lado, se explorar\u00e1 el formato de \u201cRadio Recetas\u201d, con una serie sonora de c\u00e1psulas que rescatar\u00e1 recetarios que han sido publicados y forman parte del acervo de la Biblioteca de la Gastronom\u00eda Mexicana. Por otro, se realizar\u00e1 una serie audiovisual basada en la \u201cColecci\u00f3n Tonacayotl: nuestro sustento\u201d, a trav\u00e9s de 12 cap\u00edtulos, en los que se abordar\u00e1n diversos temas\/ingredientes.<br>Ambos proyectos contar\u00e1n con la participaci\u00f3n de distintos perfiles del \u00e1mbito alimentario local, regional y nacional, as\u00ed mismo, se abordar\u00e1n los temas de manera transversal: cocina, cultivo, industria, literatura, tradiciones, arte, ciencias, tecnolog\u00edas, entre otros.<\/p>\n\n\n\n<p><br>Cecilia Padr\u00f3n, l\u00edder de Fundaci\u00f3n Herdez Casa \u201cDo\u00f1a Mar\u00eda Pons\u201d, se\u00f1al\u00f3 \u201cqueremos contar historias y hablar sobre la comida y la cultura alimentaria, explorando sus usos, resaltar a sus personajes y los ingredientes, siempre con una mirada curiosa y con el objetivo de compartir conocimiento y saberes. Estamos muy contentos con esta colaboraci\u00f3n, que nos permitir\u00e1 alcanzar un p\u00fablico m\u00e1s amplio\u201d.<br>Por su parte, Gabriela Hern\u00e1ndez, directora de Radio y Televisi\u00f3n UASLP, coment\u00f3 que \u201cla radio universitaria p\u00fablica es un espacio ciudadano que se construye con la diversidad de sus actores, estos proyectos son un gran ejemplo de ello, la cultura alimentaria es un tema que atraviesa en lo hist\u00f3rico, social, econ\u00f3mico, tecnol\u00f3gico\u2026 tendremos el honor de escuchar la sabidur\u00eda y experiencia de muchas personas\u201d.<\/p>\n\n\n\n<p><br>Cabe mencionar que la Direcci\u00f3n de Radio y Televisi\u00f3n tiene como tarea la producci\u00f3n de contenidos audiovisuales de difusi\u00f3n cultural, comunicaci\u00f3n de la ciencia, identidad institucional, an\u00e1lisis del entorno y apreciaci\u00f3n musical. En la actualidad, el sistema cuenta con tres frecuencias en radio p\u00fablica; 88.5 FM y 1190 AM en San Luis Potos\u00ed y 91.9 FM en Matehuala, tres canales de YouTube, Sistema podcast, radio online.<br>En tanto, la Fundaci\u00f3n Herdez, A.C. es una asociaci\u00f3n filantr\u00f3pica sin fines de lucro, creada para brindar un servicio a la sociedad civil de nuestro pa\u00eds. Fundada en la Ciudad de M\u00e9xico en 1988 por Don Enrique Hern\u00e1ndez-Pons cuenta con dos sedes, una en el Centro Hist\u00f3rico de la Ciudad de M\u00e9xico y otra, Casa \u201cDo\u00f1a Mar\u00eda Pons\u201d en San Luis Potos\u00ed. \u00c9sta se encuentra ubicada en avenida de la Paz #216 Barrio de Tlaxcala, San Luis Potos\u00ed, S.L.P. en un horario de martes a viernes de las 10:00 a las 17:00 horas y los s\u00e1bados de las 10:00 a las 14:00 horas.<\/p>\n\n\n\n<p><br>\u00a0Por un lado, se explorar\u00e1 el formato de \u201cRadio Recetas\u201d, con una serie sonora de c\u00e1psulas que rescatar\u00e1 recetarios que han sido publicados y forman parte del acervo de la Biblioteca de la Gastronom\u00eda Mexicana. Por otro, se realizar\u00e1 una serie audiovisual basada en la \u201cColecci\u00f3n Tonacayotl: nuestro sustento\u201d, a trav\u00e9s de 12 cap\u00edtulos, en los que se abordar\u00e1n diversos temas\/ingredientes.<\/p>\n","protected":false},"excerpt":{"rendered":"<p>La Universidad Aut\u00f3noma de San Luis Potos\u00ed (UASLP), a trav\u00e9s de la Direcci\u00f3n de Radio&#8230;<\/p>\n","protected":false},"author":12,"featured_media":15521,"comment_status":"closed","ping_status":"closed","sticky":false,"template":"","format":"standard","meta":{"pgc_sgb_lightbox_settings":"","footnotes":""},"categories":[3],"tags":[2065,195,2022,2049,2067,2066],"class_list":["post-15516","post","type-post","status-publish","format-standard","has-post-thumbnail","hentry","category-arteycultura","tag-casadonamariapons","tag-convenio","tag-culturamexicana","tag-fundacionherdez","tag-radiorecetas","tag-radiouniversitaria86anos"],"featured_image_urls":{"full":["https:\/\/wp.uaslp.mx\/noticias\/wp-content\/uploads\/sites\/5\/2024\/07\/WhatsApp-Image-2024-07-19-at-1.24.47-PM.jpeg",1600,1200,false],"thumbnail":["https:\/\/wp.uaslp.mx\/noticias\/wp-content\/uploads\/sites\/5\/2024\/07\/WhatsApp-Image-2024-07-19-at-1.24.47-PM-150x150.jpeg",150,150,true],"medium":["https:\/\/wp.uaslp.mx\/noticias\/wp-content\/uploads\/sites\/5\/2024\/07\/WhatsApp-Image-2024-07-19-at-1.24.47-PM-1024x768.jpeg",1024,768,true],"medium_large":["https:\/\/wp.uaslp.mx\/noticias\/wp-content\/uploads\/sites\/5\/2024\/07\/WhatsApp-Image-2024-07-19-at-1.24.47-PM-768x576.jpeg",640,480,true],"large":["https:\/\/wp.uaslp.mx\/noticias\/wp-content\/uploads\/sites\/5\/2024\/07\/WhatsApp-Image-2024-07-19-at-1.24.47-PM.jpeg",1600,1200,false],"1536x1536":["https:\/\/wp.uaslp.mx\/noticias\/wp-content\/uploads\/sites\/5\/2024\/07\/WhatsApp-Image-2024-07-19-at-1.24.47-PM-1536x1152.jpeg",1536,1152,true],"2048x2048":["https:\/\/wp.uaslp.mx\/noticias\/wp-content\/uploads\/sites\/5\/2024\/07\/WhatsApp-Image-2024-07-19-at-1.24.47-PM.jpeg",1600,1200,false],"newsever-slider-full":["https:\/\/wp.uaslp.mx\/noticias\/wp-content\/uploads\/sites\/5\/2024\/07\/WhatsApp-Image-2024-07-19-at-1.24.47-PM-1280x845.jpeg",1280,845,true],"newsever-featured":["https:\/\/wp.uaslp.mx\/noticias\/wp-content\/uploads\/sites\/5\/2024\/07\/WhatsApp-Image-2024-07-19-at-1.24.47-PM-1024x768.jpeg",1024,768,true],"newsever-medium":["https:\/\/wp.uaslp.mx\/noticias\/wp-content\/uploads\/sites\/5\/2024\/07\/WhatsApp-Image-2024-07-19-at-1.24.47-PM-720x475.jpeg",720,475,true],"mailpoet_newsletter_max":["https:\/\/wp.uaslp.mx\/noticias\/wp-content\/uploads\/sites\/5\/2024\/07\/WhatsApp-Image-2024-07-19-at-1.24.47-PM-1320x990.jpeg",1320,990,true]},"author_info":{"display_name":"Prensa y difusi\u00f3n","author_link":"https:\/\/wp.uaslp.mx\/noticias\/author\/giovannamorales\/"},"category_info":"<a href=\"https:\/\/wp.uaslp.mx\/noticias\/category\/arteycultura\/\" rel=\"category tag\">Arte y cultura<\/a>","tag_info":"Arte y cultura","comment_count":"0","_links":{"self":[{"href":"https:\/\/wp.uaslp.mx\/noticias\/wp-json\/wp\/v2\/posts\/15516","targetHints":{"allow":["GET"]}}],"collection":[{"href":"https:\/\/wp.uaslp.mx\/noticias\/wp-json\/wp\/v2\/posts"}],"about":[{"href":"https:\/\/wp.uaslp.mx\/noticias\/wp-json\/wp\/v2\/types\/post"}],"author":[{"embeddable":true,"href":"https:\/\/wp.uaslp.mx\/noticias\/wp-json\/wp\/v2\/users\/12"}],"replies":[{"embeddable":true,"href":"https:\/\/wp.uaslp.mx\/noticias\/wp-json\/wp\/v2\/comments?post=15516"}],"version-history":[{"count":1,"href":"https:\/\/wp.uaslp.mx\/noticias\/wp-json\/wp\/v2\/posts\/15516\/revisions"}],"predecessor-version":[{"id":15522,"href":"https:\/\/wp.uaslp.mx\/noticias\/wp-json\/wp\/v2\/posts\/15516\/revisions\/15522"}],"wp:featuredmedia":[{"embeddable":true,"href":"https:\/\/wp.uaslp.mx\/noticias\/wp-json\/wp\/v2\/media\/15521"}],"wp:attachment":[{"href":"https:\/\/wp.uaslp.mx\/noticias\/wp-json\/wp\/v2\/media?parent=15516"}],"wp:term":[{"taxonomy":"category","embeddable":true,"href":"https:\/\/wp.uaslp.mx\/noticias\/wp-json\/wp\/v2\/categories?post=15516"},{"taxonomy":"post_tag","embeddable":true,"href":"https:\/\/wp.uaslp.mx\/noticias\/wp-json\/wp\/v2\/tags?post=15516"}],"curies":[{"name":"wp","href":"https:\/\/api.w.org\/{rel}","templated":true}]}}