{"id":15482,"date":"2024-07-21T22:31:00","date_gmt":"2024-07-22T03:31:00","guid":{"rendered":"https:\/\/wp.uaslp.mx\/noticias\/?p=15482"},"modified":"2024-07-18T16:06:25","modified_gmt":"2024-07-18T21:06:25","slug":"la-uaslp-cumple-86-anos-de-hacer-radio-publica","status":"publish","type":"post","link":"https:\/\/wp.uaslp.mx\/noticias\/arteycultura\/la-uaslp-cumple-86-anos-de-hacer-radio-publica\/","title":{"rendered":"La UASLP cumple 86 a\u00f1os de hacer radio p\u00fablica"},"content":{"rendered":"\n<p>El pr\u00f3ximo 28 de julio, Radio Universidad celebra su 86 aniversario como proyecto universitario ciudadano dedicado a la difusi\u00f3n de la cultura, la divulgaci\u00f3n de la ciencia, la apreciaci\u00f3n musical y el an\u00e1lisis del entorno. Su primer d\u00eda de transmisi\u00f3n en amplitud modulada fue en 1938 y, a la fecha, se ha consolidado como un sistema de medios integral.<br><br>En el marco de su aniversario la <a href=\"https:\/\/radioytelevision.uaslp.mx\/\">Direcci\u00f3n de Radio y Televisi\u00f3n Universitaria<\/a> (DRTV) anuncia importantes acciones, entre ellas, concretar m\u00e1s colaboraciones, como la firma de un convenio en coinversi\u00f3n con Fundaci\u00f3n Herdez, a trav\u00e9s de \u201cCasa Do\u00f1a Mar\u00eda Pons\u201d, una instituci\u00f3n comprometida con la promoci\u00f3n de la gastronom\u00eda y el patrimonio cultural, y con la que se desarrollar\u00e1n dos proyectos de comunicaci\u00f3n multiplataforma.<br><br>Para celebrar la diversidad y la pluralidad que actualmente se transmite al aire, se presentar\u00e1 la programaci\u00f3n especial \u201cCrossovers Cumplea\u00f1eros \u00a1Voltear\u00e1n de cabeza la programaci\u00f3n!\u201d, una serie de emisiones especiales que contar\u00e1 con colaboraciones entre distintos programas y productores, ofreciendo una experiencia \u00fanica y variada a las audiencias, del 22 al 28 de julio por 88.5 FM, 91.9 FM en Matehuala y 1190 AM.<br><br>Adem\u00e1s, dentro de un proyecto de reestructuraci\u00f3n del \u00e1rea, se trabajar\u00e1 en un nuevo espacio para el centro de producciones, en el que se instalar\u00e1 una cabina de grabaci\u00f3n multiplataforma en la primera planta para las y los productores que laboran o coproducen con la estaci\u00f3n. Esta labor concluir\u00e1 para el mes septiembre.<br><br>La DRTV lanzar\u00e1 tambi\u00e9n \u201cCampus Tour\u201d, un programa psicod\u00e9lico inspirado en la vieja televisi\u00f3n. La producci\u00f3n visitar\u00e1 las escuelas y facultades de la UASLP para conocer el chisme, la vibra y los espacios de la comunidad universitaria. La agenda para reservar la visita del programa ya est\u00e1 abierta y tiene fechas disponibles a partir de septiembre.<br><br>Por otro lado, como una de sus obligaciones y responsabilidades como concesi\u00f3n p\u00fablica, Radio UASLP, a trav\u00e9s de la Comisi\u00f3n Permanente de Radiodifusi\u00f3n de la Universidad Aut\u00f3noma de San Luis Potos\u00ed, invita a la ciudadan\u00eda a participar en la convocatoria a ser integrante del Consejo Ciudadano de Radio Universidad, cuyas bases se encuentran en su portal web.<br><br>La licenciada Gabriela Hern\u00e1ndez Nieto, directora de Radio y Televisi\u00f3n Universitaria se\u00f1al\u00f3 que \u201ceste es un aniversario muy especial, pues hemos fortalecido nuestras convocatorias, hemos sostenido la actualizaci\u00f3n constante en barras program\u00e1ticas incluyendo a m\u00e1s personas, a trav\u00e9s de proyectos como nuestra temporada de estrenos y jornadas radiof\u00f3nicas\u201d.<br><br>\u201cBrindamos un mejor servicio a los proyectos que lo requieren y cumplimos con lo establecido por el IFT, INE y SEGOB. Vivimos un momento de mucho emprendimiento y al mismo tiempo, de mucha estabilidad y continuidad\u201d, agreg\u00f3.<br><br>La informaci\u00f3n sobre la programaci\u00f3n, convocatorias y proyectos especiales de la Direcci\u00f3n de Radio y Televisi\u00f3n UASLP est\u00e1 disponibles en radioytelevision.uaslp.mx. y en redes como @Radio y Televisi\u00f3n UASLP en Instagram, Facebook, Flickr, TikTok y YouTube.<\/p>\n\n\n\n<p><\/p>\n","protected":false},"excerpt":{"rendered":"<p>El pr\u00f3ximo 28 de julio, Radio Universidad celebra su 86 aniversario como proyecto universitario ciudadano&#8230;<\/p>\n","protected":false},"author":12,"featured_media":15483,"comment_status":"closed","ping_status":"closed","sticky":false,"template":"","format":"standard","meta":{"pgc_sgb_lightbox_settings":"","footnotes":""},"categories":[3],"tags":[2050,2049,2048],"class_list":["post-15482","post","type-post","status-publish","format-standard","has-post-thumbnail","hentry","category-arteycultura","tag-aniversarioradiouniversidad","tag-fundacionherdez","tag-radiouniversidad86anos"],"featured_image_urls":{"full":["https:\/\/wp.uaslp.mx\/noticias\/wp-content\/uploads\/sites\/5\/2024\/07\/DRTV-86-ANIV.jpg",1800,1200,false],"thumbnail":["https:\/\/wp.uaslp.mx\/noticias\/wp-content\/uploads\/sites\/5\/2024\/07\/DRTV-86-ANIV-150x150.jpg",150,150,true],"medium":["https:\/\/wp.uaslp.mx\/noticias\/wp-content\/uploads\/sites\/5\/2024\/07\/DRTV-86-ANIV-1024x683.jpg",1024,683,true],"medium_large":["https:\/\/wp.uaslp.mx\/noticias\/wp-content\/uploads\/sites\/5\/2024\/07\/DRTV-86-ANIV-768x512.jpg",640,427,true],"large":["https:\/\/wp.uaslp.mx\/noticias\/wp-content\/uploads\/sites\/5\/2024\/07\/DRTV-86-ANIV.jpg",1800,1200,false],"1536x1536":["https:\/\/wp.uaslp.mx\/noticias\/wp-content\/uploads\/sites\/5\/2024\/07\/DRTV-86-ANIV-1536x1024.jpg",1536,1024,true],"2048x2048":["https:\/\/wp.uaslp.mx\/noticias\/wp-content\/uploads\/sites\/5\/2024\/07\/DRTV-86-ANIV.jpg",1800,1200,false],"newsever-slider-full":["https:\/\/wp.uaslp.mx\/noticias\/wp-content\/uploads\/sites\/5\/2024\/07\/DRTV-86-ANIV-1280x845.jpg",1280,845,true],"newsever-featured":["https:\/\/wp.uaslp.mx\/noticias\/wp-content\/uploads\/sites\/5\/2024\/07\/DRTV-86-ANIV-1024x683.jpg",1024,683,true],"newsever-medium":["https:\/\/wp.uaslp.mx\/noticias\/wp-content\/uploads\/sites\/5\/2024\/07\/DRTV-86-ANIV-720x475.jpg",720,475,true],"mailpoet_newsletter_max":["https:\/\/wp.uaslp.mx\/noticias\/wp-content\/uploads\/sites\/5\/2024\/07\/DRTV-86-ANIV-1320x880.jpg",1320,880,true]},"author_info":{"display_name":"Prensa y difusi\u00f3n","author_link":"https:\/\/wp.uaslp.mx\/noticias\/author\/giovannamorales\/"},"category_info":"<a href=\"https:\/\/wp.uaslp.mx\/noticias\/category\/arteycultura\/\" rel=\"category tag\">Arte y cultura<\/a>","tag_info":"Arte y cultura","comment_count":"0","_links":{"self":[{"href":"https:\/\/wp.uaslp.mx\/noticias\/wp-json\/wp\/v2\/posts\/15482","targetHints":{"allow":["GET"]}}],"collection":[{"href":"https:\/\/wp.uaslp.mx\/noticias\/wp-json\/wp\/v2\/posts"}],"about":[{"href":"https:\/\/wp.uaslp.mx\/noticias\/wp-json\/wp\/v2\/types\/post"}],"author":[{"embeddable":true,"href":"https:\/\/wp.uaslp.mx\/noticias\/wp-json\/wp\/v2\/users\/12"}],"replies":[{"embeddable":true,"href":"https:\/\/wp.uaslp.mx\/noticias\/wp-json\/wp\/v2\/comments?post=15482"}],"version-history":[{"count":1,"href":"https:\/\/wp.uaslp.mx\/noticias\/wp-json\/wp\/v2\/posts\/15482\/revisions"}],"predecessor-version":[{"id":15486,"href":"https:\/\/wp.uaslp.mx\/noticias\/wp-json\/wp\/v2\/posts\/15482\/revisions\/15486"}],"wp:featuredmedia":[{"embeddable":true,"href":"https:\/\/wp.uaslp.mx\/noticias\/wp-json\/wp\/v2\/media\/15483"}],"wp:attachment":[{"href":"https:\/\/wp.uaslp.mx\/noticias\/wp-json\/wp\/v2\/media?parent=15482"}],"wp:term":[{"taxonomy":"category","embeddable":true,"href":"https:\/\/wp.uaslp.mx\/noticias\/wp-json\/wp\/v2\/categories?post=15482"},{"taxonomy":"post_tag","embeddable":true,"href":"https:\/\/wp.uaslp.mx\/noticias\/wp-json\/wp\/v2\/tags?post=15482"}],"curies":[{"name":"wp","href":"https:\/\/api.w.org\/{rel}","templated":true}]}}