{"id":15471,"date":"2024-07-25T10:20:00","date_gmt":"2024-07-25T15:20:00","guid":{"rendered":"https:\/\/wp.uaslp.mx\/noticias\/?p=15471"},"modified":"2024-07-18T12:46:05","modified_gmt":"2024-07-18T17:46:05","slug":"uaslp-prepara-obras-sobre-acervo-del-centro-de-documentacion-historica-rafael-montejano-y-aguinaga","status":"publish","type":"post","link":"https:\/\/wp.uaslp.mx\/noticias\/uaslp\/uaslp-prepara-obras-sobre-acervo-del-centro-de-documentacion-historica-rafael-montejano-y-aguinaga\/","title":{"rendered":"UASLP prepara obras sobre acervo del Centro de Documentaci\u00f3n Hist\u00f3rica Rafael Montejano y Agui\u00f1aga"},"content":{"rendered":"\n<p>Para finales del 2024, se tiene previsto que el <a href=\"https:\/\/www.uaslp.mx\/Centro-de-Documentacion-Historica#gsc.tab=0\">Centro de Documentaci\u00f3n Hist\u00f3rica Rafael Montejano y Agui\u00f1aga<\/a>, de la Universidad Aut\u00f3noma de San Luis Potos\u00ed (UASLP), ubicado en la calle de Dami\u00e1n Carmona no. 130 en el centro hist\u00f3rico de la capital potosina, pueda contar con un libro que detalle las caracter\u00edsticas arquitect\u00f3nicas y la historia del edificio que alberga a este recinto y a la Biblioteca P\u00fablica Universitaria.<\/p>\n\n\n\n<p>As\u00ed lo detall\u00f3 la coordinadora del proyecto y directora del Centro de Documentaci\u00f3n, la doctora Rosa Mar\u00eda Mart\u00ednez Rider, quien asegur\u00f3 que ese libro ser\u00e1 el inicio de una serie de publicaciones que se tienen planeadas para dar a conocer la riqueza del libro antiguo y la variedad de donaciones que se han recibido de personajes ilustres de San Luis Potos\u00ed.<\/p>\n\n\n\n<p>La tambi\u00e9n docente de la Facultad de Ciencias de la Informaci\u00f3n (FCI) de la UASLP, adelant\u00f3 que, en esta encomienda de generaci\u00f3n de obras, est\u00e1 inmerso todo un equipo de la entidad acad\u00e9micas y del propio centro, integrado de forma multidisciplinaria. Pues no s\u00f3lo se requiere recopilaci\u00f3n de informaci\u00f3n documental, sino tambi\u00e9n el dise\u00f1o y las im\u00e1genes que ilustren el contenido de cada uno de los ejemplares.<\/p>\n\n\n\n<p>Por ese motivo, la Dra. Rosa Mar\u00eda Mart\u00ednez Rider detall\u00f3 que, en primera instancia, la obra que plasmar\u00e1 el origen y la historia del peculiar edificio que alberga tanto al Centro de Documentaci\u00f3n Hist\u00f3rica Rafael Montejano y Agui\u00f1aga como a la Biblioteca P\u00fablica Universitaria, est\u00e1 ya casi concluido para ser presentado a finales de 2024. Esto como parte de un trabajo editorial que quiere dejar una constancia, para que todos los potosinos y visitantes conozcan el espacio. Tambi\u00e9n estar\u00e1 disponible en el repositorio de la UASLP para que cuente con acceso libre, en l\u00ednea.<\/p>\n\n\n\n<p>A esta, le seguir\u00e1n libros que contengan los detalles de la colecci\u00f3n de donaciones de acervo bibliogr\u00e1fico con que cuenta el Centro de Documentaci\u00f3n. Es as\u00ed que se proyecta la realizaci\u00f3n de una obra que contenga datos e historia del acervo entregado por el ex embajador y ex gobernador del estado de San Luis Potos\u00ed, Ing. Gonzalo Mart\u00ednez Corbal\u00e1.<\/p>\n\n\n\n<p>Una m\u00e1s que contenga los datos de la colecci\u00f3n donada por el ex presidente municipal y luchador social Dr. Salvador Nava Mart\u00ednez. Otra para detallar la el acervo otorgado por el ex gobernador potosino Fausto Zapata Loredo y la que integre las obras y colecci\u00f3n de los m\u00e1s de 3 mil 560 libros que leg\u00f3 el Dr. H\u00e9ctor Hern\u00e1ndez Mata.<\/p>\n\n\n\n<p>Todas estas obras literarias ya han sido revisadas por diversos integrantes del Centro de Documentaci\u00f3n, quienes de manera conjunta est\u00e1n analizando los contenidos, de la mano del trabajo de documentaci\u00f3n de los estudiantes de la FCI, quienes apoyan a los equipos realizadores de cada uno de los proyectos de libro.<\/p>\n\n\n\n<p>Visita la pagina oficial de facebook:<a href=\"https:\/\/www.facebook.com\/historica.uaslp\">https:\/\/www.facebook.com\/historica.uaslp<\/a><\/p>\n\n\n\n<p class=\"has-text-align-right\"><em>Guadalupe Guevara<\/em><\/p>\n","protected":false},"excerpt":{"rendered":"<p>Para finales del 2024, se tiene previsto que el Centro de Documentaci\u00f3n Hist\u00f3rica Rafael Montejano&#8230;<\/p>\n","protected":false},"author":12,"featured_media":15472,"comment_status":"closed","ping_status":"closed","sticky":false,"template":"","format":"standard","meta":{"pgc_sgb_lightbox_settings":"","footnotes":""},"categories":[782],"tags":[2040,1199,2041,2042],"class_list":["post-15471","post","type-post","status-publish","format-standard","has-post-thumbnail","hentry","category-uaslp","tag-centrodocumentacionhistorica","tag-ciencias-de-la-informacion","tag-donacionesilustresslp","tag-proyectoculturalslp"],"featured_image_urls":{"full":["https:\/\/wp.uaslp.mx\/noticias\/wp-content\/uploads\/sites\/5\/2024\/07\/centro-de-documentacion-fachada.jpg",2048,1370,false],"thumbnail":["https:\/\/wp.uaslp.mx\/noticias\/wp-content\/uploads\/sites\/5\/2024\/07\/centro-de-documentacion-fachada-150x150.jpg",150,150,true],"medium":["https:\/\/wp.uaslp.mx\/noticias\/wp-content\/uploads\/sites\/5\/2024\/07\/centro-de-documentacion-fachada-1024x685.jpg",1024,685,true],"medium_large":["https:\/\/wp.uaslp.mx\/noticias\/wp-content\/uploads\/sites\/5\/2024\/07\/centro-de-documentacion-fachada-768x514.jpg",640,428,true],"large":["https:\/\/wp.uaslp.mx\/noticias\/wp-content\/uploads\/sites\/5\/2024\/07\/centro-de-documentacion-fachada.jpg",2048,1370,false],"1536x1536":["https:\/\/wp.uaslp.mx\/noticias\/wp-content\/uploads\/sites\/5\/2024\/07\/centro-de-documentacion-fachada-1536x1028.jpg",1536,1028,true],"2048x2048":["https:\/\/wp.uaslp.mx\/noticias\/wp-content\/uploads\/sites\/5\/2024\/07\/centro-de-documentacion-fachada.jpg",2048,1370,false],"newsever-slider-full":["https:\/\/wp.uaslp.mx\/noticias\/wp-content\/uploads\/sites\/5\/2024\/07\/centro-de-documentacion-fachada-1280x845.jpg",1280,845,true],"newsever-featured":["https:\/\/wp.uaslp.mx\/noticias\/wp-content\/uploads\/sites\/5\/2024\/07\/centro-de-documentacion-fachada-1024x685.jpg",1024,685,true],"newsever-medium":["https:\/\/wp.uaslp.mx\/noticias\/wp-content\/uploads\/sites\/5\/2024\/07\/centro-de-documentacion-fachada-720x475.jpg",720,475,true],"mailpoet_newsletter_max":["https:\/\/wp.uaslp.mx\/noticias\/wp-content\/uploads\/sites\/5\/2024\/07\/centro-de-documentacion-fachada-1320x883.jpg",1320,883,true]},"author_info":{"display_name":"Prensa y difusi\u00f3n","author_link":"https:\/\/wp.uaslp.mx\/noticias\/author\/giovannamorales\/"},"category_info":"<a href=\"https:\/\/wp.uaslp.mx\/noticias\/category\/uaslp\/\" rel=\"category tag\">UASLP<\/a>","tag_info":"UASLP","comment_count":"0","_links":{"self":[{"href":"https:\/\/wp.uaslp.mx\/noticias\/wp-json\/wp\/v2\/posts\/15471","targetHints":{"allow":["GET"]}}],"collection":[{"href":"https:\/\/wp.uaslp.mx\/noticias\/wp-json\/wp\/v2\/posts"}],"about":[{"href":"https:\/\/wp.uaslp.mx\/noticias\/wp-json\/wp\/v2\/types\/post"}],"author":[{"embeddable":true,"href":"https:\/\/wp.uaslp.mx\/noticias\/wp-json\/wp\/v2\/users\/12"}],"replies":[{"embeddable":true,"href":"https:\/\/wp.uaslp.mx\/noticias\/wp-json\/wp\/v2\/comments?post=15471"}],"version-history":[{"count":1,"href":"https:\/\/wp.uaslp.mx\/noticias\/wp-json\/wp\/v2\/posts\/15471\/revisions"}],"predecessor-version":[{"id":15473,"href":"https:\/\/wp.uaslp.mx\/noticias\/wp-json\/wp\/v2\/posts\/15471\/revisions\/15473"}],"wp:featuredmedia":[{"embeddable":true,"href":"https:\/\/wp.uaslp.mx\/noticias\/wp-json\/wp\/v2\/media\/15472"}],"wp:attachment":[{"href":"https:\/\/wp.uaslp.mx\/noticias\/wp-json\/wp\/v2\/media?parent=15471"}],"wp:term":[{"taxonomy":"category","embeddable":true,"href":"https:\/\/wp.uaslp.mx\/noticias\/wp-json\/wp\/v2\/categories?post=15471"},{"taxonomy":"post_tag","embeddable":true,"href":"https:\/\/wp.uaslp.mx\/noticias\/wp-json\/wp\/v2\/tags?post=15471"}],"curies":[{"name":"wp","href":"https:\/\/api.w.org\/{rel}","templated":true}]}}