{"id":15462,"date":"2024-07-26T22:10:00","date_gmt":"2024-07-27T03:10:00","guid":{"rendered":"https:\/\/wp.uaslp.mx\/noticias\/?p=15462"},"modified":"2024-07-26T09:48:46","modified_gmt":"2024-07-26T14:48:46","slug":"consumo-de-leche-materna-garantiza-beneficios-a-salud-bucal-de-bebes-experta-de-la-uaslp","status":"publish","type":"post","link":"https:\/\/wp.uaslp.mx\/noticias\/uaslp\/consumo-de-leche-materna-garantiza-beneficios-a-salud-bucal-de-bebes-experta-de-la-uaslp\/","title":{"rendered":"Consumo de leche materna garantiza beneficios a salud bucal de beb\u00e9s: experta de la UASLP\u00a0\u00a0\u00a0"},"content":{"rendered":"\n<p>Debido a que la leche materna est\u00e1 formada por agua, carbohidratos, grasas y prote\u00ednas, hay una idea err\u00f3nea entre la poblaci\u00f3n de que \u00e9sta puede producir caries dental en los menores, y ese es uno de los mitos que debe ser erradicado, resalt\u00f3 la doctora Ver\u00f3nica Campos Ibarra, docente de la <a href=\"https:\/\/www.estomatologia.uaslp.mx\/#gsc.tab=0\">Facultad de Estomatolog\u00eda de la Universidad Aut\u00f3noma de San Luis Potos\u00ed<\/a> (UASLP).\u00a0<\/p>\n\n\n\n<p>En el marco de la Semana Mundial de la Lactancia Materna que impulsa la Organizaci\u00f3n Mundial de la Salud (OMS) y que en este 2024 se desarrollar\u00e1 del 01 al 07 de agosto, se reconoce que \u00e9sta es una de las mejores formas de garantizar la salud y la supervivencia de un beb\u00e9.&nbsp;&nbsp;<\/p>\n\n\n\n<p>Adem\u00e1s, Campos Ibarra explic\u00f3 que se han hecho estudios por parte de investigadores de la UASLP, quienes han descubierto que la leche materna contiene c\u00e9lulas madre y elementos protectores que evita que a los beb\u00e9s les d\u00e9 caries.&nbsp;<\/p>\n\n\n\n<p>La especialista indic\u00f3 que, si se da en el pecho de la madre, el consumo de la leche ayuda a estimular el desarrollo esqueletal y muscular del infante. Ya que permite el crecimiento y fortalecimiento de la mand\u00edbula, debido a la acci\u00f3n de succi\u00f3n de la leche, que le permite al beb\u00e9, cerrar su boca y respirar por la nariz.&nbsp;&nbsp;<\/p>\n\n\n\n<p>Agreg\u00f3 que en esa etapa de vida ocurre un desarrollo facial importante en el beb\u00e9, pues el aire que entra por sus fosas nasales le permite inhalar fuerte, ya que es en ese periodo cuando se genera el espacio en los dientes de la boca una vez que erupcionan.&nbsp;<\/p>\n\n\n\n<p>Dijo que cuando las madres no pueden directamente alimentar a sus hijos, hay dispositivos que ayudan a los beb\u00e9s, para que sustituyan la funci\u00f3n de succi\u00f3n cuando consumen la leche en biber\u00f3n. Apunt\u00f3 que por ello muchas marcas de biberones y mamilas, han desarrollado diversos materiales para propiciar la succi\u00f3n y la respiraci\u00f3n que les permite a los infantes no perder en su desarrollo.&nbsp;<\/p>\n\n\n\n<p>Campos Ibarra asegur\u00f3 que actualmente m\u00e9dicos pediatras y dentistas recomiendan para los beb\u00e9s, seis meses de lactancia exclusiva, sin la ingesta de ning\u00fan otro alimento. As\u00ed como mantener una higiene diaria de la boca, limpiando con mucho cuidado las enc\u00edas con una gasa colocada en el dedo de la mam\u00e1 y mojada con agua purificada. Deber\u00e1 procurarse que, al menos una vez por d\u00eda, se brinde un masaje al beb\u00e9 y se limpie el interior de la boca para que se remueva la placa dentobacteriana y se acostumbre al h\u00e1bito de la limpieza bucal.&nbsp;<\/p>\n\n\n\n<p>La docente universitaria manifest\u00f3 que como los beb\u00e9s no duermen con la mama en la boca, no tienen el riesgo de que les produzca alg\u00fan da\u00f1o a sus enc\u00edas o dientes; pues generalmente las mujeres alimentan al infante y posteriormente lo separan de su pecho.&nbsp;&nbsp;<\/p>\n\n\n\n<p>Finalmente recomend\u00f3 a las madres que, si alimentan al beb\u00e9 con biber\u00f3n, no lo dejen en la boca del ni\u00f1o durante toda la noche. Esa pr\u00e1ctica s\u00ed puede provocar da\u00f1o a las enc\u00edas o en su caso a los dientes del menor, sobre todo cuando se da con f\u00f3rmula l\u00e1ctea debido a los carbohidratos que contiene.\u00a0<\/p>\n\n\n\n<p>Visita la pagina oficial de facebook:<a href=\"https:\/\/www.facebook.com\/estomaoficial\">https:\/\/www.facebook.com\/estomaoficial<\/a><\/p>\n\n\n\n<p class=\"has-text-align-right\"><em>Guadalupe Guevara<\/em><\/p>\n","protected":false},"excerpt":{"rendered":"<p>Debido a que la leche materna est\u00e1 formada por agua, carbohidratos, grasas y prote\u00ednas, hay&#8230;<\/p>\n","protected":false},"author":12,"featured_media":15470,"comment_status":"closed","ping_status":"closed","sticky":false,"template":"","format":"standard","meta":{"pgc_sgb_lightbox_settings":"","footnotes":""},"categories":[782],"tags":[2054,312,2037,2053,2039],"class_list":["post-15462","post","type-post","status-publish","format-standard","has-post-thumbnail","hentry","category-uaslp","tag-celulasmadre","tag-facultad-de-estomatologia","tag-lechematerna","tag-mitosdelalactancia","tag-semanamundialdelalactancia"],"featured_image_urls":{"full":["https:\/\/wp.uaslp.mx\/noticias\/wp-content\/uploads\/sites\/5\/2024\/07\/Dra-VERONICA-CAMPOS-UASL4712-2.jpg",1140,712,false],"thumbnail":["https:\/\/wp.uaslp.mx\/noticias\/wp-content\/uploads\/sites\/5\/2024\/07\/Dra-VERONICA-CAMPOS-UASL4712-2-150x150.jpg",150,150,true],"medium":["https:\/\/wp.uaslp.mx\/noticias\/wp-content\/uploads\/sites\/5\/2024\/07\/Dra-VERONICA-CAMPOS-UASL4712-2-1024x640.jpg",1024,640,true],"medium_large":["https:\/\/wp.uaslp.mx\/noticias\/wp-content\/uploads\/sites\/5\/2024\/07\/Dra-VERONICA-CAMPOS-UASL4712-2-768x480.jpg",640,400,true],"large":["https:\/\/wp.uaslp.mx\/noticias\/wp-content\/uploads\/sites\/5\/2024\/07\/Dra-VERONICA-CAMPOS-UASL4712-2.jpg",1140,712,false],"1536x1536":["https:\/\/wp.uaslp.mx\/noticias\/wp-content\/uploads\/sites\/5\/2024\/07\/Dra-VERONICA-CAMPOS-UASL4712-2.jpg",1140,712,false],"2048x2048":["https:\/\/wp.uaslp.mx\/noticias\/wp-content\/uploads\/sites\/5\/2024\/07\/Dra-VERONICA-CAMPOS-UASL4712-2.jpg",1140,712,false],"newsever-slider-full":["https:\/\/wp.uaslp.mx\/noticias\/wp-content\/uploads\/sites\/5\/2024\/07\/Dra-VERONICA-CAMPOS-UASL4712-2.jpg",1140,712,false],"newsever-featured":["https:\/\/wp.uaslp.mx\/noticias\/wp-content\/uploads\/sites\/5\/2024\/07\/Dra-VERONICA-CAMPOS-UASL4712-2-1024x640.jpg",1024,640,true],"newsever-medium":["https:\/\/wp.uaslp.mx\/noticias\/wp-content\/uploads\/sites\/5\/2024\/07\/Dra-VERONICA-CAMPOS-UASL4712-2-720x475.jpg",720,475,true],"mailpoet_newsletter_max":["https:\/\/wp.uaslp.mx\/noticias\/wp-content\/uploads\/sites\/5\/2024\/07\/Dra-VERONICA-CAMPOS-UASL4712-2.jpg",1140,712,false]},"author_info":{"display_name":"Prensa y difusi\u00f3n","author_link":"https:\/\/wp.uaslp.mx\/noticias\/author\/giovannamorales\/"},"category_info":"<a href=\"https:\/\/wp.uaslp.mx\/noticias\/category\/uaslp\/\" rel=\"category tag\">UASLP<\/a>","tag_info":"UASLP","comment_count":"0","_links":{"self":[{"href":"https:\/\/wp.uaslp.mx\/noticias\/wp-json\/wp\/v2\/posts\/15462","targetHints":{"allow":["GET"]}}],"collection":[{"href":"https:\/\/wp.uaslp.mx\/noticias\/wp-json\/wp\/v2\/posts"}],"about":[{"href":"https:\/\/wp.uaslp.mx\/noticias\/wp-json\/wp\/v2\/types\/post"}],"author":[{"embeddable":true,"href":"https:\/\/wp.uaslp.mx\/noticias\/wp-json\/wp\/v2\/users\/12"}],"replies":[{"embeddable":true,"href":"https:\/\/wp.uaslp.mx\/noticias\/wp-json\/wp\/v2\/comments?post=15462"}],"version-history":[{"count":1,"href":"https:\/\/wp.uaslp.mx\/noticias\/wp-json\/wp\/v2\/posts\/15462\/revisions"}],"predecessor-version":[{"id":15490,"href":"https:\/\/wp.uaslp.mx\/noticias\/wp-json\/wp\/v2\/posts\/15462\/revisions\/15490"}],"wp:featuredmedia":[{"embeddable":true,"href":"https:\/\/wp.uaslp.mx\/noticias\/wp-json\/wp\/v2\/media\/15470"}],"wp:attachment":[{"href":"https:\/\/wp.uaslp.mx\/noticias\/wp-json\/wp\/v2\/media?parent=15462"}],"wp:term":[{"taxonomy":"category","embeddable":true,"href":"https:\/\/wp.uaslp.mx\/noticias\/wp-json\/wp\/v2\/categories?post=15462"},{"taxonomy":"post_tag","embeddable":true,"href":"https:\/\/wp.uaslp.mx\/noticias\/wp-json\/wp\/v2\/tags?post=15462"}],"curies":[{"name":"wp","href":"https:\/\/api.w.org\/{rel}","templated":true}]}}