{"id":15402,"date":"2024-07-16T15:51:28","date_gmt":"2024-07-16T20:51:28","guid":{"rendered":"https:\/\/wp.uaslp.mx\/noticias\/?p=15402"},"modified":"2024-07-16T15:54:34","modified_gmt":"2024-07-16T20:54:34","slug":"nuevo-gobierno-abre-esperanza-de-lograr-una-posicion-proactiva-respecto-a-la-educacion-superior-dr-francisco-marmolejo-cervantes","status":"publish","type":"post","link":"https:\/\/wp.uaslp.mx\/noticias\/orgullouaslp\/nuevo-gobierno-abre-esperanza-de-lograr-una-posicion-proactiva-respecto-a-la-educacion-superior-dr-francisco-marmolejo-cervantes\/","title":{"rendered":"Nuevo gobierno abre esperanza de lograr una posici\u00f3n proactiva respecto a la educaci\u00f3n superior: Dr. Francisco Marmolejo Cervantes"},"content":{"rendered":"\n<p class=\"wp-block-paragraph\">En su visita a la Universidad Aut\u00f3noma de San Luis Potos\u00ed (UASLP), invitado por la <a href=\"https:\/\/cienciasquimicas.uaslp.mx\/#gsc.tab=0\">Facultad de Ciencias Qu\u00edmicas <\/a>(FCQ), el presidente de la Divisi\u00f3n de Educaci\u00f3n Superior de la Fundaci\u00f3n Qatar para la Educaci\u00f3n, la Ciencia y el Desarrollo de la Comunidad, <a href=\"https:\/\/www.facebook.com\/fjmarmolejo\">doctor Francisco Marmolejo Cervantes<\/a>, asegur\u00f3 que no es la universidad la que debe dar el prestigio, sino que, como egresados, dar renombre a la instituci\u00f3n.<\/p>\n\n\n\n<p class=\"wp-block-paragraph\">El Doctor Honoris Causa por la UASLP y orgulloso egresado de la misma instituci\u00f3n, dict\u00f3 la conferencia magistral \u201cCrisis en la educaci\u00f3n superior: perspectivas globales, reflexiones locales\u201d, en el Auditorio Q.I. Rogelio Jim\u00e9nez Jim\u00e9nez del plantel anfitri\u00f3n. Previo a la charla, Marmolejo Cervantes manifest\u00f3 el benepl\u00e1cito de regresar a su alma mater, a la UASLP, a la que lleva presente donde quiera que se encuentre.<\/p>\n\n\n\n<p class=\"wp-block-paragraph\">\u201cDefinitivamente, regresar a la universidad, conocer de las novedades en los desarrollos acad\u00e9micos y los desaf\u00edos, es un gran privilegio\u201d, coment\u00f3 en el marco del evento, en el que se dieron cita catedr\u00e1ticos, investigadores, funcionarios y estudiantes. Ah\u00ed comparti\u00f3 algunas de sus perspectivas respecto a lo que sucede a nivel global en temas de educaci\u00f3n superior.<\/p>\n\n\n\n<p class=\"wp-block-paragraph\">Subray\u00f3 que, en M\u00e9xico, la llegada de un nuevo gobierno abre esperanza de lograr una posici\u00f3n proactiva con respecto a la educaci\u00f3n, espec\u00edficamente la superior. Enfatiz\u00f3 que en el pa\u00eds hay mucho por hacer, si se compara con lo que pasa en el contexto internacional. Consider\u00f3 que se deben hacer cambios r\u00e1pidos y radicales en t\u00e9rminos de la educaci\u00f3n superior, no en cuanto a mayor y mejor acceso, sino respecto a la pertinencia de las ofertas acad\u00e9micas de las instituciones educativas.<\/p>\n\n\n\n<p class=\"wp-block-paragraph\">\u201cTengo la esperanza, como mexicano y como egresado de esta universidad, que en el contexto nacional se habr\u00e1n de tomar las medidas adecuadas para que las instituciones puedan responder a estos desaf\u00edos\u201d, expres\u00f3 el doctor Francisco Marmolejo, quien entre otros cargos fungi\u00f3 como coordinador de Educaci\u00f3n Superior del Banco Mundial.<\/p>\n\n\n\n<p class=\"wp-block-paragraph\">El experto asegur\u00f3 que no solo es la parte negativa, tambi\u00e9n se destacan las oportunidades que esta abre. A nivel global, por una serie de circunstancias del contexto geopol\u00edtico, la aceleraci\u00f3n tecnol\u00f3gica, la transici\u00f3n demogr\u00e1fica que est\u00e1 sufriendo el mundo hace cuestionar qu\u00e9 se debe hacer en la educaci\u00f3n superior.<\/p>\n\n\n\n<p class=\"wp-block-paragraph\">De igual manera, c\u00f3mo adaptarse a estas nuevas realidades y que tan r\u00e1pido se hace.\u201cLa crisis est\u00e1, porque hay problemas, pero tambi\u00e9n los desaf\u00edos pueden ser convertidos en oportunidades. Ciertamente, el contexto mexicano es \u00fanico, particular y habr\u00e1 que ver cu\u00e1les de estas tendencias globales tienen pertinencia\u201d, concluy\u00f3.<\/p>\n\n\n\n<p class=\"has-text-align-right wp-block-paragraph\"><em>Noelia Mart\u00ednez<\/em><\/p>\n\n\n\n<figure class=\"wp-block-gallery has-nested-images columns-default is-cropped wp-block-gallery-1 is-layout-flex wp-block-gallery-is-layout-flex\">\n<figure class=\"wp-block-image size-full\"><a href=\"https:\/\/wp.uaslp.mx\/noticias\/wp-content\/uploads\/sites\/5\/2024\/07\/WhatsApp-Image-2024-07-16-at-3.38.20-PM.jpeg\"><img loading=\"lazy\" decoding=\"async\" width=\"1600\" height=\"960\" data-id=\"15404\" src=\"https:\/\/wp.uaslp.mx\/noticias\/wp-content\/uploads\/sites\/5\/2024\/07\/WhatsApp-Image-2024-07-16-at-3.38.20-PM.jpeg\" alt=\"\" class=\"wp-image-15404\" srcset=\"https:\/\/wp.uaslp.mx\/noticias\/wp-content\/uploads\/sites\/5\/2024\/07\/WhatsApp-Image-2024-07-16-at-3.38.20-PM.jpeg 1600w, https:\/\/wp.uaslp.mx\/noticias\/wp-content\/uploads\/sites\/5\/2024\/07\/WhatsApp-Image-2024-07-16-at-3.38.20-PM-1024x614.jpeg 1024w, https:\/\/wp.uaslp.mx\/noticias\/wp-content\/uploads\/sites\/5\/2024\/07\/WhatsApp-Image-2024-07-16-at-3.38.20-PM-768x461.jpeg 768w, https:\/\/wp.uaslp.mx\/noticias\/wp-content\/uploads\/sites\/5\/2024\/07\/WhatsApp-Image-2024-07-16-at-3.38.20-PM-1536x922.jpeg 1536w, https:\/\/wp.uaslp.mx\/noticias\/wp-content\/uploads\/sites\/5\/2024\/07\/WhatsApp-Image-2024-07-16-at-3.38.20-PM-1320x792.jpeg 1320w\" sizes=\"auto, (max-width: 1600px) 100vw, 1600px\" \/><\/a><\/figure>\n<\/figure>\n","protected":false},"excerpt":{"rendered":"<p>En su visita a la Universidad Aut\u00f3noma de San Luis Potos\u00ed (UASLP), invitado por la&#8230;<\/p>\n","protected":false},"author":12,"featured_media":15403,"comment_status":"closed","ping_status":"closed","sticky":false,"template":"","format":"standard","meta":{"pgc_sgb_lightbox_settings":"","footnotes":"","_members_access_role":[],"_members_access_error":""},"categories":[11],"tags":[2008,2010,308,2009],"class_list":["post-15402","post","type-post","status-publish","format-standard","has-post-thumbnail","hentry","category-orgullouaslp","tag-conferencia-magistral","tag-desafiosacademico","tag-facultad-de-ciencias-quimicas","tag-orgulloegresado"],"featured_image_urls":{"full":["https:\/\/wp.uaslp.mx\/noticias\/wp-content\/uploads\/sites\/5\/2024\/07\/WhatsApp-Image-2024-07-16-at-3.38.20-PM-1.jpeg",1600,1066,false],"thumbnail":["https:\/\/wp.uaslp.mx\/noticias\/wp-content\/uploads\/sites\/5\/2024\/07\/WhatsApp-Image-2024-07-16-at-3.38.20-PM-1-150x150.jpeg",150,150,true],"medium":["https:\/\/wp.uaslp.mx\/noticias\/wp-content\/uploads\/sites\/5\/2024\/07\/WhatsApp-Image-2024-07-16-at-3.38.20-PM-1-1024x682.jpeg",1024,682,true],"medium_large":["https:\/\/wp.uaslp.mx\/noticias\/wp-content\/uploads\/sites\/5\/2024\/07\/WhatsApp-Image-2024-07-16-at-3.38.20-PM-1-768x512.jpeg",640,427,true],"large":["https:\/\/wp.uaslp.mx\/noticias\/wp-content\/uploads\/sites\/5\/2024\/07\/WhatsApp-Image-2024-07-16-at-3.38.20-PM-1.jpeg",1600,1066,false],"1536x1536":["https:\/\/wp.uaslp.mx\/noticias\/wp-content\/uploads\/sites\/5\/2024\/07\/WhatsApp-Image-2024-07-16-at-3.38.20-PM-1-1536x1023.jpeg",1536,1023,true],"2048x2048":["https:\/\/wp.uaslp.mx\/noticias\/wp-content\/uploads\/sites\/5\/2024\/07\/WhatsApp-Image-2024-07-16-at-3.38.20-PM-1.jpeg",1600,1066,false],"newsever-slider-full":["https:\/\/wp.uaslp.mx\/noticias\/wp-content\/uploads\/sites\/5\/2024\/07\/WhatsApp-Image-2024-07-16-at-3.38.20-PM-1-1280x845.jpeg",1280,845,true],"newsever-featured":["https:\/\/wp.uaslp.mx\/noticias\/wp-content\/uploads\/sites\/5\/2024\/07\/WhatsApp-Image-2024-07-16-at-3.38.20-PM-1-1024x682.jpeg",1024,682,true],"newsever-medium":["https:\/\/wp.uaslp.mx\/noticias\/wp-content\/uploads\/sites\/5\/2024\/07\/WhatsApp-Image-2024-07-16-at-3.38.20-PM-1-720x475.jpeg",720,475,true],"mailpoet_newsletter_max":["https:\/\/wp.uaslp.mx\/noticias\/wp-content\/uploads\/sites\/5\/2024\/07\/WhatsApp-Image-2024-07-16-at-3.38.20-PM-1-1320x879.jpeg",1320,879,true]},"author_info":{"display_name":"Prensa y difusi\u00f3n","author_link":"https:\/\/wp.uaslp.mx\/noticias\/author\/giovannamorales\/"},"category_info":"<a href=\"https:\/\/wp.uaslp.mx\/noticias\/category\/orgullouaslp\/\" rel=\"category tag\">Orgullo UASLP<\/a>","tag_info":"Orgullo UASLP","comment_count":"0","_links":{"self":[{"href":"https:\/\/wp.uaslp.mx\/noticias\/wp-json\/wp\/v2\/posts\/15402","targetHints":{"allow":["GET"]}}],"collection":[{"href":"https:\/\/wp.uaslp.mx\/noticias\/wp-json\/wp\/v2\/posts"}],"about":[{"href":"https:\/\/wp.uaslp.mx\/noticias\/wp-json\/wp\/v2\/types\/post"}],"author":[{"embeddable":true,"href":"https:\/\/wp.uaslp.mx\/noticias\/wp-json\/wp\/v2\/users\/12"}],"replies":[{"embeddable":true,"href":"https:\/\/wp.uaslp.mx\/noticias\/wp-json\/wp\/v2\/comments?post=15402"}],"version-history":[{"count":1,"href":"https:\/\/wp.uaslp.mx\/noticias\/wp-json\/wp\/v2\/posts\/15402\/revisions"}],"predecessor-version":[{"id":15405,"href":"https:\/\/wp.uaslp.mx\/noticias\/wp-json\/wp\/v2\/posts\/15402\/revisions\/15405"}],"wp:featuredmedia":[{"embeddable":true,"href":"https:\/\/wp.uaslp.mx\/noticias\/wp-json\/wp\/v2\/media\/15403"}],"wp:attachment":[{"href":"https:\/\/wp.uaslp.mx\/noticias\/wp-json\/wp\/v2\/media?parent=15402"}],"wp:term":[{"taxonomy":"category","embeddable":true,"href":"https:\/\/wp.uaslp.mx\/noticias\/wp-json\/wp\/v2\/categories?post=15402"},{"taxonomy":"post_tag","embeddable":true,"href":"https:\/\/wp.uaslp.mx\/noticias\/wp-json\/wp\/v2\/tags?post=15402"}],"curies":[{"name":"wp","href":"https:\/\/api.w.org\/{rel}","templated":true}]}}