{"id":15260,"date":"2024-07-09T15:33:26","date_gmt":"2024-07-09T20:33:26","guid":{"rendered":"https:\/\/wp.uaslp.mx\/noticias\/?p=15260"},"modified":"2024-07-09T15:34:33","modified_gmt":"2024-07-09T20:34:33","slug":"esta-en-marcha-el-curso-los-libros-como-objeto-artistico-en-el-centro-de-documentacion-historica-rafael-montejano-y-aguinaga-de-la-uaslp","status":"publish","type":"post","link":"https:\/\/wp.uaslp.mx\/noticias\/arteycultura\/esta-en-marcha-el-curso-los-libros-como-objeto-artistico-en-el-centro-de-documentacion-historica-rafael-montejano-y-aguinaga-de-la-uaslp\/","title":{"rendered":"Est\u00e1 en marcha el curso \u201cLos libros como objeto art\u00edstico\u201d, en el Centro de Documentaci\u00f3n Hist\u00f3rica Rafael Montejano y Agui\u00f1aga de la UASLP"},"content":{"rendered":"\n<p>El <a href=\"https:\/\/www.uaslp.mx\/Centro-de-Documentacion-Historica#gsc.tab=0\">Centro de Documentaci\u00f3n Hist\u00f3rica Rafael Montejano y Agui\u00f1aga<\/a> de la Universidad Aut\u00f3noma de San Luis Potos\u00ed (UASLP), imparte en sus instalaciones el curso gratuito \u201cLos libros como objeto art\u00edstico\u201d, que en su primera etapa se extender\u00e1 hasta el viernes 12 de julio. La siguiente parte se desarrollar\u00e1 del 5 al 9 de agosto, 9:00 a 11:00 horas.<\/p>\n\n\n\n<p>\u00c9ste corre a cargo de la maestra Norma Guadalupe V\u00e1zquez Duarte y va dirigido al p\u00fablico en general, as\u00ed como a trabajadores del propio Centro de Documentaci\u00f3n, que est\u00e1n interesados en aprender c\u00f3mo fue evolucionando el libro a trav\u00e9s de la historia. La finalidad es que los participantes desarrollen habilidades para detectar ciertas formas y estructuras de los libros.<\/p>\n\n\n\n<p>La ponente, quien es docente en la <a href=\"https:\/\/sociales.uaslp.mx\/#gsc.tab=0\">Facultad de Ciencias de la Informaci\u00f3n y en Ciencias Sociales y Humanidades de la UASLP<\/a>, detall\u00f3 que durante la primera semana del 8 al 12 de julio, se har\u00e1 un breve recorrido hist\u00f3rico sobre c\u00f3mo naci\u00f3 el libro, su estructura, y c\u00f3mo fue cambiando desde la Edad Media.<\/p>\n\n\n\n<p>\u201cAnalizaremos estos elementos iconogr\u00e1ficos, est\u00e9ticos, ornamentales que se tienen dentro de los libros, y m\u00e1s all\u00e1 de revisarlo como un medio de informaci\u00f3n, tambi\u00e9n se busca observar y analizar como tiene elementos iconogr\u00e1ficos dentro de la estructura extr\u00ednseca e intr\u00ednseca\u201d, explic\u00f3. Los participantes tendr\u00e1n la oportunidad de conocer el acervo del Centro de Documentaci\u00f3n Hist\u00f3rica y trabajar\u00e1n con algunas de las obras que ah\u00ed se resguardan.<\/p>\n\n\n\n<p>Para la semana del 5 al 9 agosto, la din\u00e1mica se enfocar\u00e1 en la estructura te\u00f3rica de los libros desde una perspectiva profunda, analizando materiales, tipos de impresiones, tintas, elementos art\u00edsticos como ilustraciones que, en su mayor\u00eda, son litograf\u00edas (marcas de fuego, ex libris). \u201cEstudiaremos el libro como un objeto que a trav\u00e9s del tiempo se ha vuelto una reliquia. Cada uno de los integrantes tomar\u00e1 un libro para realizar ese an\u00e1lisis y hacer un recorrido hist\u00f3rico general\u201d, abund\u00f3.<\/p>\n\n\n\n<p>La maestra Norma V\u00e1zquez Duarte mencion\u00f3 que la motivaci\u00f3n de acercarse a los libros comienza desde edades tempranas, y en el bachillerato se tiene un bagaje sustancial para depositar esas curiosidades en un \u00e1mbito profesional. Por otra parte, recomend\u00f3 cuidar los libros de la humedad, polilla y cuando sean consultados en cualquier espacio, utilizar guantes y una goma para el paso de la hoja. En casa tenerlos a temperatura ambiente, alejados de la luz del sol.<\/p>\n\n\n\n<p>Visita la pagina oficial en facebook: <a href=\"https:\/\/www.facebook.com\/historica.uaslp\">https:\/\/www.facebook.com\/historica.uaslp<\/a>  <a href=\"https:\/\/www.facebook.com\/csyhUASLP\">https:\/\/www.facebook.com\/csyhUASLP<\/a><\/p>\n\n\n\n<p class=\"has-text-align-right\"><em>Noelia Mart\u00ednez<\/em><\/p>\n","protected":false},"excerpt":{"rendered":"<p>El Centro de Documentaci\u00f3n Hist\u00f3rica Rafael Montejano y Agui\u00f1aga de la Universidad Aut\u00f3noma de San&#8230;<\/p>\n","protected":false},"author":12,"featured_media":15261,"comment_status":"closed","ping_status":"closed","sticky":false,"template":"","format":"standard","meta":{"pgc_sgb_lightbox_settings":"","footnotes":""},"categories":[3],"tags":[1541,216,1964,325,1963],"class_list":["post-15260","post","type-post","status-publish","format-standard","has-post-thumbnail","hentry","category-arteycultura","tag-centro-de-documentacion-historica","tag-culturauaslp","tag-cursogratuitouaslp","tag-fcsyh","tag-libroscomoarte"],"featured_image_urls":{"full":["https:\/\/wp.uaslp.mx\/noticias\/wp-content\/uploads\/sites\/5\/2024\/07\/WhatsApp-Image-2024-07-09-at-3.04.00-PM.jpeg",1600,1200,false],"thumbnail":["https:\/\/wp.uaslp.mx\/noticias\/wp-content\/uploads\/sites\/5\/2024\/07\/WhatsApp-Image-2024-07-09-at-3.04.00-PM-150x150.jpeg",150,150,true],"medium":["https:\/\/wp.uaslp.mx\/noticias\/wp-content\/uploads\/sites\/5\/2024\/07\/WhatsApp-Image-2024-07-09-at-3.04.00-PM-1024x768.jpeg",1024,768,true],"medium_large":["https:\/\/wp.uaslp.mx\/noticias\/wp-content\/uploads\/sites\/5\/2024\/07\/WhatsApp-Image-2024-07-09-at-3.04.00-PM-768x576.jpeg",640,480,true],"large":["https:\/\/wp.uaslp.mx\/noticias\/wp-content\/uploads\/sites\/5\/2024\/07\/WhatsApp-Image-2024-07-09-at-3.04.00-PM.jpeg",1600,1200,false],"1536x1536":["https:\/\/wp.uaslp.mx\/noticias\/wp-content\/uploads\/sites\/5\/2024\/07\/WhatsApp-Image-2024-07-09-at-3.04.00-PM-1536x1152.jpeg",1536,1152,true],"2048x2048":["https:\/\/wp.uaslp.mx\/noticias\/wp-content\/uploads\/sites\/5\/2024\/07\/WhatsApp-Image-2024-07-09-at-3.04.00-PM.jpeg",1600,1200,false],"newsever-slider-full":["https:\/\/wp.uaslp.mx\/noticias\/wp-content\/uploads\/sites\/5\/2024\/07\/WhatsApp-Image-2024-07-09-at-3.04.00-PM-1280x845.jpeg",1280,845,true],"newsever-featured":["https:\/\/wp.uaslp.mx\/noticias\/wp-content\/uploads\/sites\/5\/2024\/07\/WhatsApp-Image-2024-07-09-at-3.04.00-PM-1024x768.jpeg",1024,768,true],"newsever-medium":["https:\/\/wp.uaslp.mx\/noticias\/wp-content\/uploads\/sites\/5\/2024\/07\/WhatsApp-Image-2024-07-09-at-3.04.00-PM-720x475.jpeg",720,475,true],"mailpoet_newsletter_max":["https:\/\/wp.uaslp.mx\/noticias\/wp-content\/uploads\/sites\/5\/2024\/07\/WhatsApp-Image-2024-07-09-at-3.04.00-PM-1320x990.jpeg",1320,990,true]},"author_info":{"display_name":"Prensa y difusi\u00f3n","author_link":"https:\/\/wp.uaslp.mx\/noticias\/author\/giovannamorales\/"},"category_info":"<a href=\"https:\/\/wp.uaslp.mx\/noticias\/category\/arteycultura\/\" rel=\"category tag\">Arte y cultura<\/a>","tag_info":"Arte y cultura","comment_count":"0","_links":{"self":[{"href":"https:\/\/wp.uaslp.mx\/noticias\/wp-json\/wp\/v2\/posts\/15260","targetHints":{"allow":["GET"]}}],"collection":[{"href":"https:\/\/wp.uaslp.mx\/noticias\/wp-json\/wp\/v2\/posts"}],"about":[{"href":"https:\/\/wp.uaslp.mx\/noticias\/wp-json\/wp\/v2\/types\/post"}],"author":[{"embeddable":true,"href":"https:\/\/wp.uaslp.mx\/noticias\/wp-json\/wp\/v2\/users\/12"}],"replies":[{"embeddable":true,"href":"https:\/\/wp.uaslp.mx\/noticias\/wp-json\/wp\/v2\/comments?post=15260"}],"version-history":[{"count":2,"href":"https:\/\/wp.uaslp.mx\/noticias\/wp-json\/wp\/v2\/posts\/15260\/revisions"}],"predecessor-version":[{"id":15263,"href":"https:\/\/wp.uaslp.mx\/noticias\/wp-json\/wp\/v2\/posts\/15260\/revisions\/15263"}],"wp:featuredmedia":[{"embeddable":true,"href":"https:\/\/wp.uaslp.mx\/noticias\/wp-json\/wp\/v2\/media\/15261"}],"wp:attachment":[{"href":"https:\/\/wp.uaslp.mx\/noticias\/wp-json\/wp\/v2\/media?parent=15260"}],"wp:term":[{"taxonomy":"category","embeddable":true,"href":"https:\/\/wp.uaslp.mx\/noticias\/wp-json\/wp\/v2\/categories?post=15260"},{"taxonomy":"post_tag","embeddable":true,"href":"https:\/\/wp.uaslp.mx\/noticias\/wp-json\/wp\/v2\/tags?post=15260"}],"curies":[{"name":"wp","href":"https:\/\/api.w.org\/{rel}","templated":true}]}}