{"id":15256,"date":"2024-07-09T16:04:06","date_gmt":"2024-07-09T21:04:06","guid":{"rendered":"https:\/\/wp.uaslp.mx\/noticias\/?p=15256"},"modified":"2024-07-10T14:57:47","modified_gmt":"2024-07-10T19:57:47","slug":"egresados-de-licenciatura-y-posgrado-de-la-facultad-de-psicologia-reciben-cartas-de-pasantes","status":"publish","type":"post","link":"https:\/\/wp.uaslp.mx\/noticias\/academica\/egresados-de-licenciatura-y-posgrado-de-la-facultad-de-psicologia-reciben-cartas-de-pasantes\/","title":{"rendered":"Egresados de licenciatura y posgrado de la Facultad de Psicolog\u00eda reciben cartas de pasantes"},"content":{"rendered":"\n<p>La<a href=\"https:\/\/www.psicologia.uaslp.mx\/#gsc.tab=0\"> Facultad de Psicolog\u00eda de la Universidad Aut\u00f3noma de San Luis Potos\u00ed <\/a>(UASLP) realiz\u00f3 la entrega de <a href=\"https:\/\/www.facebook.com\/media\/set\/?vanity=LaUASLP&amp;set=a.893474296155269\">cartas de pasantes<\/a> en el Centro Cultural Universitario Bicentenario. En la ceremonia, se reconoci\u00f3 el esfuerzo y la dedicaci\u00f3n de las y los estudiantes que culminaron su formaci\u00f3n en diferentes programas acad\u00e9micos.<\/p>\n\n\n\n<p>Ah\u00ed se cont\u00f3 con la presencia de autoridades universitarias, quienes destacaron la importancia de este logro acad\u00e9mico y la preparaci\u00f3n que han recibido los egresados para enfrentar los desaf\u00edos del mundo profesional. En total, se entregaron reconocimientos a 4 graduados del Doctorado en Psicolog\u00eda, 11 de la Maestr\u00eda en Educaci\u00f3n, 31 de la Licenciatura en Psicopedagog\u00eda, 165 de la Licenciatura en Psicolog\u00eda, as\u00ed como a 19 de titulaci\u00f3n por promedio.<\/p>\n\n\n\n<p>La ceremonia fue encabezada por el doctor Alejandro Javier Zerme\u00f1o Guerra, rector de la Universidad Aut\u00f3noma de San Luis Potos\u00ed; quien estuvo acompa\u00f1ado por el director de la Facultad de Psicolog\u00eda, doctor Jaime Sebasti\u00e1n F. Gal\u00e1n Jim\u00e9nez, la secretaria general doctora Carolina Olvera Castillo, el secretario acad\u00e9mico doctor Oscar Alejandro Palacios Rodr\u00edguez y Karla Itzel Luna Rivera, consejera alumna.<\/p>\n\n\n\n<p>En su mensaje, Gal\u00e1n Jim\u00e9nez expres\u00f3 la importancia de seguir aprendiendo y avanzar paso a paso hacia nuevas metas. \u201cSi creen que no hay m\u00e1s que aprender, a\u00fan hay mucho por descubrir. No dejen de mirar la meta de obtener el grado. A donde quiera que vayan, deben dejar mejor que cuando llegaron, ya sea en la sociedad, las aulas, consultorios, cl\u00ednicas o en su propia vida. Agradezco a nombre de la comunidad de la facultad por dejarnos acompa\u00f1arles, conocerles y aprender de ustedes\u201d, se\u00f1al\u00f3.<\/p>\n\n\n\n<p>Por su parte, el rector Zerme\u00f1o Guerra se\u00f1al\u00f3 la preparaci\u00f3n de los egresados para enfrentar la vida profesional. \u201cEs importante para la UASLP que ustedes egresen de programas acad\u00e9micos de gran prestigio, preparados para enfrentar la vida diaria. La \u00e9poca universitaria crea una gran hermandad. Dentro de 10 o 15 a\u00f1os, cuando se encuentren en un congreso, restaurante o vacaciones, se dar\u00e1n cuenta de la fraternidad que se forma en las universidades. Este grupo de egresadas y egresados debe mostrar una gran solidez ante la sociedad, demostrando que est\u00e1n capacitados para ayudar y mejorar nuestra sociedad\u201d, les indic\u00f3.<\/p>\n\n\n\n<p>La ceremonia fue un emotivo reconocimiento al esfuerzo de las y los estudiantes y un recordatorio del compromiso que tienen como profesionales de contribuir positivamente a la sociedad.<\/p>\n\n\n\n<p>Visita la pagina oficial en facebook: <a href=\"https:\/\/www.facebook.com\/UASLPpsicologia\">https:\/\/www.facebook.com\/UASLPpsicologia<\/a><\/p>\n\n\n\n<p class=\"has-text-align-right\"><em>Hugo Laussin<\/em><br><br><\/p>\n\n\n\n<figure class=\"wp-block-gallery has-nested-images columns-default is-cropped wp-block-gallery-1 is-layout-flex wp-block-gallery-is-layout-flex\">\n<figure class=\"wp-block-image size-full\"><a href=\"https:\/\/wp.uaslp.mx\/noticias\/wp-content\/uploads\/sites\/5\/2024\/07\/07-09-2023-ENTREGA-DE-CARTAS-FACULTAD-DE-PSICOLOGIA-DSC_6799.jpg\"><img loading=\"lazy\" decoding=\"async\" width=\"1800\" height=\"1200\" data-id=\"15265\" src=\"https:\/\/wp.uaslp.mx\/noticias\/wp-content\/uploads\/sites\/5\/2024\/07\/07-09-2023-ENTREGA-DE-CARTAS-FACULTAD-DE-PSICOLOGIA-DSC_6799.jpg\" alt=\"\" class=\"wp-image-15265\" srcset=\"https:\/\/wp.uaslp.mx\/noticias\/wp-content\/uploads\/sites\/5\/2024\/07\/07-09-2023-ENTREGA-DE-CARTAS-FACULTAD-DE-PSICOLOGIA-DSC_6799.jpg 1800w, https:\/\/wp.uaslp.mx\/noticias\/wp-content\/uploads\/sites\/5\/2024\/07\/07-09-2023-ENTREGA-DE-CARTAS-FACULTAD-DE-PSICOLOGIA-DSC_6799-1024x683.jpg 1024w, https:\/\/wp.uaslp.mx\/noticias\/wp-content\/uploads\/sites\/5\/2024\/07\/07-09-2023-ENTREGA-DE-CARTAS-FACULTAD-DE-PSICOLOGIA-DSC_6799-768x512.jpg 768w, https:\/\/wp.uaslp.mx\/noticias\/wp-content\/uploads\/sites\/5\/2024\/07\/07-09-2023-ENTREGA-DE-CARTAS-FACULTAD-DE-PSICOLOGIA-DSC_6799-1536x1024.jpg 1536w, https:\/\/wp.uaslp.mx\/noticias\/wp-content\/uploads\/sites\/5\/2024\/07\/07-09-2023-ENTREGA-DE-CARTAS-FACULTAD-DE-PSICOLOGIA-DSC_6799-1320x880.jpg 1320w\" sizes=\"auto, (max-width: 1800px) 100vw, 1800px\" \/><\/a><\/figure>\n\n\n\n<figure class=\"wp-block-image size-full\"><a href=\"https:\/\/wp.uaslp.mx\/noticias\/wp-content\/uploads\/sites\/5\/2024\/07\/07-09-2023-ENTREGA-DE-CARTAS-FACULTAD-DE-PSICOLOGIA-Panorama1.jpg\"><img loading=\"lazy\" decoding=\"async\" width=\"1800\" height=\"622\" data-id=\"15266\" src=\"https:\/\/wp.uaslp.mx\/noticias\/wp-content\/uploads\/sites\/5\/2024\/07\/07-09-2023-ENTREGA-DE-CARTAS-FACULTAD-DE-PSICOLOGIA-Panorama1.jpg\" alt=\"\" class=\"wp-image-15266\" srcset=\"https:\/\/wp.uaslp.mx\/noticias\/wp-content\/uploads\/sites\/5\/2024\/07\/07-09-2023-ENTREGA-DE-CARTAS-FACULTAD-DE-PSICOLOGIA-Panorama1.jpg 1800w, https:\/\/wp.uaslp.mx\/noticias\/wp-content\/uploads\/sites\/5\/2024\/07\/07-09-2023-ENTREGA-DE-CARTAS-FACULTAD-DE-PSICOLOGIA-Panorama1-1024x354.jpg 1024w, https:\/\/wp.uaslp.mx\/noticias\/wp-content\/uploads\/sites\/5\/2024\/07\/07-09-2023-ENTREGA-DE-CARTAS-FACULTAD-DE-PSICOLOGIA-Panorama1-768x265.jpg 768w, https:\/\/wp.uaslp.mx\/noticias\/wp-content\/uploads\/sites\/5\/2024\/07\/07-09-2023-ENTREGA-DE-CARTAS-FACULTAD-DE-PSICOLOGIA-Panorama1-1536x531.jpg 1536w, https:\/\/wp.uaslp.mx\/noticias\/wp-content\/uploads\/sites\/5\/2024\/07\/07-09-2023-ENTREGA-DE-CARTAS-FACULTAD-DE-PSICOLOGIA-Panorama1-1320x456.jpg 1320w\" sizes=\"auto, (max-width: 1800px) 100vw, 1800px\" \/><\/a><\/figure>\n\n\n\n<figure class=\"wp-block-image size-full\"><a href=\"https:\/\/wp.uaslp.mx\/noticias\/wp-content\/uploads\/sites\/5\/2024\/07\/07-09-2023-ENTREGA-DE-CARTAS-FACULTAD-DE-PSICOLOGIA-DSC_6859-1.jpg\"><img loading=\"lazy\" decoding=\"async\" width=\"1800\" height=\"1200\" data-id=\"15267\" src=\"https:\/\/wp.uaslp.mx\/noticias\/wp-content\/uploads\/sites\/5\/2024\/07\/07-09-2023-ENTREGA-DE-CARTAS-FACULTAD-DE-PSICOLOGIA-DSC_6859-1.jpg\" alt=\"\" class=\"wp-image-15267\" srcset=\"https:\/\/wp.uaslp.mx\/noticias\/wp-content\/uploads\/sites\/5\/2024\/07\/07-09-2023-ENTREGA-DE-CARTAS-FACULTAD-DE-PSICOLOGIA-DSC_6859-1.jpg 1800w, https:\/\/wp.uaslp.mx\/noticias\/wp-content\/uploads\/sites\/5\/2024\/07\/07-09-2023-ENTREGA-DE-CARTAS-FACULTAD-DE-PSICOLOGIA-DSC_6859-1-1024x683.jpg 1024w, https:\/\/wp.uaslp.mx\/noticias\/wp-content\/uploads\/sites\/5\/2024\/07\/07-09-2023-ENTREGA-DE-CARTAS-FACULTAD-DE-PSICOLOGIA-DSC_6859-1-768x512.jpg 768w, https:\/\/wp.uaslp.mx\/noticias\/wp-content\/uploads\/sites\/5\/2024\/07\/07-09-2023-ENTREGA-DE-CARTAS-FACULTAD-DE-PSICOLOGIA-DSC_6859-1-1536x1024.jpg 1536w, https:\/\/wp.uaslp.mx\/noticias\/wp-content\/uploads\/sites\/5\/2024\/07\/07-09-2023-ENTREGA-DE-CARTAS-FACULTAD-DE-PSICOLOGIA-DSC_6859-1-1320x880.jpg 1320w\" sizes=\"auto, (max-width: 1800px) 100vw, 1800px\" \/><\/a><\/figure>\n<\/figure>\n","protected":false},"excerpt":{"rendered":"<p>La Facultad de Psicolog\u00eda de la Universidad Aut\u00f3noma de San Luis Potos\u00ed (UASLP) realiz\u00f3 la&#8230;<\/p>\n","protected":false},"author":12,"featured_media":15264,"comment_status":"closed","ping_status":"closed","sticky":false,"template":"","format":"standard","meta":{"pgc_sgb_lightbox_settings":"","footnotes":""},"categories":[2],"tags":[1961,316],"class_list":["post-15256","post","type-post","status-publish","format-standard","has-post-thumbnail","hentry","category-academica","tag-cartas-de-pasantes","tag-facultad-de-psicologia"],"featured_image_urls":{"full":["https:\/\/wp.uaslp.mx\/noticias\/wp-content\/uploads\/sites\/5\/2024\/07\/07-09-2023-ENTREGA-DE-CARTAS-FACULTAD-DE-PSICOLOGIA-DSC_6859.jpg",1800,1200,false],"thumbnail":["https:\/\/wp.uaslp.mx\/noticias\/wp-content\/uploads\/sites\/5\/2024\/07\/07-09-2023-ENTREGA-DE-CARTAS-FACULTAD-DE-PSICOLOGIA-DSC_6859-150x150.jpg",150,150,true],"medium":["https:\/\/wp.uaslp.mx\/noticias\/wp-content\/uploads\/sites\/5\/2024\/07\/07-09-2023-ENTREGA-DE-CARTAS-FACULTAD-DE-PSICOLOGIA-DSC_6859-1024x683.jpg",1024,683,true],"medium_large":["https:\/\/wp.uaslp.mx\/noticias\/wp-content\/uploads\/sites\/5\/2024\/07\/07-09-2023-ENTREGA-DE-CARTAS-FACULTAD-DE-PSICOLOGIA-DSC_6859-768x512.jpg",640,427,true],"large":["https:\/\/wp.uaslp.mx\/noticias\/wp-content\/uploads\/sites\/5\/2024\/07\/07-09-2023-ENTREGA-DE-CARTAS-FACULTAD-DE-PSICOLOGIA-DSC_6859.jpg",1800,1200,false],"1536x1536":["https:\/\/wp.uaslp.mx\/noticias\/wp-content\/uploads\/sites\/5\/2024\/07\/07-09-2023-ENTREGA-DE-CARTAS-FACULTAD-DE-PSICOLOGIA-DSC_6859-1536x1024.jpg",1536,1024,true],"2048x2048":["https:\/\/wp.uaslp.mx\/noticias\/wp-content\/uploads\/sites\/5\/2024\/07\/07-09-2023-ENTREGA-DE-CARTAS-FACULTAD-DE-PSICOLOGIA-DSC_6859.jpg",1800,1200,false],"newsever-slider-full":["https:\/\/wp.uaslp.mx\/noticias\/wp-content\/uploads\/sites\/5\/2024\/07\/07-09-2023-ENTREGA-DE-CARTAS-FACULTAD-DE-PSICOLOGIA-DSC_6859-1280x845.jpg",1280,845,true],"newsever-featured":["https:\/\/wp.uaslp.mx\/noticias\/wp-content\/uploads\/sites\/5\/2024\/07\/07-09-2023-ENTREGA-DE-CARTAS-FACULTAD-DE-PSICOLOGIA-DSC_6859-1024x683.jpg",1024,683,true],"newsever-medium":["https:\/\/wp.uaslp.mx\/noticias\/wp-content\/uploads\/sites\/5\/2024\/07\/07-09-2023-ENTREGA-DE-CARTAS-FACULTAD-DE-PSICOLOGIA-DSC_6859-720x475.jpg",720,475,true],"mailpoet_newsletter_max":["https:\/\/wp.uaslp.mx\/noticias\/wp-content\/uploads\/sites\/5\/2024\/07\/07-09-2023-ENTREGA-DE-CARTAS-FACULTAD-DE-PSICOLOGIA-DSC_6859-1320x880.jpg",1320,880,true]},"author_info":{"display_name":"Prensa y difusi\u00f3n","author_link":"https:\/\/wp.uaslp.mx\/noticias\/author\/giovannamorales\/"},"category_info":"<a href=\"https:\/\/wp.uaslp.mx\/noticias\/category\/academica\/\" rel=\"category tag\">Acad\u00e9mica<\/a>","tag_info":"Acad\u00e9mica","comment_count":"0","_links":{"self":[{"href":"https:\/\/wp.uaslp.mx\/noticias\/wp-json\/wp\/v2\/posts\/15256","targetHints":{"allow":["GET"]}}],"collection":[{"href":"https:\/\/wp.uaslp.mx\/noticias\/wp-json\/wp\/v2\/posts"}],"about":[{"href":"https:\/\/wp.uaslp.mx\/noticias\/wp-json\/wp\/v2\/types\/post"}],"author":[{"embeddable":true,"href":"https:\/\/wp.uaslp.mx\/noticias\/wp-json\/wp\/v2\/users\/12"}],"replies":[{"embeddable":true,"href":"https:\/\/wp.uaslp.mx\/noticias\/wp-json\/wp\/v2\/comments?post=15256"}],"version-history":[{"count":3,"href":"https:\/\/wp.uaslp.mx\/noticias\/wp-json\/wp\/v2\/posts\/15256\/revisions"}],"predecessor-version":[{"id":15278,"href":"https:\/\/wp.uaslp.mx\/noticias\/wp-json\/wp\/v2\/posts\/15256\/revisions\/15278"}],"wp:featuredmedia":[{"embeddable":true,"href":"https:\/\/wp.uaslp.mx\/noticias\/wp-json\/wp\/v2\/media\/15264"}],"wp:attachment":[{"href":"https:\/\/wp.uaslp.mx\/noticias\/wp-json\/wp\/v2\/media?parent=15256"}],"wp:term":[{"taxonomy":"category","embeddable":true,"href":"https:\/\/wp.uaslp.mx\/noticias\/wp-json\/wp\/v2\/categories?post=15256"},{"taxonomy":"post_tag","embeddable":true,"href":"https:\/\/wp.uaslp.mx\/noticias\/wp-json\/wp\/v2\/tags?post=15256"}],"curies":[{"name":"wp","href":"https:\/\/api.w.org\/{rel}","templated":true}]}}