{"id":15234,"date":"2024-07-24T14:41:06","date_gmt":"2024-07-24T19:41:06","guid":{"rendered":"https:\/\/wp.uaslp.mx\/noticias\/?p=15234"},"modified":"2024-07-24T00:39:08","modified_gmt":"2024-07-24T05:39:08","slug":"en-septiembre-la-uaslp-y-somexa-efectuaran-el-tercer-congreso-mexicano-de-agroecologia","status":"publish","type":"post","link":"https:\/\/wp.uaslp.mx\/noticias\/academica\/en-septiembre-la-uaslp-y-somexa-efectuaran-el-tercer-congreso-mexicano-de-agroecologia\/","title":{"rendered":"En septiembre, la UASLP y SOMEXA efectuar\u00e1n el Tercer Congreso Mexicano de Agroecolog\u00eda"},"content":{"rendered":"\n<p>Del 23 al 27 de septiembre de 2024, la <a href=\"https:\/\/www.agronomia.uaslp.mx\/#gsc.tab=0\">Facultad de Agronom\u00eda y Veterinaria<\/a> (FAV) de la Universidad Aut\u00f3noma de San Luis Potos\u00ed (UASLP), en coordinaci\u00f3n con la Sociedad Mexicana de <a href=\"https:\/\/eventos.uaslp.mx\/somexa2024\/Home\/Inicio\">Agroecolog\u00eda (SOMEXA) A.C<\/a>., llevar\u00e1 a cabo el Tercer Congreso Mexicano de Agroecolog\u00eda, bajo el lema \u201cIntegrando saberes para la transici\u00f3n agroecol\u00f3gica\u201d.<br><br>Al respecto, el doctor Ram\u00f3n Jarqu\u00edn G\u00e1lvez, docente de la FAV, presidente de SOMEXA y organizador de este importante evento, dio a conocer que, durante los cinco d\u00edas de duraci\u00f3n, el Congreso ofrecer\u00e1 actividades como cursos precongreso, foros tem\u00e1ticos, ponencias y recorridos de campo de experiencias agroecol\u00f3gicas en la huasteca y el altiplano.<br><br>Entre los invitados especiales, se tiene contemplada la asistencia del doctor Luciano Concheiro, subsecretario de Educaci\u00f3n Superior de la SEP y el doctor V\u00edctor Manuel Toledo, ex secretario de Medio Ambiente y Recursos Naturales del Gobierno de M\u00e9xico, quienes dictar\u00e1n conferencias magistrales.<br><br>Jarqu\u00edn G\u00e1lvez destac\u00f3 que, adem\u00e1s de difundir los resultados en investigaci\u00f3n, educaci\u00f3n y pr\u00e1ctica de la agroecolog\u00eda en M\u00e9xico, se compartir\u00e1n los avances logrados en la implementaci\u00f3n del paradigma agroecol\u00f3gico y se reconocer\u00e1 la importancia del intercambio de saberes de mujeres y hombres, sus semejanzas y diferencias, a lo largo del sistema alimentario.<br><br>\u201cSe mostrar\u00e1 que esta forma de vida es un acto de defensa de la soberan\u00eda alimentaria, la construcci\u00f3n de territorios agroecol\u00f3gicos y las nuevas redes de interacci\u00f3n social y gobernanza, que son la voz, los saberes y las actitudes de una sociedad m\u00e1s comprometida con la naturaleza\u201d, abund\u00f3 el experto.<br><br>Este Tercer Congreso Mexicano, que tendr\u00e1 como sede principal el Centro Cultural Universitario Bicentenario de la UASLP, pretende fortalecer el desarrollo de la agroecolog\u00eda en M\u00e9xico con el fin de armonizar el sistema alimentario, la conservaci\u00f3n del ambiente y el buen vivir.<br><br>Las tem\u00e1ticas que abordar\u00e1 son: 1. Desarrollo de los programas educativos formales e informales de agroecolog\u00eda en M\u00e9xico; 2. Procesos de generaci\u00f3n y apropiaci\u00f3n de tecnolog\u00edas agroecol\u00f3gicas: transiciones agroecol\u00f3gicas; 3. Sistemas alimentarios agroecol\u00f3gicos y mercados alternativos; 4. Agroecolog\u00edas con enfoque de derechos humanos y colectivos; 5. Agroecolog\u00eda y pol\u00edticas p\u00fablicas.<br><br>Por \u00faltimo, el coordinador del programa educativo de Ingenier\u00eda en Agroecolgog\u00eda de la FAV, extendi\u00f3 una invitaci\u00f3n a estudiantes de licenciatura, posgrado, profesionales, campesinos y ciudadanos para que participen. Las inscripciones permanecen abiertas y las cuotas oscilan entre los mil y los 2 mil 500 pesos mexicanos. Para m\u00e1s informaci\u00f3n recomend\u00f3 visitar el sitio web: <a href=\"https:\/\/eventos.uaslp.mx\/somexa2024\">https:\/\/eventos.uaslp.mx\/somexa2024<\/a> o enviar un correo electr\u00f3nico a las cuentas: ramon.jarquin@uaslp.mx o somexa.congreso24@agr.uaslp.mx<\/p>\n\n\n\n<p class=\"has-text-align-right\"><em>Talia Corpus<\/em><\/p>\n\n\n\n<figure class=\"wp-block-gallery has-nested-images columns-default is-cropped wp-block-gallery-1 is-layout-flex wp-block-gallery-is-layout-flex\">\n<figure class=\"wp-block-image size-full\"><a href=\"https:\/\/wp.uaslp.mx\/noticias\/wp-content\/uploads\/sites\/5\/2024\/07\/WhatsApp-Image-2024-06-19-at-10.54.03-AM.jpeg\"><img loading=\"lazy\" decoding=\"async\" width=\"1600\" height=\"1200\" data-id=\"15237\" src=\"https:\/\/wp.uaslp.mx\/noticias\/wp-content\/uploads\/sites\/5\/2024\/07\/WhatsApp-Image-2024-06-19-at-10.54.03-AM.jpeg\" alt=\"\" class=\"wp-image-15237\" srcset=\"https:\/\/wp.uaslp.mx\/noticias\/wp-content\/uploads\/sites\/5\/2024\/07\/WhatsApp-Image-2024-06-19-at-10.54.03-AM.jpeg 1600w, https:\/\/wp.uaslp.mx\/noticias\/wp-content\/uploads\/sites\/5\/2024\/07\/WhatsApp-Image-2024-06-19-at-10.54.03-AM-1024x768.jpeg 1024w, https:\/\/wp.uaslp.mx\/noticias\/wp-content\/uploads\/sites\/5\/2024\/07\/WhatsApp-Image-2024-06-19-at-10.54.03-AM-768x576.jpeg 768w, https:\/\/wp.uaslp.mx\/noticias\/wp-content\/uploads\/sites\/5\/2024\/07\/WhatsApp-Image-2024-06-19-at-10.54.03-AM-1536x1152.jpeg 1536w, https:\/\/wp.uaslp.mx\/noticias\/wp-content\/uploads\/sites\/5\/2024\/07\/WhatsApp-Image-2024-06-19-at-10.54.03-AM-1320x990.jpeg 1320w\" sizes=\"auto, (max-width: 1600px) 100vw, 1600px\" \/><\/a><\/figure>\n\n\n\n<figure class=\"wp-block-image size-full\"><a href=\"https:\/\/wp.uaslp.mx\/noticias\/wp-content\/uploads\/sites\/5\/2024\/07\/441953082_1301800887824425_314519092376246924_n.jpg\"><img loading=\"lazy\" decoding=\"async\" width=\"1131\" height=\"1600\" data-id=\"15236\" src=\"https:\/\/wp.uaslp.mx\/noticias\/wp-content\/uploads\/sites\/5\/2024\/07\/441953082_1301800887824425_314519092376246924_n.jpg\" alt=\"\" class=\"wp-image-15236\" srcset=\"https:\/\/wp.uaslp.mx\/noticias\/wp-content\/uploads\/sites\/5\/2024\/07\/441953082_1301800887824425_314519092376246924_n.jpg 1131w, https:\/\/wp.uaslp.mx\/noticias\/wp-content\/uploads\/sites\/5\/2024\/07\/441953082_1301800887824425_314519092376246924_n-724x1024.jpg 724w, https:\/\/wp.uaslp.mx\/noticias\/wp-content\/uploads\/sites\/5\/2024\/07\/441953082_1301800887824425_314519092376246924_n-768x1086.jpg 768w, https:\/\/wp.uaslp.mx\/noticias\/wp-content\/uploads\/sites\/5\/2024\/07\/441953082_1301800887824425_314519092376246924_n-1086x1536.jpg 1086w, https:\/\/wp.uaslp.mx\/noticias\/wp-content\/uploads\/sites\/5\/2024\/07\/441953082_1301800887824425_314519092376246924_n-1024x1449.jpg 1024w\" sizes=\"auto, (max-width: 1131px) 100vw, 1131px\" \/><\/a><\/figure>\n<\/figure>\n\n\n\n<p class=\"has-text-align-right\"><br><br><\/p>\n","protected":false},"excerpt":{"rendered":"<p>Del 23 al 27 de septiembre de 2024, la Facultad de Agronom\u00eda y Veterinaria (FAV)&#8230;<\/p>\n","protected":false},"author":12,"featured_media":15235,"comment_status":"closed","ping_status":"closed","sticky":false,"template":"","format":"standard","meta":{"pgc_sgb_lightbox_settings":"","footnotes":""},"categories":[2],"tags":[1958,1955,1956,1957],"class_list":["post-15234","post","type-post","status-publish","format-standard","has-post-thumbnail","hentry","category-academica","tag-agroecologia-mexico","tag-favuaslp","tag-somexa","tag-tercer-congreso-agroecologia"],"featured_image_urls":{"full":["https:\/\/wp.uaslp.mx\/noticias\/wp-content\/uploads\/sites\/5\/2024\/07\/Ramon-Jarquin.jpeg",1600,1066,false],"thumbnail":["https:\/\/wp.uaslp.mx\/noticias\/wp-content\/uploads\/sites\/5\/2024\/07\/Ramon-Jarquin-150x150.jpeg",150,150,true],"medium":["https:\/\/wp.uaslp.mx\/noticias\/wp-content\/uploads\/sites\/5\/2024\/07\/Ramon-Jarquin-1024x682.jpeg",1024,682,true],"medium_large":["https:\/\/wp.uaslp.mx\/noticias\/wp-content\/uploads\/sites\/5\/2024\/07\/Ramon-Jarquin-768x512.jpeg",640,427,true],"large":["https:\/\/wp.uaslp.mx\/noticias\/wp-content\/uploads\/sites\/5\/2024\/07\/Ramon-Jarquin.jpeg",1600,1066,false],"1536x1536":["https:\/\/wp.uaslp.mx\/noticias\/wp-content\/uploads\/sites\/5\/2024\/07\/Ramon-Jarquin-1536x1023.jpeg",1536,1023,true],"2048x2048":["https:\/\/wp.uaslp.mx\/noticias\/wp-content\/uploads\/sites\/5\/2024\/07\/Ramon-Jarquin.jpeg",1600,1066,false],"newsever-slider-full":["https:\/\/wp.uaslp.mx\/noticias\/wp-content\/uploads\/sites\/5\/2024\/07\/Ramon-Jarquin-1280x845.jpeg",1280,845,true],"newsever-featured":["https:\/\/wp.uaslp.mx\/noticias\/wp-content\/uploads\/sites\/5\/2024\/07\/Ramon-Jarquin-1024x682.jpeg",1024,682,true],"newsever-medium":["https:\/\/wp.uaslp.mx\/noticias\/wp-content\/uploads\/sites\/5\/2024\/07\/Ramon-Jarquin-720x475.jpeg",720,475,true],"mailpoet_newsletter_max":["https:\/\/wp.uaslp.mx\/noticias\/wp-content\/uploads\/sites\/5\/2024\/07\/Ramon-Jarquin-1320x879.jpeg",1320,879,true]},"author_info":{"display_name":"Prensa y difusi\u00f3n","author_link":"https:\/\/wp.uaslp.mx\/noticias\/author\/giovannamorales\/"},"category_info":"<a href=\"https:\/\/wp.uaslp.mx\/noticias\/category\/academica\/\" rel=\"category tag\">Acad\u00e9mica<\/a>","tag_info":"Acad\u00e9mica","comment_count":"0","_links":{"self":[{"href":"https:\/\/wp.uaslp.mx\/noticias\/wp-json\/wp\/v2\/posts\/15234","targetHints":{"allow":["GET"]}}],"collection":[{"href":"https:\/\/wp.uaslp.mx\/noticias\/wp-json\/wp\/v2\/posts"}],"about":[{"href":"https:\/\/wp.uaslp.mx\/noticias\/wp-json\/wp\/v2\/types\/post"}],"author":[{"embeddable":true,"href":"https:\/\/wp.uaslp.mx\/noticias\/wp-json\/wp\/v2\/users\/12"}],"replies":[{"embeddable":true,"href":"https:\/\/wp.uaslp.mx\/noticias\/wp-json\/wp\/v2\/comments?post=15234"}],"version-history":[{"count":1,"href":"https:\/\/wp.uaslp.mx\/noticias\/wp-json\/wp\/v2\/posts\/15234\/revisions"}],"predecessor-version":[{"id":15238,"href":"https:\/\/wp.uaslp.mx\/noticias\/wp-json\/wp\/v2\/posts\/15234\/revisions\/15238"}],"wp:featuredmedia":[{"embeddable":true,"href":"https:\/\/wp.uaslp.mx\/noticias\/wp-json\/wp\/v2\/media\/15235"}],"wp:attachment":[{"href":"https:\/\/wp.uaslp.mx\/noticias\/wp-json\/wp\/v2\/media?parent=15234"}],"wp:term":[{"taxonomy":"category","embeddable":true,"href":"https:\/\/wp.uaslp.mx\/noticias\/wp-json\/wp\/v2\/categories?post=15234"},{"taxonomy":"post_tag","embeddable":true,"href":"https:\/\/wp.uaslp.mx\/noticias\/wp-json\/wp\/v2\/tags?post=15234"}],"curies":[{"name":"wp","href":"https:\/\/api.w.org\/{rel}","templated":true}]}}