{"id":15196,"date":"2024-07-23T10:20:00","date_gmt":"2024-07-23T15:20:00","guid":{"rendered":"https:\/\/wp.uaslp.mx\/noticias\/?p=15196"},"modified":"2024-07-19T14:35:09","modified_gmt":"2024-07-19T19:35:09","slug":"mejora-continua-de-los-programas-educativos-reforma-curricular-y-nueva-oferta-educativa-entre-los-proyectos-del-campus-de-ciudad-valles-de-la-uaslp","status":"publish","type":"post","link":"https:\/\/wp.uaslp.mx\/noticias\/academica\/mejora-continua-de-los-programas-educativos-reforma-curricular-y-nueva-oferta-educativa-entre-los-proyectos-del-campus-de-ciudad-valles-de-la-uaslp\/","title":{"rendered":"Mejora continua de los programas educativos, reforma curricular y nueva oferta educativa, entre los proyectos del campus de Ciudad Valles de la UASLP"},"content":{"rendered":"\n<p>Como parte de la encomienda para el periodo 2024-2028 al frente de la <a href=\"https:\/\/www.fepzh.uaslp.mx\/#gsc.tab=0\">Facultad de Estudios Profesionales Zona Huasteca <\/a>(FEPZH) de la Universidad Aut\u00f3noma de San Luis Potos\u00ed (UASLP), ubicado en Ciudad Valles, el director del plantel, licenciado Isaac Lara Azuara, manifest\u00f3 que uno de los retos es priorizar la mejora continua de los 10 programas educativos, realizar una revisi\u00f3n y enfoque acorde a las necesidades actuales, modernizar, proporcionar mejores herramientas a los estudiantes, y analizar la nueva oferta educativa a partir de un reordenamiento y mejor uso de la infraestructura actual.<br><br>El directivo mencion\u00f3 que a la fecha la Licenciatura en Medicina es la de mayor demanda, seguida de Derecho, Contadur\u00eda P\u00fablica, Administraci\u00f3n, Arquitectura, Turismo Sustentable, Bioqu\u00edmica, Qu\u00edmica Cl\u00ednica, Ingenier\u00eda en Alimentos y T\u00e9cnico Superior Universitario en Gastronom\u00eda en la que se proyecta aplicar dos salidas, como t\u00e9cnico superior y licenciatura.<br><br>De la misma manera, en la Licenciatura en Administraci\u00f3n, se contempla implementar dos \u00e9nfasis: Administraci\u00f3n Empresarial y Administraci\u00f3n P\u00fablica, aprovechando la experiencia de la carrera de Gesti\u00f3n y Pol\u00edticas P\u00fablicas. \u201cComo instituci\u00f3n detectamos esta necesidad de seguir formando profesionistas en el \u00e1rea de la administraci\u00f3n p\u00fablica en los tres niveles de gobierno\u201d, afirm\u00f3.<br><br>Lara Azuara anunci\u00f3 que, en breve ser\u00e1n inauguradas las instalaciones para la carrera de Medicina y se prev\u00e9 que estas ser\u00e1n de gran impacto para el plantel y poblaci\u00f3n de la regi\u00f3n, ya que contar\u00e1 con instalaciones adecuadas, y los estudiantes con un espacio propio para su formaci\u00f3n como m\u00e9dicos que, por cierto, han logrado impacto positivo en el sector salud. \u201cEl hospital del IMSS en el municipio no contaba con \u00e1reas de especialidad, ahora con egresados de la UASLP se abrieron las \u00e1reas de Oncolog\u00eda y Urolog\u00eda\u201d, se\u00f1al\u00f3.<br><br>Para finalizar, mencion\u00f3 que otra de las apuestas para el periodo 2024-2028 es la de fortalecer el \u00e1rea de vinculaci\u00f3n, aplicar una reestructura que no s\u00f3lo incluya el sector privado y p\u00fablico, adem\u00e1s de tener un sentido de responsabilidad para que la poblaci\u00f3n acceda a servicios de calidad: \u201cTenemos la idea de crear un \u00e1rea de extensi\u00f3n universitaria donde podamos generar servicios, por ejemplo en la Licenciatura en Turismo Sustentable deseamos ofrecer servicios a costos accesibles con est\u00e1ndares de una operadora tur\u00edstica, a la par se sumar\u00edan las otras carreras; ya contamos con el Despacho Jur\u00eddico. Y tambi\u00e9n que estudiantes de Arquitectura puedan involucrarse en el desarrollo de vivienda econ\u00f3mica\u201d.<\/p>\n\n\n\n<p class=\"has-text-align-right\"><em>Noelia Mart\u00ednez<\/em><\/p>\n","protected":false},"excerpt":{"rendered":"<p>Como parte de la encomienda para el periodo 2024-2028 al frente de la Facultad de&#8230;<\/p>\n","protected":false},"author":12,"featured_media":15197,"comment_status":"closed","ping_status":"closed","sticky":false,"template":"","format":"standard","meta":{"pgc_sgb_lightbox_settings":"","footnotes":""},"categories":[2],"tags":[1948,1949,332,1947],"class_list":["post-15196","post","type-post","status-publish","format-standard","has-post-thumbnail","hentry","category-academica","tag-ciudadvallesuaslp","tag-educacionuaslp","tag-fepzh","tag-mejoracontinuafepzh"],"featured_image_urls":{"full":["https:\/\/wp.uaslp.mx\/noticias\/wp-content\/uploads\/sites\/5\/2024\/07\/La-Facultad-de-Estudios-Profesionales-Zona-Huasteca-entidad-incluyente-integrada-y-vinculada-con-su-entorno-Lic.-Isaac-Lara-Azuara-2-1024x682-1.jpeg",1024,682,false],"thumbnail":["https:\/\/wp.uaslp.mx\/noticias\/wp-content\/uploads\/sites\/5\/2024\/07\/La-Facultad-de-Estudios-Profesionales-Zona-Huasteca-entidad-incluyente-integrada-y-vinculada-con-su-entorno-Lic.-Isaac-Lara-Azuara-2-1024x682-1-150x150.jpeg",150,150,true],"medium":["https:\/\/wp.uaslp.mx\/noticias\/wp-content\/uploads\/sites\/5\/2024\/07\/La-Facultad-de-Estudios-Profesionales-Zona-Huasteca-entidad-incluyente-integrada-y-vinculada-con-su-entorno-Lic.-Isaac-Lara-Azuara-2-1024x682-1.jpeg",1024,682,false],"medium_large":["https:\/\/wp.uaslp.mx\/noticias\/wp-content\/uploads\/sites\/5\/2024\/07\/La-Facultad-de-Estudios-Profesionales-Zona-Huasteca-entidad-incluyente-integrada-y-vinculada-con-su-entorno-Lic.-Isaac-Lara-Azuara-2-1024x682-1-768x512.jpeg",640,427,true],"large":["https:\/\/wp.uaslp.mx\/noticias\/wp-content\/uploads\/sites\/5\/2024\/07\/La-Facultad-de-Estudios-Profesionales-Zona-Huasteca-entidad-incluyente-integrada-y-vinculada-con-su-entorno-Lic.-Isaac-Lara-Azuara-2-1024x682-1.jpeg",1024,682,false],"1536x1536":["https:\/\/wp.uaslp.mx\/noticias\/wp-content\/uploads\/sites\/5\/2024\/07\/La-Facultad-de-Estudios-Profesionales-Zona-Huasteca-entidad-incluyente-integrada-y-vinculada-con-su-entorno-Lic.-Isaac-Lara-Azuara-2-1024x682-1.jpeg",1024,682,false],"2048x2048":["https:\/\/wp.uaslp.mx\/noticias\/wp-content\/uploads\/sites\/5\/2024\/07\/La-Facultad-de-Estudios-Profesionales-Zona-Huasteca-entidad-incluyente-integrada-y-vinculada-con-su-entorno-Lic.-Isaac-Lara-Azuara-2-1024x682-1.jpeg",1024,682,false],"newsever-slider-full":["https:\/\/wp.uaslp.mx\/noticias\/wp-content\/uploads\/sites\/5\/2024\/07\/La-Facultad-de-Estudios-Profesionales-Zona-Huasteca-entidad-incluyente-integrada-y-vinculada-con-su-entorno-Lic.-Isaac-Lara-Azuara-2-1024x682-1.jpeg",1024,682,false],"newsever-featured":["https:\/\/wp.uaslp.mx\/noticias\/wp-content\/uploads\/sites\/5\/2024\/07\/La-Facultad-de-Estudios-Profesionales-Zona-Huasteca-entidad-incluyente-integrada-y-vinculada-con-su-entorno-Lic.-Isaac-Lara-Azuara-2-1024x682-1.jpeg",1024,682,false],"newsever-medium":["https:\/\/wp.uaslp.mx\/noticias\/wp-content\/uploads\/sites\/5\/2024\/07\/La-Facultad-de-Estudios-Profesionales-Zona-Huasteca-entidad-incluyente-integrada-y-vinculada-con-su-entorno-Lic.-Isaac-Lara-Azuara-2-1024x682-1-720x475.jpeg",720,475,true],"mailpoet_newsletter_max":["https:\/\/wp.uaslp.mx\/noticias\/wp-content\/uploads\/sites\/5\/2024\/07\/La-Facultad-de-Estudios-Profesionales-Zona-Huasteca-entidad-incluyente-integrada-y-vinculada-con-su-entorno-Lic.-Isaac-Lara-Azuara-2-1024x682-1.jpeg",1024,682,false]},"author_info":{"display_name":"Prensa y difusi\u00f3n","author_link":"https:\/\/wp.uaslp.mx\/noticias\/author\/giovannamorales\/"},"category_info":"<a href=\"https:\/\/wp.uaslp.mx\/noticias\/category\/academica\/\" rel=\"category tag\">Acad\u00e9mica<\/a>","tag_info":"Acad\u00e9mica","comment_count":"0","_links":{"self":[{"href":"https:\/\/wp.uaslp.mx\/noticias\/wp-json\/wp\/v2\/posts\/15196","targetHints":{"allow":["GET"]}}],"collection":[{"href":"https:\/\/wp.uaslp.mx\/noticias\/wp-json\/wp\/v2\/posts"}],"about":[{"href":"https:\/\/wp.uaslp.mx\/noticias\/wp-json\/wp\/v2\/types\/post"}],"author":[{"embeddable":true,"href":"https:\/\/wp.uaslp.mx\/noticias\/wp-json\/wp\/v2\/users\/12"}],"replies":[{"embeddable":true,"href":"https:\/\/wp.uaslp.mx\/noticias\/wp-json\/wp\/v2\/comments?post=15196"}],"version-history":[{"count":1,"href":"https:\/\/wp.uaslp.mx\/noticias\/wp-json\/wp\/v2\/posts\/15196\/revisions"}],"predecessor-version":[{"id":15198,"href":"https:\/\/wp.uaslp.mx\/noticias\/wp-json\/wp\/v2\/posts\/15196\/revisions\/15198"}],"wp:featuredmedia":[{"embeddable":true,"href":"https:\/\/wp.uaslp.mx\/noticias\/wp-json\/wp\/v2\/media\/15197"}],"wp:attachment":[{"href":"https:\/\/wp.uaslp.mx\/noticias\/wp-json\/wp\/v2\/media?parent=15196"}],"wp:term":[{"taxonomy":"category","embeddable":true,"href":"https:\/\/wp.uaslp.mx\/noticias\/wp-json\/wp\/v2\/categories?post=15196"},{"taxonomy":"post_tag","embeddable":true,"href":"https:\/\/wp.uaslp.mx\/noticias\/wp-json\/wp\/v2\/tags?post=15196"}],"curies":[{"name":"wp","href":"https:\/\/api.w.org\/{rel}","templated":true}]}}