{"id":14816,"date":"2024-06-07T15:01:04","date_gmt":"2024-06-07T20:01:04","guid":{"rendered":"https:\/\/wp.uaslp.mx\/noticias\/?p=14816"},"modified":"2024-06-07T15:01:06","modified_gmt":"2024-06-07T20:01:06","slug":"oficina-de-la-abogacia-general-de-la-uaslp-atravesara-por-una-reorganizacion-urenda-navarro-sanchez","status":"publish","type":"post","link":"https:\/\/wp.uaslp.mx\/noticias\/uaslp\/oficina-de-la-abogacia-general-de-la-uaslp-atravesara-por-una-reorganizacion-urenda-navarro-sanchez\/","title":{"rendered":"Oficina de la Abogac\u00eda General de la UASLP atravesar\u00e1 por una reorganizaci\u00f3n: Urenda Navarro S\u00e1nchez"},"content":{"rendered":"\n<p>La oficina de la Abogac\u00eda General de la Universidad Aut\u00f3noma de San Luis Potos\u00ed (UASLP) ser\u00e1 dirigida por primera ocasi\u00f3n por una mujer: Urenda Queletz\u00fa Navarro S\u00e1nchez, esta designaci\u00f3n implica un ejercicio constante de autocr\u00edtica, as\u00ed lo expres\u00f3 la funcionaria quien fue ratificada en su nombramiento el pasado 31 de mayo, y que, a partir del 1 de junio de 2024 inici\u00f3 funciones formalmente.<\/p>\n\n\n\n<p>En entrevista, inform\u00f3 que la dependencia a su cargo llevar\u00e1 a cabo una reorganizaci\u00f3n para generar equilibrio del trabajo, sobre todo, en el modelo que es por distribuci\u00f3n por materias. \u201cSi bien habr\u00e1 alguna coordinaci\u00f3n, la idea es consolidar un staff de abogadas y abogados para brindar asesor\u00eda a las entidades acad\u00e9micas y dependencias de gesti\u00f3n\u201d, explic\u00f3.<\/p>\n\n\n\n<p>En funci\u00f3n de lo anterior, tambi\u00e9n se dar\u00e1 \u00e9nfasis a la capacitaci\u00f3n y certificaci\u00f3n del personal; as\u00ed como a la generaci\u00f3n de dos procesos importantes: la instalaci\u00f3n del Subsistema Jur\u00eddico Universitario, como un espacio donde se pueda generar la interpretaci\u00f3n de la normativa; y la creaci\u00f3n de una Gaceta de legislaci\u00f3n universitaria con comentarios as\u00ed como la aproximaci\u00f3n de manera m\u00e1s clara a diversas situaciones con criterios homologados.<\/p>\n\n\n\n<p>\u201cAh\u00ed no solo va a trabajar la oficina de la Abogac\u00eda General, tambi\u00e9n buscaremos incorporar a todas las \u00e1reas que de alguna u otra manera brindan asesor\u00eda jur\u00eddico- legal en la instituci\u00f3n\u201d, indic\u00f3. Navarro S\u00e1nchez se\u00f1al\u00f3 como importante en este proceso, la creaci\u00f3n del Centro Universitario de Conciliaci\u00f3n Laboral, para resolver y despresurizar los conflictos que, en alg\u00fan momento eran atendidos por comisiones.<\/p>\n\n\n\n<p>Mencion\u00f3 adem\u00e1s que se generar\u00e1 un reglamento que pueda responder a las necesidades actuales de esta \u00e1rea. \u201cRequerimos que el nombre de la oficina responda a un pronombre neutro, es algo nimio, pero sustantivo como parte de las acciones que para la igualdad se siguen haciendo en esta Universidad. La agenda nos guiar\u00e1 sobre nuevos temas que atender\u201d, asever\u00f3.<\/p>\n\n\n\n<p>Finalmente, Urenda Queletz\u00fa Navarro S\u00e1nchez agradeci\u00f3 el voto de confianza y el respaldo de la comunidad universitaria en general, as\u00ed como de colegas de la Facultad de Derecho Abogado Ponciano Arriaga Leija, con los que contempla integrar un consejo asesor de la abogac\u00eda general para diferentes materias.<\/p>\n\n\n\n<p class=\"has-text-align-right\"><em>Noelia Mart\u00ednez<\/em><\/p>\n","protected":false},"excerpt":{"rendered":"<p>La oficina de la Abogac\u00eda General de la Universidad Aut\u00f3noma de San Luis Potos\u00ed (UASLP)&#8230;<\/p>\n","protected":false},"author":12,"featured_media":14817,"comment_status":"closed","ping_status":"closed","sticky":false,"template":"","format":"standard","meta":{"pgc_sgb_lightbox_settings":"","footnotes":""},"categories":[782],"tags":[],"class_list":["post-14816","post","type-post","status-publish","format-standard","has-post-thumbnail","hentry","category-uaslp"],"featured_image_urls":{"full":["https:\/\/wp.uaslp.mx\/noticias\/wp-content\/uploads\/sites\/5\/2024\/06\/3d5fb281-f7da-4bed-9972-202d6f4ce20e.jpg",1280,854,false],"thumbnail":["https:\/\/wp.uaslp.mx\/noticias\/wp-content\/uploads\/sites\/5\/2024\/06\/3d5fb281-f7da-4bed-9972-202d6f4ce20e-150x150.jpg",150,150,true],"medium":["https:\/\/wp.uaslp.mx\/noticias\/wp-content\/uploads\/sites\/5\/2024\/06\/3d5fb281-f7da-4bed-9972-202d6f4ce20e-1024x683.jpg",1024,683,true],"medium_large":["https:\/\/wp.uaslp.mx\/noticias\/wp-content\/uploads\/sites\/5\/2024\/06\/3d5fb281-f7da-4bed-9972-202d6f4ce20e-768x512.jpg",640,427,true],"large":["https:\/\/wp.uaslp.mx\/noticias\/wp-content\/uploads\/sites\/5\/2024\/06\/3d5fb281-f7da-4bed-9972-202d6f4ce20e.jpg",1280,854,false],"1536x1536":["https:\/\/wp.uaslp.mx\/noticias\/wp-content\/uploads\/sites\/5\/2024\/06\/3d5fb281-f7da-4bed-9972-202d6f4ce20e.jpg",1280,854,false],"2048x2048":["https:\/\/wp.uaslp.mx\/noticias\/wp-content\/uploads\/sites\/5\/2024\/06\/3d5fb281-f7da-4bed-9972-202d6f4ce20e.jpg",1280,854,false],"newsever-slider-full":["https:\/\/wp.uaslp.mx\/noticias\/wp-content\/uploads\/sites\/5\/2024\/06\/3d5fb281-f7da-4bed-9972-202d6f4ce20e-1280x845.jpg",1280,845,true],"newsever-featured":["https:\/\/wp.uaslp.mx\/noticias\/wp-content\/uploads\/sites\/5\/2024\/06\/3d5fb281-f7da-4bed-9972-202d6f4ce20e-1024x683.jpg",1024,683,true],"newsever-medium":["https:\/\/wp.uaslp.mx\/noticias\/wp-content\/uploads\/sites\/5\/2024\/06\/3d5fb281-f7da-4bed-9972-202d6f4ce20e-720x475.jpg",720,475,true],"mailpoet_newsletter_max":["https:\/\/wp.uaslp.mx\/noticias\/wp-content\/uploads\/sites\/5\/2024\/06\/3d5fb281-f7da-4bed-9972-202d6f4ce20e.jpg",1280,854,false]},"author_info":{"display_name":"Prensa y difusi\u00f3n","author_link":"https:\/\/wp.uaslp.mx\/noticias\/author\/giovannamorales\/"},"category_info":"<a href=\"https:\/\/wp.uaslp.mx\/noticias\/category\/uaslp\/\" rel=\"category tag\">UASLP<\/a>","tag_info":"UASLP","comment_count":"0","_links":{"self":[{"href":"https:\/\/wp.uaslp.mx\/noticias\/wp-json\/wp\/v2\/posts\/14816","targetHints":{"allow":["GET"]}}],"collection":[{"href":"https:\/\/wp.uaslp.mx\/noticias\/wp-json\/wp\/v2\/posts"}],"about":[{"href":"https:\/\/wp.uaslp.mx\/noticias\/wp-json\/wp\/v2\/types\/post"}],"author":[{"embeddable":true,"href":"https:\/\/wp.uaslp.mx\/noticias\/wp-json\/wp\/v2\/users\/12"}],"replies":[{"embeddable":true,"href":"https:\/\/wp.uaslp.mx\/noticias\/wp-json\/wp\/v2\/comments?post=14816"}],"version-history":[{"count":1,"href":"https:\/\/wp.uaslp.mx\/noticias\/wp-json\/wp\/v2\/posts\/14816\/revisions"}],"predecessor-version":[{"id":14818,"href":"https:\/\/wp.uaslp.mx\/noticias\/wp-json\/wp\/v2\/posts\/14816\/revisions\/14818"}],"wp:featuredmedia":[{"embeddable":true,"href":"https:\/\/wp.uaslp.mx\/noticias\/wp-json\/wp\/v2\/media\/14817"}],"wp:attachment":[{"href":"https:\/\/wp.uaslp.mx\/noticias\/wp-json\/wp\/v2\/media?parent=14816"}],"wp:term":[{"taxonomy":"category","embeddable":true,"href":"https:\/\/wp.uaslp.mx\/noticias\/wp-json\/wp\/v2\/categories?post=14816"},{"taxonomy":"post_tag","embeddable":true,"href":"https:\/\/wp.uaslp.mx\/noticias\/wp-json\/wp\/v2\/tags?post=14816"}],"curies":[{"name":"wp","href":"https:\/\/api.w.org\/{rel}","templated":true}]}}