{"id":14629,"date":"2024-05-28T13:45:09","date_gmt":"2024-05-28T18:45:09","guid":{"rendered":"https:\/\/wp.uaslp.mx\/noticias\/?p=14629"},"modified":"2024-05-28T13:45:11","modified_gmt":"2024-05-28T18:45:11","slug":"el-disfrute-de-la-lectura-debe-darse-sin-mitos-autoras-del-libro-leer-o-no-leer-esa-es-la-ilusion","status":"publish","type":"post","link":"https:\/\/wp.uaslp.mx\/noticias\/arteycultura\/el-disfrute-de-la-lectura-debe-darse-sin-mitos-autoras-del-libro-leer-o-no-leer-esa-es-la-ilusion\/","title":{"rendered":"El disfrute de la lectura debe darse sin mitos: autoras del libro \u201c\u00a1Leer o no leer! Esa es la ilusi\u00f3n\u201d"},"content":{"rendered":"\n<p>El libro \u201c\u00a1Leer o no leer! Esa es la ilusi\u00f3n\u201d es una obra que presenta una pluralidad de voces, que muestra una serie de opiniones y reflexiona respecto a la lectura, aseguraron dos de sus autoras, Gabriela N\u00e1jera y Claudia Quezada. La presentaci\u00f3n de la obra la realiz\u00f3 Ram\u00f3n Alvarado Ruiz, investigador de la <a href=\"https:\/\/sociales.uaslp.mx\">Facultad de Ciencias Sociales y Humanidades<\/a> (FCSyH) de la Universidad Aut\u00f3noma de San Luis Potos\u00ed en el patio de la Autonom\u00eda, como parte de la edici\u00f3n 48 de la <a href=\"https:\/\/feriadelibro.uaslp.mx\">Feria Nacional del Libro UASLP<\/a>.<\/p>\n\n\n\n<p>El presentador, las autoras y el propio p\u00fablico, reconocieron que la lectura es un ejercicio que cuenta con muchos mitos, y este libro sirve precisamente para poder romperlos. Adem\u00e1s de conocer c\u00f3mo se puede llegar a leer con el silencio de las bibliotecas, la censura para ciertos autores, la obligatoriedad de la lectura y las negativas estad\u00edsticas que los mexicanos obtenemos en este rubro.<\/p>\n\n\n\n<p>La doctora Gabriela N\u00e1jera Ram\u00edrez, tambi\u00e9n docente en la FCSyH, destac\u00f3 que en las \u00e1reas de academia y para secundaria y primaria, en esta obra creada por la Editorial Fondo Blanco, se ofrecen distintas sugerencias y perspectivas de lo que los j\u00f3venes pueden leer. El art\u00edculo de la investigadora en esta obra lleva por t\u00edtulo: \u201cEntre el chat GPT y humildes mamadores\u201d.<\/p>\n\n\n\n<p>Por otro lado, Claudia Quezada, egresada de El Colegio de San Luis, quien se desempe\u00f1a como gestora cultural agradeci\u00f3 a la UASLP la invitaci\u00f3n, y dijo que esta es la primera vez que dos autoras de la obra est\u00e1n juntas hablando del texto completo.<\/p>\n\n\n\n<p>Destac\u00f3 que en el libro se puede leer a personas distintas con oficios diferentes y eso presenta un disfrute de lectura. Asegur\u00f3 que leyendo las historias de la obra, se ha familiarizado con el lenguaje que hace homog\u00e9nea esta obra aunque sea una compilaci\u00f3n de diversas autoras.<\/p>\n\n\n\n<p>Alvarado Ruiz tambi\u00e9n se\u00f1al\u00f3 que los mexicanos tenemos muchos prejuicios respecto a los libros que llevamos bajo el brazo, pues no se ver\u00e1 igual a una persona que lleva un libro cl\u00e1sico bajo el brazo, que alguien que lleva un c\u00f3mic o una revista, aunque represente tiempo de lectura. \u201cLos mexicanos somos muy prejuiciosos sobre lo que leemos\u201d, dijo. La doctora Gabriela N\u00e1jera secund\u00f3 la opini\u00f3n, \u201cpuedes leer el Libro Vaquero y tener felicidad, independientemente si es una revista o un libro\u201d.<\/p>\n\n\n\n<p>Por su parte Claudia Quezada, destac\u00f3 que hay muchas maneras de reflexionar sobre el libro, pues algunas historias nos hacen pensar que leer es para seres antisociales. Coment\u00f3 que muchas veces se volvi\u00f3 de esas cr\u00edticas literarias reacias, porque exigi\u00f3 o critic\u00f3 que su hijo y\/o algunos de sus alumnos leyeran textos de cultura pop como c\u00f3mics o de revistas, dejando de lado que la lectura es lo importante, independientemente de los contenidos.<\/p>\n\n\n\n<p>En tanto el presentador asegur\u00f3 que se le hace da\u00f1o al lector, cuando se habla de obligatoriedad y tambi\u00e9n cuando al final del a\u00f1o se habla de los textos m\u00e1s le\u00eddos y se da una lista, por parte de las casas editoriales. Considera que estas mediciones son relativas pues la gente lee independientemente que sean libros o no.<\/p>\n\n\n\n<p>N\u00e1jera Ram\u00edrez indic\u00f3 que no se est\u00e1 leyendo bien a las generaciones de j\u00f3venes, pues ellos leen mucho en Internet a trav\u00e9s de aplicaciones, mientras que los docentes deben encontrar un lugar para comenzar la lectura y no querer que se inicie con los cl\u00e1sicos, pues si el espa\u00f1ol no se entiende o est\u00e1 en desuso, se debe pensar que estamos en una \u00e9poca distinta con un mundo totalmente diferente para iniciar en la lectura a los j\u00f3venes con libros que puedan comprender.<\/p>\n\n\n\n<figure class=\"wp-block-image size-full\"><img loading=\"lazy\" decoding=\"async\" width=\"1600\" height=\"1200\" src=\"https:\/\/wp.uaslp.mx\/noticias\/wp-content\/uploads\/sites\/5\/2024\/05\/WhatsApp-Image-2024-05-28-at-11.52.52-AM-1.jpeg\" alt=\"\" class=\"wp-image-14631\" srcset=\"https:\/\/wp.uaslp.mx\/noticias\/wp-content\/uploads\/sites\/5\/2024\/05\/WhatsApp-Image-2024-05-28-at-11.52.52-AM-1.jpeg 1600w, https:\/\/wp.uaslp.mx\/noticias\/wp-content\/uploads\/sites\/5\/2024\/05\/WhatsApp-Image-2024-05-28-at-11.52.52-AM-1-1024x768.jpeg 1024w, https:\/\/wp.uaslp.mx\/noticias\/wp-content\/uploads\/sites\/5\/2024\/05\/WhatsApp-Image-2024-05-28-at-11.52.52-AM-1-768x576.jpeg 768w, https:\/\/wp.uaslp.mx\/noticias\/wp-content\/uploads\/sites\/5\/2024\/05\/WhatsApp-Image-2024-05-28-at-11.52.52-AM-1-1536x1152.jpeg 1536w, https:\/\/wp.uaslp.mx\/noticias\/wp-content\/uploads\/sites\/5\/2024\/05\/WhatsApp-Image-2024-05-28-at-11.52.52-AM-1-1320x990.jpeg 1320w\" sizes=\"auto, (max-width: 1600px) 100vw, 1600px\" \/><\/figure>\n\n\n\n<p class=\"has-text-align-right\"><em>Guadalupe Guevara <\/em><\/p>\n","protected":false},"excerpt":{"rendered":"<p>El libro \u201c\u00a1Leer o no leer! Esa es la ilusi\u00f3n\u201d es una obra que presenta&#8230;<\/p>\n","protected":false},"author":14,"featured_media":14630,"comment_status":"closed","ping_status":"closed","sticky":false,"template":"","format":"standard","meta":{"pgc_sgb_lightbox_settings":"","footnotes":""},"categories":[3],"tags":[1337,467],"class_list":["post-14629","post","type-post","status-publish","format-standard","has-post-thumbnail","hentry","category-arteycultura","tag-feria-nacional-del-libro-uaslp","tag-libro"],"featured_image_urls":{"full":["https:\/\/wp.uaslp.mx\/noticias\/wp-content\/uploads\/sites\/5\/2024\/05\/WhatsApp-Image-2024-05-28-at-11.52.52-AM.jpeg",1600,1200,false],"thumbnail":["https:\/\/wp.uaslp.mx\/noticias\/wp-content\/uploads\/sites\/5\/2024\/05\/WhatsApp-Image-2024-05-28-at-11.52.52-AM-150x150.jpeg",150,150,true],"medium":["https:\/\/wp.uaslp.mx\/noticias\/wp-content\/uploads\/sites\/5\/2024\/05\/WhatsApp-Image-2024-05-28-at-11.52.52-AM-1024x768.jpeg",1024,768,true],"medium_large":["https:\/\/wp.uaslp.mx\/noticias\/wp-content\/uploads\/sites\/5\/2024\/05\/WhatsApp-Image-2024-05-28-at-11.52.52-AM-768x576.jpeg",640,480,true],"large":["https:\/\/wp.uaslp.mx\/noticias\/wp-content\/uploads\/sites\/5\/2024\/05\/WhatsApp-Image-2024-05-28-at-11.52.52-AM.jpeg",1600,1200,false],"1536x1536":["https:\/\/wp.uaslp.mx\/noticias\/wp-content\/uploads\/sites\/5\/2024\/05\/WhatsApp-Image-2024-05-28-at-11.52.52-AM-1536x1152.jpeg",1536,1152,true],"2048x2048":["https:\/\/wp.uaslp.mx\/noticias\/wp-content\/uploads\/sites\/5\/2024\/05\/WhatsApp-Image-2024-05-28-at-11.52.52-AM.jpeg",1600,1200,false],"newsever-slider-full":["https:\/\/wp.uaslp.mx\/noticias\/wp-content\/uploads\/sites\/5\/2024\/05\/WhatsApp-Image-2024-05-28-at-11.52.52-AM-1280x845.jpeg",1280,845,true],"newsever-featured":["https:\/\/wp.uaslp.mx\/noticias\/wp-content\/uploads\/sites\/5\/2024\/05\/WhatsApp-Image-2024-05-28-at-11.52.52-AM-1024x768.jpeg",1024,768,true],"newsever-medium":["https:\/\/wp.uaslp.mx\/noticias\/wp-content\/uploads\/sites\/5\/2024\/05\/WhatsApp-Image-2024-05-28-at-11.52.52-AM-720x475.jpeg",720,475,true],"mailpoet_newsletter_max":["https:\/\/wp.uaslp.mx\/noticias\/wp-content\/uploads\/sites\/5\/2024\/05\/WhatsApp-Image-2024-05-28-at-11.52.52-AM-1320x990.jpeg",1320,990,true]},"author_info":{"display_name":"Prensa y difusi\u00f3n","author_link":"https:\/\/wp.uaslp.mx\/noticias\/author\/taliacorpus\/"},"category_info":"<a href=\"https:\/\/wp.uaslp.mx\/noticias\/category\/arteycultura\/\" rel=\"category tag\">Arte y cultura<\/a>","tag_info":"Arte y cultura","comment_count":"0","_links":{"self":[{"href":"https:\/\/wp.uaslp.mx\/noticias\/wp-json\/wp\/v2\/posts\/14629","targetHints":{"allow":["GET"]}}],"collection":[{"href":"https:\/\/wp.uaslp.mx\/noticias\/wp-json\/wp\/v2\/posts"}],"about":[{"href":"https:\/\/wp.uaslp.mx\/noticias\/wp-json\/wp\/v2\/types\/post"}],"author":[{"embeddable":true,"href":"https:\/\/wp.uaslp.mx\/noticias\/wp-json\/wp\/v2\/users\/14"}],"replies":[{"embeddable":true,"href":"https:\/\/wp.uaslp.mx\/noticias\/wp-json\/wp\/v2\/comments?post=14629"}],"version-history":[{"count":1,"href":"https:\/\/wp.uaslp.mx\/noticias\/wp-json\/wp\/v2\/posts\/14629\/revisions"}],"predecessor-version":[{"id":14632,"href":"https:\/\/wp.uaslp.mx\/noticias\/wp-json\/wp\/v2\/posts\/14629\/revisions\/14632"}],"wp:featuredmedia":[{"embeddable":true,"href":"https:\/\/wp.uaslp.mx\/noticias\/wp-json\/wp\/v2\/media\/14630"}],"wp:attachment":[{"href":"https:\/\/wp.uaslp.mx\/noticias\/wp-json\/wp\/v2\/media?parent=14629"}],"wp:term":[{"taxonomy":"category","embeddable":true,"href":"https:\/\/wp.uaslp.mx\/noticias\/wp-json\/wp\/v2\/categories?post=14629"},{"taxonomy":"post_tag","embeddable":true,"href":"https:\/\/wp.uaslp.mx\/noticias\/wp-json\/wp\/v2\/tags?post=14629"}],"curies":[{"name":"wp","href":"https:\/\/api.w.org\/{rel}","templated":true}]}}