{"id":14530,"date":"2024-05-26T18:12:52","date_gmt":"2024-05-26T23:12:52","guid":{"rendered":"https:\/\/wp.uaslp.mx\/noticias\/?p=14530"},"modified":"2024-05-27T13:55:12","modified_gmt":"2024-05-27T18:55:12","slug":"padres-de-familia-principales-influencias-para-tener-infancias-lectoras-senala-sari-autora-de-historia-chiquita","status":"publish","type":"post","link":"https:\/\/wp.uaslp.mx\/noticias\/arteycultura\/padres-de-familia-principales-influencias-para-tener-infancias-lectoras-senala-sari-autora-de-historia-chiquita\/","title":{"rendered":"Padres de familia, principales influencias para tener infancias lectoras, se\u00f1ala Sari, autora de Historia Chiquita"},"content":{"rendered":"\n<p>Madres y padres de familia son los que m\u00e1s pueden y deben influir para tener infancias lectoras, consider\u00f3 la creadora y escritora Sari, autora del libro &#8220;Historia Chiquita&#8221;, presentado en la 48\u00aa Edici\u00f3n de la<a href=\"https:\/\/feriadelibro.uaslp.mx\/\"> Feria Nacional del Libro UASLP.<\/a><br>\u00a0<br>Previo a su presentaci\u00f3n en el Edificio Central de la Universidad Aut\u00f3noma de San Luis Potos\u00ed, la autora indic\u00f3 que en la actualidad los padres j\u00f3venes deben inculcar la lectura en sus hijos de una manera sencilla y efectiva: leyendo juntos antes de dormir. Puede ser un libro que los padres disfrutaron en su ni\u00f1ez o uno nuevo elegido en familia. Enfatiz\u00f3 la importancia de que los padres den el ejemplo leyendo ellos mismos, ya que los hijos tienden a imitar este h\u00e1bito.<br>\u00a0<br>Sari tambi\u00e9n habl\u00f3 sobre las infancias contempor\u00e1neas, muchas de las cuales pasaron por la pandemia y est\u00e1n comenzando a desarrollar habilidades que no pudieron durante el confinamiento. Observ\u00f3 que, aunque algunos ni\u00f1os presentan problemas motrices, tambi\u00e9n son muy vivaces e imaginativos.<br>\u00a0<br>Mencion\u00f3 que padres y creadores de contenido infantil est\u00e1n cada vez m\u00e1s preocupados por crear caricaturas e ilustraciones adecuadas para la edad, evitando la sobreestimulaci\u00f3n que a menudo se encuentra en la televisi\u00f3n e internet.<br>\u00a0<br>Como creadora en TikTok, Sari destac\u00f3 que, aunque la plataforma est\u00e1 destinada a mayores de 13 a\u00f1os, las infancias est\u00e1n expuestas a su contenido. En lugar de prohibirles el acceso, sugiri\u00f3 usar filtros, ver el contenido junto a los padres y establecer un tiempo limitado para luego dedicarlo a otras actividades o juegos.<br>\u00a0<br>Durante la presentaci\u00f3n de su libro &#8220;Historia Chiquita&#8221;, de la casa editorial Planeta, Sari explic\u00f3 que su proyecto est\u00e1 pensado para estudiantes y docentes, ya que ella tambi\u00e9n fue docente de preparatoria.<\/p>\n\n\n\n<p>En su libro, relata an\u00e9cdotas tiernas y divertidas de la historia de M\u00e9xico desde la Conquista hasta los a\u00f1os 80, incluyendo historias como la de un oso que baila en las calles de la colonia Guerrero, una elefanta que escapa del zool\u00f3gico de Chapultepec, una gimnasta checa que cautiva a un pa\u00eds entero, un pintor ruso exiliado que funda la vanguardia mexicana, la m\u00fasica de Europa del Este que se vuelve mexicana y otras historias m\u00e1s.<br>\u00a0<br>Sari comparti\u00f3 que la forma de contar y saber historias chiquitas provienen de sus propios abuelos, quienes las relataban con sabor, mezclando chismes, pl\u00e1ticas e idiosincrasias.<\/p>\n\n\n\n<p class=\"has-text-align-right\"><em>Hugo Laussin<\/em><\/p>\n\n\n\n<figure class=\"wp-block-embed is-type-video is-provider-youtube wp-block-embed-youtube wp-embed-aspect-16-9 wp-has-aspect-ratio\"><div class=\"wp-block-embed__wrapper\">\n<iframe loading=\"lazy\" title=\"Presentaci\u00f3n del Libro: Historia chiquita de Sari\" width=\"640\" height=\"360\" src=\"https:\/\/www.youtube.com\/embed\/tSTi7J9yskY?list=PL4zELyjHdYy-b1ltnqKJL5r8K6fJXRq1v\" frameborder=\"0\" allow=\"accelerometer; autoplay; clipboard-write; encrypted-media; gyroscope; picture-in-picture; web-share\" referrerpolicy=\"strict-origin-when-cross-origin\" allowfullscreen><\/iframe>\n<\/div><\/figure>\n\n\n\n<figure class=\"wp-block-gallery has-nested-images columns-default is-cropped wp-block-gallery-1 is-layout-flex wp-block-gallery-is-layout-flex\"><\/figure>\n","protected":false},"excerpt":{"rendered":"<p>Madres y padres de familia son los que m\u00e1s pueden y deben influir para tener&#8230;<\/p>\n","protected":false},"author":12,"featured_media":14564,"comment_status":"closed","ping_status":"closed","sticky":false,"template":"","format":"standard","meta":{"pgc_sgb_lightbox_settings":"","footnotes":""},"categories":[3],"tags":[1345,560],"class_list":["post-14530","post","type-post","status-publish","format-standard","has-post-thumbnail","hentry","category-arteycultura","tag-feria-del-libro-uaslp","tag-presentacion-de-libro"],"featured_image_urls":{"full":["https:\/\/wp.uaslp.mx\/noticias\/wp-content\/uploads\/sites\/5\/2024\/05\/Diseno-sin-titulo-44.png",1800,1200,false],"thumbnail":["https:\/\/wp.uaslp.mx\/noticias\/wp-content\/uploads\/sites\/5\/2024\/05\/Diseno-sin-titulo-44-150x150.png",150,150,true],"medium":["https:\/\/wp.uaslp.mx\/noticias\/wp-content\/uploads\/sites\/5\/2024\/05\/Diseno-sin-titulo-44-1024x683.png",1024,683,true],"medium_large":["https:\/\/wp.uaslp.mx\/noticias\/wp-content\/uploads\/sites\/5\/2024\/05\/Diseno-sin-titulo-44-768x512.png",640,427,true],"large":["https:\/\/wp.uaslp.mx\/noticias\/wp-content\/uploads\/sites\/5\/2024\/05\/Diseno-sin-titulo-44.png",1800,1200,false],"1536x1536":["https:\/\/wp.uaslp.mx\/noticias\/wp-content\/uploads\/sites\/5\/2024\/05\/Diseno-sin-titulo-44-1536x1024.png",1536,1024,true],"2048x2048":["https:\/\/wp.uaslp.mx\/noticias\/wp-content\/uploads\/sites\/5\/2024\/05\/Diseno-sin-titulo-44.png",1800,1200,false],"newsever-slider-full":["https:\/\/wp.uaslp.mx\/noticias\/wp-content\/uploads\/sites\/5\/2024\/05\/Diseno-sin-titulo-44-1280x845.png",1280,845,true],"newsever-featured":["https:\/\/wp.uaslp.mx\/noticias\/wp-content\/uploads\/sites\/5\/2024\/05\/Diseno-sin-titulo-44-1024x683.png",1024,683,true],"newsever-medium":["https:\/\/wp.uaslp.mx\/noticias\/wp-content\/uploads\/sites\/5\/2024\/05\/Diseno-sin-titulo-44-720x475.png",720,475,true],"mailpoet_newsletter_max":["https:\/\/wp.uaslp.mx\/noticias\/wp-content\/uploads\/sites\/5\/2024\/05\/Diseno-sin-titulo-44-1320x880.png",1320,880,true]},"author_info":{"display_name":"Prensa y difusi\u00f3n","author_link":"https:\/\/wp.uaslp.mx\/noticias\/author\/giovannamorales\/"},"category_info":"<a href=\"https:\/\/wp.uaslp.mx\/noticias\/category\/arteycultura\/\" rel=\"category tag\">Arte y cultura<\/a>","tag_info":"Arte y cultura","comment_count":"0","_links":{"self":[{"href":"https:\/\/wp.uaslp.mx\/noticias\/wp-json\/wp\/v2\/posts\/14530","targetHints":{"allow":["GET"]}}],"collection":[{"href":"https:\/\/wp.uaslp.mx\/noticias\/wp-json\/wp\/v2\/posts"}],"about":[{"href":"https:\/\/wp.uaslp.mx\/noticias\/wp-json\/wp\/v2\/types\/post"}],"author":[{"embeddable":true,"href":"https:\/\/wp.uaslp.mx\/noticias\/wp-json\/wp\/v2\/users\/12"}],"replies":[{"embeddable":true,"href":"https:\/\/wp.uaslp.mx\/noticias\/wp-json\/wp\/v2\/comments?post=14530"}],"version-history":[{"count":2,"href":"https:\/\/wp.uaslp.mx\/noticias\/wp-json\/wp\/v2\/posts\/14530\/revisions"}],"predecessor-version":[{"id":14565,"href":"https:\/\/wp.uaslp.mx\/noticias\/wp-json\/wp\/v2\/posts\/14530\/revisions\/14565"}],"wp:featuredmedia":[{"embeddable":true,"href":"https:\/\/wp.uaslp.mx\/noticias\/wp-json\/wp\/v2\/media\/14564"}],"wp:attachment":[{"href":"https:\/\/wp.uaslp.mx\/noticias\/wp-json\/wp\/v2\/media?parent=14530"}],"wp:term":[{"taxonomy":"category","embeddable":true,"href":"https:\/\/wp.uaslp.mx\/noticias\/wp-json\/wp\/v2\/categories?post=14530"},{"taxonomy":"post_tag","embeddable":true,"href":"https:\/\/wp.uaslp.mx\/noticias\/wp-json\/wp\/v2\/tags?post=14530"}],"curies":[{"name":"wp","href":"https:\/\/api.w.org\/{rel}","templated":true}]}}