{"id":14498,"date":"2024-05-24T16:15:48","date_gmt":"2024-05-24T21:15:48","guid":{"rendered":"https:\/\/wp.uaslp.mx\/noticias\/?p=14498"},"modified":"2024-05-24T16:15:50","modified_gmt":"2024-05-24T21:15:50","slug":"politicas-publicas-erroneas-de-la-decada-de-1970-propiciaron-el-incremento-en-la-temperatura-variclim-uaslp","status":"publish","type":"post","link":"https:\/\/wp.uaslp.mx\/noticias\/investigacion\/politicas-publicas-erroneas-de-la-decada-de-1970-propiciaron-el-incremento-en-la-temperatura-variclim-uaslp\/","title":{"rendered":"Pol\u00edticas p\u00fablicas err\u00f3neas de la d\u00e9cada de 1970 propiciaron el incremento en la temperatura: VariClim-UASLP"},"content":{"rendered":"\n<p>En agosto y septiembre se esperan lluvias.<\/p>\n\n\n\n<p>Aunque la temperatura ha venido aumentando, es una percepci\u00f3n err\u00f3nea el que se diga a la poblaci\u00f3n que cada a\u00f1o es m\u00e1s caliente que el anterior, as\u00ed lo afirm\u00f3 el doctor Jos\u00e9 Antonio \u00c1valos Lozano, coordinador del <a href=\"https:\/\/www.facebook.com\/variclim\/?locale=es_LA\">Laboratorio Nacional de Variabilidad Clim\u00e1tica, Teledetecci\u00f3n y Evaluaci\u00f3n de Riesgos<\/a> (VariClim) de la Universidad Aut\u00f3noma de San Luis Potos\u00ed.<\/p>\n\n\n\n<p>Explic\u00f3 que el dato es inexacto pues quienes lo afirman realizan un promedio comparado con una serie de tiempos, pero no debe ser considerado ese dato como algo generalizado pues el cambio clim\u00e1tico se comporta de manera irregular.<\/p>\n\n\n\n<p>El especialista de la UASLP explic\u00f3 que en M\u00e9xico las temperaturas han venido en aumento, pero los estudios indican que apenas ha sido de 1.3 grados cent\u00edgrados en los \u00faltimos 70 a\u00f1os; y esto no ha sucedido en todas las regiones del pa\u00eds, pues a\u00fan hay lugares en donde la temperatura no ha variado en nada y zonas donde el incremento ha sido mayor.<\/p>\n\n\n\n<p>Asegur\u00f3 que la mayor parte de los cambios en la temperatura son resultado de acciones incorrectas en el cambio de uso de la tierra y tienen que ver con pol\u00edticas p\u00fablicas que le hicieron mucho da\u00f1o al pa\u00eds como el Programa Nacional de Desmontes, que se realiz\u00f3 en las d\u00e9cadas de 1970 y 1980. Este elimin\u00f3 la selva mediana y alta en el Golfo de M\u00e9xico, que era la zona m\u00e1s h\u00fameda del pa\u00eds pues comprend\u00eda desde Tamaulipas hasta Tabasco.<\/p>\n\n\n\n<p>Por otro lado, \u00c1valos Lozano detall\u00f3 que la situaci\u00f3n que se vive en M\u00e9xico en torno al clima con calor extremo debe dividirse en dos aspectos. Uno a largo plazo como es la sequ\u00eda que nos ha afectado desde marzo del 2023; y en segundo lugar est\u00e1 el fen\u00f3meno denominado \u201cdomo de calor\u201d que es una condici\u00f3n de alta presi\u00f3n que baja calor; situaci\u00f3n que se agrava d\u00eda con d\u00eda, porque ha predominado la falta de lluvia a largo plazo.<\/p>\n\n\n\n<p>El catedr\u00e1tico coment\u00f3 que la poblaci\u00f3n no debe alarmarse, pues ni se incrementan los huracanes, ni se intensifica la intensidad de estos fen\u00f3menos por razones de cambio clim\u00e1tico. Explic\u00f3 que ahora est\u00e1 cayendo m\u00e1s calor sobre M\u00e9xico a trav\u00e9s del \u201cdomo\u201d y est\u00e1 presente el fen\u00f3meno de El Ni\u00f1o, adem\u00e1s de que el sol est\u00e1 en un periodo muy activo, lo cual provoca que la tierra se est\u00e9 calentando m\u00e1s.<\/p>\n\n\n\n<p>La buena noticia, a decir del investigador universitario, es que cada vez se observa m\u00e1s actividad en el Golfo de M\u00e9xico y se acerca la temporada de huracanes que traer\u00e1 las tradicionales lluvias en el mes de agosto y septiembre, lo cual permitir\u00e1 salir de la sequ\u00eda y que para esos meses se normalicen las temperaturas.<\/p>\n\n\n\n<p class=\"has-text-align-right\"><em>Guadalupe Guevara<\/em><\/p>\n","protected":false},"excerpt":{"rendered":"<p>En agosto y septiembre se esperan lluvias. Aunque la temperatura ha venido aumentando, es una&#8230;<\/p>\n","protected":false},"author":12,"featured_media":14499,"comment_status":"closed","ping_status":"closed","sticky":false,"template":"","format":"standard","meta":{"pgc_sgb_lightbox_settings":"","footnotes":""},"categories":[10],"tags":[1442],"class_list":["post-14498","post","type-post","status-publish","format-standard","has-post-thumbnail","hentry","category-investigacion","tag-variclim"],"featured_image_urls":{"full":["https:\/\/wp.uaslp.mx\/noticias\/wp-content\/uploads\/sites\/5\/2024\/05\/82f3c623-0e1e-411c-81d6-533575609a4e.jpg",1600,1066,false],"thumbnail":["https:\/\/wp.uaslp.mx\/noticias\/wp-content\/uploads\/sites\/5\/2024\/05\/82f3c623-0e1e-411c-81d6-533575609a4e-150x150.jpg",150,150,true],"medium":["https:\/\/wp.uaslp.mx\/noticias\/wp-content\/uploads\/sites\/5\/2024\/05\/82f3c623-0e1e-411c-81d6-533575609a4e-1024x682.jpg",1024,682,true],"medium_large":["https:\/\/wp.uaslp.mx\/noticias\/wp-content\/uploads\/sites\/5\/2024\/05\/82f3c623-0e1e-411c-81d6-533575609a4e-768x512.jpg",640,427,true],"large":["https:\/\/wp.uaslp.mx\/noticias\/wp-content\/uploads\/sites\/5\/2024\/05\/82f3c623-0e1e-411c-81d6-533575609a4e.jpg",1600,1066,false],"1536x1536":["https:\/\/wp.uaslp.mx\/noticias\/wp-content\/uploads\/sites\/5\/2024\/05\/82f3c623-0e1e-411c-81d6-533575609a4e-1536x1023.jpg",1536,1023,true],"2048x2048":["https:\/\/wp.uaslp.mx\/noticias\/wp-content\/uploads\/sites\/5\/2024\/05\/82f3c623-0e1e-411c-81d6-533575609a4e.jpg",1600,1066,false],"newsever-slider-full":["https:\/\/wp.uaslp.mx\/noticias\/wp-content\/uploads\/sites\/5\/2024\/05\/82f3c623-0e1e-411c-81d6-533575609a4e-1280x845.jpg",1280,845,true],"newsever-featured":["https:\/\/wp.uaslp.mx\/noticias\/wp-content\/uploads\/sites\/5\/2024\/05\/82f3c623-0e1e-411c-81d6-533575609a4e-1024x682.jpg",1024,682,true],"newsever-medium":["https:\/\/wp.uaslp.mx\/noticias\/wp-content\/uploads\/sites\/5\/2024\/05\/82f3c623-0e1e-411c-81d6-533575609a4e-720x475.jpg",720,475,true],"mailpoet_newsletter_max":["https:\/\/wp.uaslp.mx\/noticias\/wp-content\/uploads\/sites\/5\/2024\/05\/82f3c623-0e1e-411c-81d6-533575609a4e-1320x879.jpg",1320,879,true]},"author_info":{"display_name":"Prensa y difusi\u00f3n","author_link":"https:\/\/wp.uaslp.mx\/noticias\/author\/giovannamorales\/"},"category_info":"<a href=\"https:\/\/wp.uaslp.mx\/noticias\/category\/investigacion\/\" rel=\"category tag\">Investigaci\u00f3n<\/a>","tag_info":"Investigaci\u00f3n","comment_count":"0","_links":{"self":[{"href":"https:\/\/wp.uaslp.mx\/noticias\/wp-json\/wp\/v2\/posts\/14498","targetHints":{"allow":["GET"]}}],"collection":[{"href":"https:\/\/wp.uaslp.mx\/noticias\/wp-json\/wp\/v2\/posts"}],"about":[{"href":"https:\/\/wp.uaslp.mx\/noticias\/wp-json\/wp\/v2\/types\/post"}],"author":[{"embeddable":true,"href":"https:\/\/wp.uaslp.mx\/noticias\/wp-json\/wp\/v2\/users\/12"}],"replies":[{"embeddable":true,"href":"https:\/\/wp.uaslp.mx\/noticias\/wp-json\/wp\/v2\/comments?post=14498"}],"version-history":[{"count":1,"href":"https:\/\/wp.uaslp.mx\/noticias\/wp-json\/wp\/v2\/posts\/14498\/revisions"}],"predecessor-version":[{"id":14500,"href":"https:\/\/wp.uaslp.mx\/noticias\/wp-json\/wp\/v2\/posts\/14498\/revisions\/14500"}],"wp:featuredmedia":[{"embeddable":true,"href":"https:\/\/wp.uaslp.mx\/noticias\/wp-json\/wp\/v2\/media\/14499"}],"wp:attachment":[{"href":"https:\/\/wp.uaslp.mx\/noticias\/wp-json\/wp\/v2\/media?parent=14498"}],"wp:term":[{"taxonomy":"category","embeddable":true,"href":"https:\/\/wp.uaslp.mx\/noticias\/wp-json\/wp\/v2\/categories?post=14498"},{"taxonomy":"post_tag","embeddable":true,"href":"https:\/\/wp.uaslp.mx\/noticias\/wp-json\/wp\/v2\/tags?post=14498"}],"curies":[{"name":"wp","href":"https:\/\/api.w.org\/{rel}","templated":true}]}}