{"id":14276,"date":"2024-05-13T13:50:03","date_gmt":"2024-05-13T18:50:03","guid":{"rendered":"https:\/\/wp.uaslp.mx\/noticias\/?p=14276"},"modified":"2024-05-13T13:50:06","modified_gmt":"2024-05-13T18:50:06","slug":"fen-realizara-una-jornada-academica-por-el-dia-internacional-de-la-enfermeria","status":"publish","type":"post","link":"https:\/\/wp.uaslp.mx\/noticias\/academica\/fen-realizara-una-jornada-academica-por-el-dia-internacional-de-la-enfermeria\/","title":{"rendered":"FEN realizar\u00e1 una \u201cJornada Acad\u00e9mica\u201d por el D\u00eda Internacional de la Enfermer\u00eda"},"content":{"rendered":"\n<p>Para conmemorar al D\u00eda Internacional de la Enfermer\u00eda, la <a href=\"https:\/\/www.enfermerianutricion.uaslp.mx\/#gsc.tab=0\" target=\"_blank\" rel=\"noopener\" title=\"\">Facultad de Enfermer\u00eda y Nutrici\u00f3n<\/a> (FEN) de la Universidad Aut\u00f3noma de San Luis Potos\u00ed (UASLP) invita a la comunidad a su \u201cJornada Acad\u00e9mica\u201d, organizada por el Programa de Especialidad en Enfermer\u00eda Cl\u00ednica Avanzada y el Cuerpo Acad\u00e9mico Cuidado Enfermero: gesti\u00f3n y pr\u00e1ctica profesional, la cual se llevar\u00e1 a cabo el pr\u00f3ximo viernes 17 de mayo.<\/p>\n\n\n\n<p>La doctora Aracely D\u00edaz Oviedo, investigadora l\u00edder del cuerpo acad\u00e9mico, coment\u00f3 que si bien el domingo 12 de mayo fue la celebraci\u00f3n del D\u00eda Internacional, el evento es relevante ya que forma parte de la Semana de la Enfermer\u00eda. Se efectuar\u00e1 de las 13:30 a las 16:10 horas, en el auditorio de la facultad ubicada en Ni\u00f1o Artillero, en la zona universitaria poniente.<\/p>\n\n\n\n<p>En esta ocasi\u00f3n se contar\u00e1 con la participaci\u00f3n de destacados profesionales del \u00e1mbito asistencial, tanto del sector p\u00fablico como del privado, as\u00ed como egresados de la especialidad en Cl\u00ednica Avanzada.<\/p>\n\n\n\n<p>Se abordar\u00e1n diversos temas relevantes, como la historia de la enfermer\u00eda en San Luis Potos\u00ed, UCIN a puertas abiertas, cuidados durante el perioperatorio en pacientes con ces\u00e1rea de urgencia por preclampsia, cuidados para mejorar la lactancia materna en prematuros, y la valoraci\u00f3n e intervenciones de enfermer\u00eda en pacientes mayores con delirium, entre otros.<\/p>\n\n\n\n<p>Por su parte, el Mtro. Edgardo Garc\u00eda Rosas, coordinador de la Especialidad en Cl\u00ednica Avanzada, destac\u00f3 la importancia de establecer un v\u00ednculo s\u00f3lido entre expertos, egresados, docentes y estudiantes para fomentar el intercambio de conocimientos. Asimismo, esta jornada ofrecer\u00e1 una plataforma para que los egresados compartan sus experiencias tanto acad\u00e9micas como laborales, demostrando el impacto positivo que han tenido en el campo de la enfermer\u00eda.<\/p>\n\n\n\n<p>Es importante reiterar que el evento acad\u00e9mico es con entrada libre, sin costo. La Facultad de Enfermer\u00eda y Nutrici\u00f3n de la UASLP recibir\u00e1 a todos aquellos interesados en celebrar y reconocer la labor de las enfermeras y enfermeros, as\u00ed como en ampliar sus conocimientos en este campo vital para la salud p\u00fablica.<\/p>\n\n\n\n<p class=\"has-text-align-right\"><em>Hugo Laussin<\/em><\/p>\n","protected":false},"excerpt":{"rendered":"<p>Para conmemorar al D\u00eda Internacional de la Enfermer\u00eda, la Facultad de Enfermer\u00eda y Nutrici\u00f3n (FEN)&#8230;<\/p>\n","protected":false},"author":12,"featured_media":14277,"comment_status":"closed","ping_status":"closed","sticky":false,"template":"","format":"standard","meta":{"pgc_sgb_lightbox_settings":"","footnotes":""},"categories":[2,5],"tags":[1790,1002,1791],"class_list":["post-14276","post","type-post","status-publish","format-standard","has-post-thumbnail","hentry","category-academica","category-comunidad","tag-dia-internacional-de-la-enfermeria","tag-facultad-de-enfermeria","tag-jornada-academica"],"featured_image_urls":{"full":["https:\/\/wp.uaslp.mx\/noticias\/wp-content\/uploads\/sites\/5\/2024\/05\/Programa-de-Especialidad-en-Enfermeria-Clinica-Avanzada.jpeg",1600,1200,false],"thumbnail":["https:\/\/wp.uaslp.mx\/noticias\/wp-content\/uploads\/sites\/5\/2024\/05\/Programa-de-Especialidad-en-Enfermeria-Clinica-Avanzada-150x150.jpeg",150,150,true],"medium":["https:\/\/wp.uaslp.mx\/noticias\/wp-content\/uploads\/sites\/5\/2024\/05\/Programa-de-Especialidad-en-Enfermeria-Clinica-Avanzada-1024x768.jpeg",1024,768,true],"medium_large":["https:\/\/wp.uaslp.mx\/noticias\/wp-content\/uploads\/sites\/5\/2024\/05\/Programa-de-Especialidad-en-Enfermeria-Clinica-Avanzada-768x576.jpeg",640,480,true],"large":["https:\/\/wp.uaslp.mx\/noticias\/wp-content\/uploads\/sites\/5\/2024\/05\/Programa-de-Especialidad-en-Enfermeria-Clinica-Avanzada.jpeg",1600,1200,false],"1536x1536":["https:\/\/wp.uaslp.mx\/noticias\/wp-content\/uploads\/sites\/5\/2024\/05\/Programa-de-Especialidad-en-Enfermeria-Clinica-Avanzada-1536x1152.jpeg",1536,1152,true],"2048x2048":["https:\/\/wp.uaslp.mx\/noticias\/wp-content\/uploads\/sites\/5\/2024\/05\/Programa-de-Especialidad-en-Enfermeria-Clinica-Avanzada.jpeg",1600,1200,false],"newsever-slider-full":["https:\/\/wp.uaslp.mx\/noticias\/wp-content\/uploads\/sites\/5\/2024\/05\/Programa-de-Especialidad-en-Enfermeria-Clinica-Avanzada-1280x845.jpeg",1280,845,true],"newsever-featured":["https:\/\/wp.uaslp.mx\/noticias\/wp-content\/uploads\/sites\/5\/2024\/05\/Programa-de-Especialidad-en-Enfermeria-Clinica-Avanzada-1024x768.jpeg",1024,768,true],"newsever-medium":["https:\/\/wp.uaslp.mx\/noticias\/wp-content\/uploads\/sites\/5\/2024\/05\/Programa-de-Especialidad-en-Enfermeria-Clinica-Avanzada-720x475.jpeg",720,475,true],"mailpoet_newsletter_max":["https:\/\/wp.uaslp.mx\/noticias\/wp-content\/uploads\/sites\/5\/2024\/05\/Programa-de-Especialidad-en-Enfermeria-Clinica-Avanzada-1320x990.jpeg",1320,990,true]},"author_info":{"display_name":"Prensa y difusi\u00f3n","author_link":"https:\/\/wp.uaslp.mx\/noticias\/author\/giovannamorales\/"},"category_info":"<a href=\"https:\/\/wp.uaslp.mx\/noticias\/category\/academica\/\" rel=\"category tag\">Acad\u00e9mica<\/a> <a href=\"https:\/\/wp.uaslp.mx\/noticias\/category\/comunidad\/\" rel=\"category tag\">Comunidad<\/a>","tag_info":"Comunidad","comment_count":"0","_links":{"self":[{"href":"https:\/\/wp.uaslp.mx\/noticias\/wp-json\/wp\/v2\/posts\/14276","targetHints":{"allow":["GET"]}}],"collection":[{"href":"https:\/\/wp.uaslp.mx\/noticias\/wp-json\/wp\/v2\/posts"}],"about":[{"href":"https:\/\/wp.uaslp.mx\/noticias\/wp-json\/wp\/v2\/types\/post"}],"author":[{"embeddable":true,"href":"https:\/\/wp.uaslp.mx\/noticias\/wp-json\/wp\/v2\/users\/12"}],"replies":[{"embeddable":true,"href":"https:\/\/wp.uaslp.mx\/noticias\/wp-json\/wp\/v2\/comments?post=14276"}],"version-history":[{"count":1,"href":"https:\/\/wp.uaslp.mx\/noticias\/wp-json\/wp\/v2\/posts\/14276\/revisions"}],"predecessor-version":[{"id":14278,"href":"https:\/\/wp.uaslp.mx\/noticias\/wp-json\/wp\/v2\/posts\/14276\/revisions\/14278"}],"wp:featuredmedia":[{"embeddable":true,"href":"https:\/\/wp.uaslp.mx\/noticias\/wp-json\/wp\/v2\/media\/14277"}],"wp:attachment":[{"href":"https:\/\/wp.uaslp.mx\/noticias\/wp-json\/wp\/v2\/media?parent=14276"}],"wp:term":[{"taxonomy":"category","embeddable":true,"href":"https:\/\/wp.uaslp.mx\/noticias\/wp-json\/wp\/v2\/categories?post=14276"},{"taxonomy":"post_tag","embeddable":true,"href":"https:\/\/wp.uaslp.mx\/noticias\/wp-json\/wp\/v2\/tags?post=14276"}],"curies":[{"name":"wp","href":"https:\/\/api.w.org\/{rel}","templated":true}]}}