{"id":13863,"date":"2024-04-19T15:31:44","date_gmt":"2024-04-19T20:31:44","guid":{"rendered":"https:\/\/wp.uaslp.mx\/noticias\/?p=13863"},"modified":"2024-04-19T15:34:30","modified_gmt":"2024-04-19T20:34:30","slug":"uciis-de-la-uaslp-invita-a-su-programa-gratuito-de-apoyo-a-la-lactancia-materna","status":"publish","type":"post","link":"https:\/\/wp.uaslp.mx\/noticias\/academica\/uciis-de-la-uaslp-invita-a-su-programa-gratuito-de-apoyo-a-la-lactancia-materna\/","title":{"rendered":"UCIIS de la UASLP invita a su programa gratuito de apoyo a la lactancia materna"},"content":{"rendered":"\n<p>Como parte de las acciones de vinculaci\u00f3n social que mantiene la Universidad Aut\u00f3noma de San Luis Potos\u00ed (UASLP), la <a href=\"https:\/\/www.enfermerianutricion.uaslp.mx\/#gsc.tab=0\" target=\"_blank\" rel=\"noopener\" title=\"\">Facultad de Enfermer\u00eda y Nutrici\u00f3n<\/a> (FEN) a trav\u00e9s de la <a href=\"https:\/\/www.facebook.com\/profile.php?id=100057619682226&amp;locale=es_LA\" target=\"_blank\" rel=\"noopener\" title=\"\">Unidad de Cuidados Integrales e Investigaci\u00f3n en Salud (UCIIS)<\/a> y con el lema Lactando por la vida <a href=\"https:\/\/docs.google.com\/forms\/d\/e\/1FAIpQLSdvsUtbykPfUN9uNgDjrAONFsru1_iXeuJs7feBikc8WKbFOw\/viewform\" target=\"_blank\" rel=\"noopener\" title=\"\">\u201cTu calor con sabor a leche<\/a>: encuentros de amor y apoyo\u201d, invita a madres lactantes y futuras mam\u00e1s a su programa de apoyo a la lactancia materna, que tendr\u00e1 sesiones gratuitas de manera h\u00edbrida durante abril y mayo de 2024.<\/p>\n\n\n\n<p>La doctora Antonieta de Jes\u00fas Banda P\u00e9rez, docente de la FEN, indic\u00f3 que este programa naci\u00f3 en la UCIIS, a instancias de la pasante Aranza Ortiz y del maestro Diego Ismael Camarillo Vel\u00e1zquez, profesor de la misma facultad, con la finalidad de apoyar a las mam\u00e1s con la participaci\u00f3n de estudiantes.<\/p>\n\n\n\n<p>Explic\u00f3 que la lactancia es muy importante para los beb\u00e9s para protegerlos de infecciones gastrointestinales y respiratorias. \u201cLa leche materna es \u00fanica ya que ning\u00fan suplemento puede sustituirla. Por lo que este programa de apoyo tiene como finalidad celebrar y fortalecer esa experiencia \u00fanica y valiosa\u201d, detall\u00f3, tras asegurar que se busca consolidar a una comunidad, en donde las madres puedan encontrar comprensi\u00f3n y sobre todo, la sabidur\u00eda colectiva para poder apoyarse entre todas.<\/p>\n\n\n\n<p>Por ello, es que ha preparado un programa que inici\u00f3 desde noviembre del 2023 donde se han llevado a cabo una serie de sesiones abordando diferentes tem\u00e1ticas como son: el calostro, la nutrici\u00f3n en el embarazo y depresi\u00f3n post-parto, en donde participan docentes, enfermeras, consejeras de lactancia materna, entre otras.<\/p>\n\n\n\n<p>Sobre las actividades a desarrollarse, se tiene contemplada la impartici\u00f3n de la charla \u201cExplorando nuevos sabores: la alimentaci\u00f3n complementaria en beb\u00e9s\u201d, la cual estar\u00e1 a cargo de la pasante de Nutrici\u00f3n de la UCIIS, Cytlali Castillo Ju\u00e1rez y que tendr\u00e1 lugar el pr\u00f3ximo martes 23 de abril.<\/p>\n\n\n\n<p>Mientras que el 07 de mayo se contar\u00e1 con la presencia de la doctora Daniela Garc\u00eda Fajardo, quien es pediatra especializada en diagn\u00f3stico y tratamiento de enfermedades al\u00e9rgicas e inmunol\u00f3gicas, el tema que abordar\u00e1 es \u201cAfrontando desaf\u00edos iniciales: APLV (alergia a la prote\u00edna de la leche de vaca) en beb\u00e9 menores de un a\u00f1o\u201d. Para el 21 de mayo se presentar\u00e1 la conferencia \u201cDescifrando los mitos y realidades: verdades esenciales sobre la lactancia materna\u201d, que correr\u00e1 por parte de la misma doctora Antonieta de Jes\u00fas Banda P\u00e9rez.<\/p>\n\n\n\n<p>Las conferencias se realizar\u00e1n de forma presencial en la UCIIS a las 11:30 horas, de manera gratuita y con entrada libre, en Calle 99 #825, Col. El Palmar. Para mayores informes e inscripciones, las interesadas pueden comunicarse al 444 831 58 35 o al correo electr\u00f3nico antonieta.banda@uaslp.mx. El registro en l\u00ednea se realiza en:<\/p>\n\n\n\n<p><a href=\"https:\/\/docs.google.com\/forms\/d\/e\/1FAIpQLSdvsUtbykPfUN9uNgDjrAONFsru1_iXeuJs7feBikc8WKbFOw\/viewform\">https:\/\/docs.google.com\/forms\/d\/e\/1FAIpQLSdvsUtbykPfUN9uNgDjrAONFsru1_iXeuJs7feBikc8WKbFOw\/viewform<\/a><\/p>\n\n\n\n<p class=\"has-text-align-right\"><em>Am\u00e9rica Reyes<\/em><\/p>\n\n\n\n<figure class=\"wp-block-gallery has-nested-images columns-default is-cropped wp-block-gallery-1 is-layout-flex wp-block-gallery-is-layout-flex\">\n<figure class=\"wp-block-image size-large\"><a href=\"https:\/\/wp.uaslp.mx\/noticias\/wp-content\/uploads\/sites\/5\/2024\/04\/thumbnail_Lactando-por-la-vida-1.jpg\"><img loading=\"lazy\" decoding=\"async\" width=\"640\" height=\"1600\" data-id=\"13868\" src=\"https:\/\/wp.uaslp.mx\/noticias\/wp-content\/uploads\/sites\/5\/2024\/04\/thumbnail_Lactando-por-la-vida-1.jpg\" alt=\"\" class=\"wp-image-13868\" srcset=\"https:\/\/wp.uaslp.mx\/noticias\/wp-content\/uploads\/sites\/5\/2024\/04\/thumbnail_Lactando-por-la-vida-1.jpg 640w, https:\/\/wp.uaslp.mx\/noticias\/wp-content\/uploads\/sites\/5\/2024\/04\/thumbnail_Lactando-por-la-vida-1-410x1024.jpg 410w, https:\/\/wp.uaslp.mx\/noticias\/wp-content\/uploads\/sites\/5\/2024\/04\/thumbnail_Lactando-por-la-vida-1-614x1536.jpg 614w\" sizes=\"auto, (max-width: 640px) 100vw, 640px\" \/><\/a><\/figure>\n<\/figure>\n","protected":false},"excerpt":{"rendered":"<p>Como parte de las acciones de vinculaci\u00f3n social que mantiene la Universidad Aut\u00f3noma de San&#8230;<\/p>\n","protected":false},"author":12,"featured_media":13864,"comment_status":"closed","ping_status":"closed","sticky":false,"template":"","format":"standard","meta":{"pgc_sgb_lightbox_settings":"","footnotes":""},"categories":[2],"tags":[1002,1120,877],"class_list":["post-13863","post","type-post","status-publish","format-standard","has-post-thumbnail","hentry","category-academica","tag-facultad-de-enfermeria","tag-lactancia-materna","tag-uciis"],"featured_image_urls":{"full":["https:\/\/wp.uaslp.mx\/noticias\/wp-content\/uploads\/sites\/5\/2024\/04\/Diseno-sin-titulo-25.png",1800,1200,false],"thumbnail":["https:\/\/wp.uaslp.mx\/noticias\/wp-content\/uploads\/sites\/5\/2024\/04\/Diseno-sin-titulo-25-150x150.png",150,150,true],"medium":["https:\/\/wp.uaslp.mx\/noticias\/wp-content\/uploads\/sites\/5\/2024\/04\/Diseno-sin-titulo-25-1024x683.png",1024,683,true],"medium_large":["https:\/\/wp.uaslp.mx\/noticias\/wp-content\/uploads\/sites\/5\/2024\/04\/Diseno-sin-titulo-25-768x512.png",640,427,true],"large":["https:\/\/wp.uaslp.mx\/noticias\/wp-content\/uploads\/sites\/5\/2024\/04\/Diseno-sin-titulo-25.png",1800,1200,false],"1536x1536":["https:\/\/wp.uaslp.mx\/noticias\/wp-content\/uploads\/sites\/5\/2024\/04\/Diseno-sin-titulo-25-1536x1024.png",1536,1024,true],"2048x2048":["https:\/\/wp.uaslp.mx\/noticias\/wp-content\/uploads\/sites\/5\/2024\/04\/Diseno-sin-titulo-25.png",1800,1200,false],"newsever-slider-full":["https:\/\/wp.uaslp.mx\/noticias\/wp-content\/uploads\/sites\/5\/2024\/04\/Diseno-sin-titulo-25-1280x845.png",1280,845,true],"newsever-featured":["https:\/\/wp.uaslp.mx\/noticias\/wp-content\/uploads\/sites\/5\/2024\/04\/Diseno-sin-titulo-25-1024x683.png",1024,683,true],"newsever-medium":["https:\/\/wp.uaslp.mx\/noticias\/wp-content\/uploads\/sites\/5\/2024\/04\/Diseno-sin-titulo-25-720x475.png",720,475,true],"mailpoet_newsletter_max":["https:\/\/wp.uaslp.mx\/noticias\/wp-content\/uploads\/sites\/5\/2024\/04\/Diseno-sin-titulo-25-1320x880.png",1320,880,true]},"author_info":{"display_name":"Prensa y difusi\u00f3n","author_link":"https:\/\/wp.uaslp.mx\/noticias\/author\/giovannamorales\/"},"category_info":"<a href=\"https:\/\/wp.uaslp.mx\/noticias\/category\/academica\/\" rel=\"category tag\">Acad\u00e9mica<\/a>","tag_info":"Acad\u00e9mica","comment_count":"0","_links":{"self":[{"href":"https:\/\/wp.uaslp.mx\/noticias\/wp-json\/wp\/v2\/posts\/13863","targetHints":{"allow":["GET"]}}],"collection":[{"href":"https:\/\/wp.uaslp.mx\/noticias\/wp-json\/wp\/v2\/posts"}],"about":[{"href":"https:\/\/wp.uaslp.mx\/noticias\/wp-json\/wp\/v2\/types\/post"}],"author":[{"embeddable":true,"href":"https:\/\/wp.uaslp.mx\/noticias\/wp-json\/wp\/v2\/users\/12"}],"replies":[{"embeddable":true,"href":"https:\/\/wp.uaslp.mx\/noticias\/wp-json\/wp\/v2\/comments?post=13863"}],"version-history":[{"count":3,"href":"https:\/\/wp.uaslp.mx\/noticias\/wp-json\/wp\/v2\/posts\/13863\/revisions"}],"predecessor-version":[{"id":13869,"href":"https:\/\/wp.uaslp.mx\/noticias\/wp-json\/wp\/v2\/posts\/13863\/revisions\/13869"}],"wp:featuredmedia":[{"embeddable":true,"href":"https:\/\/wp.uaslp.mx\/noticias\/wp-json\/wp\/v2\/media\/13864"}],"wp:attachment":[{"href":"https:\/\/wp.uaslp.mx\/noticias\/wp-json\/wp\/v2\/media?parent=13863"}],"wp:term":[{"taxonomy":"category","embeddable":true,"href":"https:\/\/wp.uaslp.mx\/noticias\/wp-json\/wp\/v2\/categories?post=13863"},{"taxonomy":"post_tag","embeddable":true,"href":"https:\/\/wp.uaslp.mx\/noticias\/wp-json\/wp\/v2\/tags?post=13863"}],"curies":[{"name":"wp","href":"https:\/\/api.w.org\/{rel}","templated":true}]}}