{"id":13777,"date":"2024-04-12T16:00:00","date_gmt":"2024-04-12T21:00:00","guid":{"rendered":"https:\/\/wp.uaslp.mx\/noticias\/?p=13777"},"modified":"2024-04-15T12:00:20","modified_gmt":"2024-04-15T17:00:20","slug":"uaslp-trabaja-en-la-implementacion-de-ejes-de-paz-derechos-humanos-y-perspectiva-de-genero","status":"publish","type":"post","link":"https:\/\/wp.uaslp.mx\/noticias\/academica\/uaslp-trabaja-en-la-implementacion-de-ejes-de-paz-derechos-humanos-y-perspectiva-de-genero\/","title":{"rendered":"UASLP trabaja en la implementaci\u00f3n de ejes de Paz, Derechos Humanos y Perspectiva de G\u00e9nero"},"content":{"rendered":"\n<p class=\"wp-block-paragraph\">La Universidad Aut\u00f3noma de San Luis Potos\u00ed a trav\u00e9s de la <a href=\"https:\/\/www.psicologia.uaslp.mx\/#gsc.tab=0\" target=\"_blank\" rel=\"noopener\" title=\"\">Facultad de Psicolog\u00eda<\/a>, en colaboraci\u00f3n con la <a href=\"http:\/\/www.anuies.mx\/\" target=\"_blank\" rel=\"noopener\" title=\"\">Asociaci\u00f3n Nacional de Universidades e Instituciones de Educaci\u00f3n Superior<\/a> (ANUIES) y Peraj M\u00e9xico, A.C., realizaron la Clausura del Curso de Capacitaci\u00f3n, \u201cMentor\u00edas basadas en Educaci\u00f3n para la Paz\u201d. El evento tuvo lugar en el Aula A4 de la Facultad de Psicolog\u00eda.<\/p>\n\n\n\n<p class=\"wp-block-paragraph\">Este curso de mentor\u00edas es una iniciativa de la ANUIES para convocar a expertos en tema de paz, para el dise\u00f1o, implementaci\u00f3n y evaluaci\u00f3n del curso, con miras a la integraci\u00f3n del eje de Paz y Derechos Humanos. Cabe destacar que la UASLP es una de cuatro universidades del pa\u00eds en que se est\u00e1 llevando esta actividad, espec\u00edficamente en la Facultad de Psicolog\u00eda, misma que se ha implementado desde el a\u00f1o 2009.<\/p>\n\n\n\n<p class=\"wp-block-paragraph\">En esta ocasi\u00f3n concluyeron el curso alrededor de 30 estudiantes, tanto de la Universidad Aut\u00f3noma de San Luis Potos\u00ed, como de la Universidad Aut\u00f3noma de Zacatecas.<\/p>\n\n\n\n<p class=\"wp-block-paragraph\">El programa Peraj \u201cInspirando futuros\u201d, es un programa nacional en el que j\u00f3venes universitarios fungen como mentores, convirti\u00e9ndose as\u00ed en modelo positivo para ni\u00f1as y ni\u00f1os en condiciones vulnerables, apoy\u00e1ndolos y motiv\u00e1ndolos para desarrollar su m\u00e1ximo potencial, y que actualmente participan en el programa, con un enfoque de Paz y Perspectiva de G\u00e9nero.<\/p>\n\n\n\n<p class=\"wp-block-paragraph\">En su mensaje, el maestro Jorge Alberto P\u00e9rez responsable de la Secretar\u00eda Acad\u00e9mica de la Instituci\u00f3n, destac\u00f3 la importancia de este programa que no es ajeno a la UASLP, ya que la Facultad de Psicolog\u00eda ha venido trabajando desde hace muchos a\u00f1os, sobre todo el tema de la responsabilidad social desde su creaci\u00f3n.<\/p>\n\n\n\n<p class=\"wp-block-paragraph\">Se\u00f1al\u00f3 tambi\u00e9n que la UASLP es una instituci\u00f3n comprometida con la sociedad y el desarrollo de M\u00e9xico, haciendo \u00e9nfasis en la responsabilidad y liderazgo social de su propio contexto y de las problem\u00e1ticas m\u00e1s sensibles de las comunidades cercanas.<\/p>\n\n\n\n<p class=\"wp-block-paragraph\">Por su parte, la licenciada Elo\u00edsa Arango indic\u00f3 la importancia de este curso, el cual puede ser replicado, no solo en las escuelas, sino tambi\u00e9n en su comunidad y la familia, \u201custedes son la inspiraci\u00f3n de ni\u00f1as y ni\u00f1os; hoy en d\u00eda tenemos una responsabilidad mayor al estar en un pa\u00eds que atraviesa momentos complicados, donde tienen que hacer cambios y tomar esta informaci\u00f3n para que tengamos paz\u201d.<\/p>\n\n\n\n<p class=\"wp-block-paragraph\">En la ceremonia se cont\u00f3 con la presencia del maestro Jorge Alberto P\u00e9rez Gonz\u00e1lez, titular de la Secretar\u00eda Acad\u00e9mica de la Instituci\u00f3n, en representaci\u00f3n del doctor Alejandro Javier Zerme\u00f1o Guerra, rector de la UASLP; as\u00ed como del maestro Gylmar Mariel C\u00e1rdenas, responsable de la Secretar\u00eda de Vinculaci\u00f3n Social; la licenciada Elo\u00edsa Arango Castro, directora de Peraj M\u00e9xico, A.C., y el doctor Omar S\u00e1nchez-Arm\u00e1ss Capello, director de la Facultad de Psicolog\u00eda.<\/p>\n\n\n\n<p class=\"wp-block-paragraph\">Tambi\u00e9n asistieron la maestra Mar\u00eda Beatriz Castillo Escamilla, responsable de Servicio Social de la ANUIES; maestra Mar\u00eda Guadalupe Olvera Le\u00f3n, coordinadora de Extensi\u00f3n y Responsabilidad Social de la Facultad de Psciolog\u00eda; maestra Mar\u00eda Guadalupe Rodr\u00edguez Ferretiz, responsable del Programa Peraj de la Facultad de Psicolog\u00eda; maestra Ver\u00f3nica G\u00f3mez, gerente de Relaciones Comunitarias ATCO y la licenciada Mariana Aleida Bernal Calder\u00f3n, de Alianzas Institucionales y Procuraci\u00f3n de Fondos Peraj M\u00e9xico, A.C.<\/p>\n\n\n\n<p class=\"has-text-align-right wp-block-paragraph\"><em>Am\u00e9rica Reyes<\/em><\/p>\n\n\n\n<figure class=\"wp-block-gallery has-nested-images columns-default is-cropped wp-block-gallery-1 is-layout-flex wp-block-gallery-is-layout-flex\">\n<figure class=\"wp-block-image size-large\"><a href=\"https:\/\/wp.uaslp.mx\/noticias\/wp-content\/uploads\/sites\/5\/2024\/04\/thumbnail_76a8f047-bf71-42fe-907f-054d72e89e93-1.jpg\"><img loading=\"lazy\" decoding=\"async\" width=\"1600\" height=\"800\" data-id=\"13782\" src=\"https:\/\/wp.uaslp.mx\/noticias\/wp-content\/uploads\/sites\/5\/2024\/04\/thumbnail_76a8f047-bf71-42fe-907f-054d72e89e93-1.jpg\" alt=\"\" class=\"wp-image-13782\" srcset=\"https:\/\/wp.uaslp.mx\/noticias\/wp-content\/uploads\/sites\/5\/2024\/04\/thumbnail_76a8f047-bf71-42fe-907f-054d72e89e93-1.jpg 1600w, https:\/\/wp.uaslp.mx\/noticias\/wp-content\/uploads\/sites\/5\/2024\/04\/thumbnail_76a8f047-bf71-42fe-907f-054d72e89e93-1-1024x512.jpg 1024w, https:\/\/wp.uaslp.mx\/noticias\/wp-content\/uploads\/sites\/5\/2024\/04\/thumbnail_76a8f047-bf71-42fe-907f-054d72e89e93-1-768x384.jpg 768w, https:\/\/wp.uaslp.mx\/noticias\/wp-content\/uploads\/sites\/5\/2024\/04\/thumbnail_76a8f047-bf71-42fe-907f-054d72e89e93-1-1536x768.jpg 1536w, https:\/\/wp.uaslp.mx\/noticias\/wp-content\/uploads\/sites\/5\/2024\/04\/thumbnail_76a8f047-bf71-42fe-907f-054d72e89e93-1-1320x660.jpg 1320w\" sizes=\"auto, (max-width: 1600px) 100vw, 1600px\" \/><\/a><\/figure>\n\n\n\n<figure class=\"wp-block-image size-large\"><a href=\"https:\/\/wp.uaslp.mx\/noticias\/wp-content\/uploads\/sites\/5\/2024\/04\/thumbnail_79a54f8c-1996-47bb-a577-3cc16967e15b.jpg\"><img loading=\"lazy\" decoding=\"async\" width=\"1600\" height=\"1066\" data-id=\"13783\" src=\"https:\/\/wp.uaslp.mx\/noticias\/wp-content\/uploads\/sites\/5\/2024\/04\/thumbnail_79a54f8c-1996-47bb-a577-3cc16967e15b.jpg\" alt=\"\" class=\"wp-image-13783\" srcset=\"https:\/\/wp.uaslp.mx\/noticias\/wp-content\/uploads\/sites\/5\/2024\/04\/thumbnail_79a54f8c-1996-47bb-a577-3cc16967e15b.jpg 1600w, https:\/\/wp.uaslp.mx\/noticias\/wp-content\/uploads\/sites\/5\/2024\/04\/thumbnail_79a54f8c-1996-47bb-a577-3cc16967e15b-1024x682.jpg 1024w, https:\/\/wp.uaslp.mx\/noticias\/wp-content\/uploads\/sites\/5\/2024\/04\/thumbnail_79a54f8c-1996-47bb-a577-3cc16967e15b-768x512.jpg 768w, https:\/\/wp.uaslp.mx\/noticias\/wp-content\/uploads\/sites\/5\/2024\/04\/thumbnail_79a54f8c-1996-47bb-a577-3cc16967e15b-1536x1023.jpg 1536w, https:\/\/wp.uaslp.mx\/noticias\/wp-content\/uploads\/sites\/5\/2024\/04\/thumbnail_79a54f8c-1996-47bb-a577-3cc16967e15b-1320x879.jpg 1320w\" sizes=\"auto, (max-width: 1600px) 100vw, 1600px\" \/><\/a><\/figure>\n<\/figure>\n","protected":false},"excerpt":{"rendered":"<p>La Universidad Aut\u00f3noma de San Luis Potos\u00ed a trav\u00e9s de la Facultad de Psicolog\u00eda, en&#8230;<\/p>\n","protected":false},"author":12,"featured_media":13778,"comment_status":"closed","ping_status":"closed","sticky":false,"template":"","format":"standard","meta":{"pgc_sgb_lightbox_settings":"","footnotes":"","_members_access_role":[],"_members_access_error":""},"categories":[2,5],"tags":[45,231,316,1603],"class_list":["post-13777","post","type-post","status-publish","format-standard","has-post-thumbnail","hentry","category-academica","category-comunidad","tag-anuies","tag-derechos-humanos","tag-facultad-de-psicologia","tag-paz"],"featured_image_urls":{"full":["https:\/\/wp.uaslp.mx\/noticias\/wp-content\/uploads\/sites\/5\/2024\/04\/thumbnail_ebd078c8-dfa0-49d6-8125-9d4290d1b1cf.jpg",1600,1066,false],"thumbnail":["https:\/\/wp.uaslp.mx\/noticias\/wp-content\/uploads\/sites\/5\/2024\/04\/thumbnail_ebd078c8-dfa0-49d6-8125-9d4290d1b1cf-150x150.jpg",150,150,true],"medium":["https:\/\/wp.uaslp.mx\/noticias\/wp-content\/uploads\/sites\/5\/2024\/04\/thumbnail_ebd078c8-dfa0-49d6-8125-9d4290d1b1cf-1024x682.jpg",1024,682,true],"medium_large":["https:\/\/wp.uaslp.mx\/noticias\/wp-content\/uploads\/sites\/5\/2024\/04\/thumbnail_ebd078c8-dfa0-49d6-8125-9d4290d1b1cf-768x512.jpg",640,427,true],"large":["https:\/\/wp.uaslp.mx\/noticias\/wp-content\/uploads\/sites\/5\/2024\/04\/thumbnail_ebd078c8-dfa0-49d6-8125-9d4290d1b1cf.jpg",1600,1066,false],"1536x1536":["https:\/\/wp.uaslp.mx\/noticias\/wp-content\/uploads\/sites\/5\/2024\/04\/thumbnail_ebd078c8-dfa0-49d6-8125-9d4290d1b1cf-1536x1023.jpg",1536,1023,true],"2048x2048":["https:\/\/wp.uaslp.mx\/noticias\/wp-content\/uploads\/sites\/5\/2024\/04\/thumbnail_ebd078c8-dfa0-49d6-8125-9d4290d1b1cf.jpg",1600,1066,false],"newsever-slider-full":["https:\/\/wp.uaslp.mx\/noticias\/wp-content\/uploads\/sites\/5\/2024\/04\/thumbnail_ebd078c8-dfa0-49d6-8125-9d4290d1b1cf-1280x845.jpg",1280,845,true],"newsever-featured":["https:\/\/wp.uaslp.mx\/noticias\/wp-content\/uploads\/sites\/5\/2024\/04\/thumbnail_ebd078c8-dfa0-49d6-8125-9d4290d1b1cf-1024x682.jpg",1024,682,true],"newsever-medium":["https:\/\/wp.uaslp.mx\/noticias\/wp-content\/uploads\/sites\/5\/2024\/04\/thumbnail_ebd078c8-dfa0-49d6-8125-9d4290d1b1cf-720x475.jpg",720,475,true],"mailpoet_newsletter_max":["https:\/\/wp.uaslp.mx\/noticias\/wp-content\/uploads\/sites\/5\/2024\/04\/thumbnail_ebd078c8-dfa0-49d6-8125-9d4290d1b1cf-1320x879.jpg",1320,879,true]},"author_info":{"display_name":"Prensa y difusi\u00f3n","author_link":"https:\/\/wp.uaslp.mx\/noticias\/author\/giovannamorales\/"},"category_info":"<a href=\"https:\/\/wp.uaslp.mx\/noticias\/category\/academica\/\" rel=\"category tag\">Acad\u00e9mica<\/a> <a href=\"https:\/\/wp.uaslp.mx\/noticias\/category\/comunidad\/\" rel=\"category tag\">Comunidad<\/a>","tag_info":"Comunidad","comment_count":"0","_links":{"self":[{"href":"https:\/\/wp.uaslp.mx\/noticias\/wp-json\/wp\/v2\/posts\/13777","targetHints":{"allow":["GET"]}}],"collection":[{"href":"https:\/\/wp.uaslp.mx\/noticias\/wp-json\/wp\/v2\/posts"}],"about":[{"href":"https:\/\/wp.uaslp.mx\/noticias\/wp-json\/wp\/v2\/types\/post"}],"author":[{"embeddable":true,"href":"https:\/\/wp.uaslp.mx\/noticias\/wp-json\/wp\/v2\/users\/12"}],"replies":[{"embeddable":true,"href":"https:\/\/wp.uaslp.mx\/noticias\/wp-json\/wp\/v2\/comments?post=13777"}],"version-history":[{"count":1,"href":"https:\/\/wp.uaslp.mx\/noticias\/wp-json\/wp\/v2\/posts\/13777\/revisions"}],"predecessor-version":[{"id":13784,"href":"https:\/\/wp.uaslp.mx\/noticias\/wp-json\/wp\/v2\/posts\/13777\/revisions\/13784"}],"wp:featuredmedia":[{"embeddable":true,"href":"https:\/\/wp.uaslp.mx\/noticias\/wp-json\/wp\/v2\/media\/13778"}],"wp:attachment":[{"href":"https:\/\/wp.uaslp.mx\/noticias\/wp-json\/wp\/v2\/media?parent=13777"}],"wp:term":[{"taxonomy":"category","embeddable":true,"href":"https:\/\/wp.uaslp.mx\/noticias\/wp-json\/wp\/v2\/categories?post=13777"},{"taxonomy":"post_tag","embeddable":true,"href":"https:\/\/wp.uaslp.mx\/noticias\/wp-json\/wp\/v2\/tags?post=13777"}],"curies":[{"name":"wp","href":"https:\/\/api.w.org\/{rel}","templated":true}]}}