{"id":13485,"date":"2024-03-17T09:00:00","date_gmt":"2024-03-17T14:00:00","guid":{"rendered":"https:\/\/wp.uaslp.mx\/noticias\/?p=13485"},"modified":"2024-03-19T13:08:34","modified_gmt":"2024-03-19T18:08:34","slug":"invitan-al-curso-teoria-literaria-feminista-en-la-facultad-de-ciencias-sociales-y-humanidades","status":"publish","type":"post","link":"https:\/\/wp.uaslp.mx\/noticias\/academica\/invitan-al-curso-teoria-literaria-feminista-en-la-facultad-de-ciencias-sociales-y-humanidades\/","title":{"rendered":"Invitan al curso \u201cTeor\u00eda Literaria Feminista\u201d en la Facultad de Ciencias Sociales y Humanidades"},"content":{"rendered":"\n<p>La <a href=\"https:\/\/sociales.uaslp.mx\/#gsc.tab=0\" target=\"_blank\" rel=\"noopener\" title=\"\">Facultad de Ciencias Sociales y Humanidades de la Universidad Aut\u00f3noma de San Luis Potos\u00ed <\/a>(UASLP) anuncia la tercera edici\u00f3n del curso \u201cTeor\u00eda Literaria Feminista\u201d, a cargo de la destacada investigadora Dra. Guadalupe El\u00edas Arriaga.<\/p>\n\n\n\n<p>Con una respuesta entusiasta del p\u00fablico en ediciones anteriores, este curso se ofrece de manera h\u00edbrida, combinando clases presenciales y en l\u00ednea, para garantizar la accesibilidad a todas las personas interesadas, independientemente de sus circunstancias.<\/p>\n\n\n\n<p>\u201cEste curso es para cualquier persona interesada en conocer las bases te\u00f3ricas de la cr\u00edtica literaria feminista\u201d, se\u00f1al\u00f3 la Dra. El\u00edas Arriaga. Adem\u00e1s, destac\u00f3 el auge actual de las escritoras mexicanas y el surgimiento de nuevos talentos en los medios y editoriales, lo que motiva a entender el contexto y origen de estas reivindicaciones.<\/p>\n\n\n\n<p>La teor\u00eda literaria feminista, derivada de la teor\u00eda feminista en general, proporciona herramientas para comprender no solo la escritura de mujeres, sino tambi\u00e9n la literatura en su conjunto. Desde los cursos de estudios de las mujeres en las universidades estadunidenses en los a\u00f1os 70 hasta la actualidad, se ha desarrollado una cr\u00edtica que busca representar y abordar las problem\u00e1ticas de g\u00e9nero en la literatura, se\u00f1al\u00f3.<\/p>\n\n\n\n<p>El curso consta de 10 sesiones, que se llevar\u00e1n a cabo los martes de las 16:00 a las 19:00 hrs., comenzando el 16 de abril y culminando el 18 de junio. El costo de inscripci\u00f3n es de mil 250 pesos y los interesados pueden registrarse en la Facultad de Ciencias Sociales y Humanidades, Educaci\u00f3n Continua, o contactando a la maestra Heidi Cedeno a trav\u00e9s del correo&nbsp;<a href=\"mailto:h.cedeno@uaslp.mx\">h.cedeno@uaslp.mx<\/a>.<\/p>\n\n\n\n<p>Por \u00faltimo, se\u00f1al\u00f3 que este espacio de aprendizaje est\u00e1 abierto a todo p\u00fablico y promueve un ambiente inclusivo, seguro y diverso. Adem\u00e1s, tiene valor curricular, ofreciendo herramientas cr\u00edticas para analizar la literatura escrita por mujeres y hombres por igual. \u2002<\/p>\n\n\n\n<p class=\"has-text-align-right\"><em>Hugo Laussin<\/em><\/p>\n\n\n\n<figure class=\"wp-block-gallery has-nested-images columns-default is-cropped wp-block-gallery-1 is-layout-flex wp-block-gallery-is-layout-flex\">\n<figure class=\"wp-block-image size-large\"><a href=\"https:\/\/wp.uaslp.mx\/noticias\/wp-content\/uploads\/sites\/5\/2024\/03\/feminista-1.jpg\"><img loading=\"lazy\" decoding=\"async\" width=\"1080\" height=\"1080\" data-id=\"13487\" src=\"https:\/\/wp.uaslp.mx\/noticias\/wp-content\/uploads\/sites\/5\/2024\/03\/feminista-1.jpg\" alt=\"\" class=\"wp-image-13487\" srcset=\"https:\/\/wp.uaslp.mx\/noticias\/wp-content\/uploads\/sites\/5\/2024\/03\/feminista-1.jpg 1080w, https:\/\/wp.uaslp.mx\/noticias\/wp-content\/uploads\/sites\/5\/2024\/03\/feminista-1-1024x1024.jpg 1024w, https:\/\/wp.uaslp.mx\/noticias\/wp-content\/uploads\/sites\/5\/2024\/03\/feminista-1-150x150.jpg 150w, https:\/\/wp.uaslp.mx\/noticias\/wp-content\/uploads\/sites\/5\/2024\/03\/feminista-1-768x768.jpg 768w\" sizes=\"auto, (max-width: 1080px) 100vw, 1080px\" \/><\/a><\/figure>\n<\/figure>\n","protected":false},"excerpt":{"rendered":"<p>La Facultad de Ciencias Sociales y Humanidades de la Universidad Aut\u00f3noma de San Luis Potos\u00ed&#8230;<\/p>\n","protected":false},"author":12,"featured_media":13488,"comment_status":"closed","ping_status":"closed","sticky":false,"template":"","format":"standard","meta":{"pgc_sgb_lightbox_settings":"","footnotes":""},"categories":[2],"tags":[853,309,1692],"class_list":["post-13485","post","type-post","status-publish","format-standard","has-post-thumbnail","hentry","category-academica","tag-curso","tag-facultad-de-ciencias-sociales-y-humanidades","tag-teoria-literaria-feminista"],"featured_image_urls":{"full":["https:\/\/wp.uaslp.mx\/noticias\/wp-content\/uploads\/sites\/5\/2024\/03\/Diseno-sin-titulo-5.png",1800,1200,false],"thumbnail":["https:\/\/wp.uaslp.mx\/noticias\/wp-content\/uploads\/sites\/5\/2024\/03\/Diseno-sin-titulo-5-150x150.png",150,150,true],"medium":["https:\/\/wp.uaslp.mx\/noticias\/wp-content\/uploads\/sites\/5\/2024\/03\/Diseno-sin-titulo-5-1024x683.png",1024,683,true],"medium_large":["https:\/\/wp.uaslp.mx\/noticias\/wp-content\/uploads\/sites\/5\/2024\/03\/Diseno-sin-titulo-5-768x512.png",640,427,true],"large":["https:\/\/wp.uaslp.mx\/noticias\/wp-content\/uploads\/sites\/5\/2024\/03\/Diseno-sin-titulo-5.png",1800,1200,false],"1536x1536":["https:\/\/wp.uaslp.mx\/noticias\/wp-content\/uploads\/sites\/5\/2024\/03\/Diseno-sin-titulo-5-1536x1024.png",1536,1024,true],"2048x2048":["https:\/\/wp.uaslp.mx\/noticias\/wp-content\/uploads\/sites\/5\/2024\/03\/Diseno-sin-titulo-5.png",1800,1200,false],"newsever-slider-full":["https:\/\/wp.uaslp.mx\/noticias\/wp-content\/uploads\/sites\/5\/2024\/03\/Diseno-sin-titulo-5-1280x845.png",1280,845,true],"newsever-featured":["https:\/\/wp.uaslp.mx\/noticias\/wp-content\/uploads\/sites\/5\/2024\/03\/Diseno-sin-titulo-5-1024x683.png",1024,683,true],"newsever-medium":["https:\/\/wp.uaslp.mx\/noticias\/wp-content\/uploads\/sites\/5\/2024\/03\/Diseno-sin-titulo-5-720x475.png",720,475,true],"mailpoet_newsletter_max":["https:\/\/wp.uaslp.mx\/noticias\/wp-content\/uploads\/sites\/5\/2024\/03\/Diseno-sin-titulo-5-1320x880.png",1320,880,true]},"author_info":{"display_name":"Prensa y difusi\u00f3n","author_link":"https:\/\/wp.uaslp.mx\/noticias\/author\/giovannamorales\/"},"category_info":"<a href=\"https:\/\/wp.uaslp.mx\/noticias\/category\/academica\/\" rel=\"category tag\">Acad\u00e9mica<\/a>","tag_info":"Acad\u00e9mica","comment_count":"0","_links":{"self":[{"href":"https:\/\/wp.uaslp.mx\/noticias\/wp-json\/wp\/v2\/posts\/13485","targetHints":{"allow":["GET"]}}],"collection":[{"href":"https:\/\/wp.uaslp.mx\/noticias\/wp-json\/wp\/v2\/posts"}],"about":[{"href":"https:\/\/wp.uaslp.mx\/noticias\/wp-json\/wp\/v2\/types\/post"}],"author":[{"embeddable":true,"href":"https:\/\/wp.uaslp.mx\/noticias\/wp-json\/wp\/v2\/users\/12"}],"replies":[{"embeddable":true,"href":"https:\/\/wp.uaslp.mx\/noticias\/wp-json\/wp\/v2\/comments?post=13485"}],"version-history":[{"count":1,"href":"https:\/\/wp.uaslp.mx\/noticias\/wp-json\/wp\/v2\/posts\/13485\/revisions"}],"predecessor-version":[{"id":13489,"href":"https:\/\/wp.uaslp.mx\/noticias\/wp-json\/wp\/v2\/posts\/13485\/revisions\/13489"}],"wp:featuredmedia":[{"embeddable":true,"href":"https:\/\/wp.uaslp.mx\/noticias\/wp-json\/wp\/v2\/media\/13488"}],"wp:attachment":[{"href":"https:\/\/wp.uaslp.mx\/noticias\/wp-json\/wp\/v2\/media?parent=13485"}],"wp:term":[{"taxonomy":"category","embeddable":true,"href":"https:\/\/wp.uaslp.mx\/noticias\/wp-json\/wp\/v2\/categories?post=13485"},{"taxonomy":"post_tag","embeddable":true,"href":"https:\/\/wp.uaslp.mx\/noticias\/wp-json\/wp\/v2\/tags?post=13485"}],"curies":[{"name":"wp","href":"https:\/\/api.w.org\/{rel}","templated":true}]}}