{"id":12977,"date":"2024-02-19T16:44:36","date_gmt":"2024-02-19T21:44:36","guid":{"rendered":"https:\/\/wp.uaslp.mx\/noticias\/?p=12977"},"modified":"2024-02-19T16:45:10","modified_gmt":"2024-02-19T21:45:10","slug":"da-inicio-la-semana-de-la-facultad-de-agronomia-y-veterinaria-acercando-la-ciencia-y-la-tecnologia-al-sector-agropecuario","status":"publish","type":"post","link":"https:\/\/wp.uaslp.mx\/noticias\/academica\/da-inicio-la-semana-de-la-facultad-de-agronomia-y-veterinaria-acercando-la-ciencia-y-la-tecnologia-al-sector-agropecuario\/","title":{"rendered":"Da inicio la Semana de la Facultad de Agronom\u00eda y Veterinaria \u201cAcercando la ciencia y la tecnolog\u00eda al sector agropecuario\u201d"},"content":{"rendered":"\n<p>En un esfuerzo por fomentar el conocimiento y la innovaci\u00f3n en el sector agropecuario, la Universidad Aut\u00f3noma de San Luis Potos\u00ed (UASLP) inici\u00f3 la Semana de Agronom\u00eda y Veterinaria bajo el lema &#8220;Acercando la ciencia y la tecnolog\u00eda al sector agropecuario&#8221;. Este evento, se llevar\u00e1 a cabo del 19 al 23 de febrero, y re\u00fane a representantes y funcionarios tanto del \u00e1mbito acad\u00e9mico como del sector p\u00fablico y privado.<\/p>\n\n\n\n<p>La ceremonia de inauguraci\u00f3n, celebrada hoy, cont\u00f3 con la presencia del doctor Heriberto M\u00e9ndez Cort\u00e9s, director de la <a href=\"https:\/\/www.facebook.com\/AgroVetOficialUASLP\" target=\"_blank\" rel=\"noopener\" title=\"\">Facultad de Agronom\u00eda y Veterinaria<\/a> de la UASLP, quien destac\u00f3 la importancia de este evento como un medio para vincular la ciencia y la tecnolog\u00eda con los sectores productivos.<\/p>\n\n\n\n<p>En su mensaje de bienvenida, el Dr. M\u00e9ndez Cort\u00e9s extendi\u00f3 su agradecimiento a los representantes ejidales y municipales, invit\u00e1ndolos a considerar a la Facultad como un aliado estrat\u00e9gico en la mejora de sus sistemas de producci\u00f3n.<\/p>\n\n\n\n<p>Por otro lado, el maestro Jorge Alberto P\u00e9rez Gonz\u00e1lez, secretario acad\u00e9mico de la UASLP, en representaci\u00f3n del doctor Alejandro Javier Zerme\u00f1o Guerra, rector de la UASLP, resalt\u00f3 la importancia de la interdisciplinariedad en el \u00e1mbito educativo, se\u00f1alando que la convivencia de ingenieros y m\u00e9dicos en la Facultad es un reflejo de la complejidad del mundo actual y la necesidad de colaboraci\u00f3n entre diversas disciplinas.<\/p>\n\n\n\n<p>La Semana de Agronom\u00eda y Veterinaria no s\u00f3lo marca el 51 aniversario de la Facultad de Agronom\u00eda y Veterinaria de la UASLP, sino que tambi\u00e9n ofrece una oportunidad \u00fanica para el intercambio de conocimientos y experiencias entre estudiantes, productores y la comunidad en general.<\/p>\n\n\n\n<p>Con m\u00e1s de 80 actividades planificadas, que incluyen talleres, conferencias y demostraciones de campo, este evento busca no s\u00f3lo celebrar sus logros, sino tambi\u00e9n promover la adquisici\u00f3n de conocimientos pr\u00e1cticos en \u00e1reas como la tecnolog\u00eda agropecuaria, el manejo de animales de granja y la agricultura familiar.<\/p>\n\n\n\n<p>Adem\u00e1s de integrantes del cuerpo acad\u00e9mico, el presidium de la ceremonia inaugural cont\u00f3 con la presencia de estudiantes, de la consejera maestra suplente, la doctora Alejandra Hern\u00e1ndez Montoya, y la consejera alumna Denisse Anah\u00ed Alonso Alvarado, as\u00ed como directores de diferentes Facultades y coordinadores de especialidades dentro de la Facultad.<\/p>\n\n\n\n<figure class=\"wp-block-gallery has-nested-images columns-default is-cropped wp-block-gallery-1 is-layout-flex wp-block-gallery-is-layout-flex\">\n<figure class=\"wp-block-image size-large\"><img loading=\"lazy\" decoding=\"async\" width=\"1800\" height=\"1200\" data-id=\"12984\" src=\"https:\/\/wp.uaslp.mx\/noticias\/wp-content\/uploads\/sites\/5\/2024\/02\/02-19-2024-INAUGURACION-SEMANA-DE-FACULTAD-DE-AGRONOMIA-Y-VETERINARIA-DSC_7324.jpg\" alt=\"\" class=\"wp-image-12984\" srcset=\"https:\/\/wp.uaslp.mx\/noticias\/wp-content\/uploads\/sites\/5\/2024\/02\/02-19-2024-INAUGURACION-SEMANA-DE-FACULTAD-DE-AGRONOMIA-Y-VETERINARIA-DSC_7324.jpg 1800w, https:\/\/wp.uaslp.mx\/noticias\/wp-content\/uploads\/sites\/5\/2024\/02\/02-19-2024-INAUGURACION-SEMANA-DE-FACULTAD-DE-AGRONOMIA-Y-VETERINARIA-DSC_7324-1024x683.jpg 1024w, https:\/\/wp.uaslp.mx\/noticias\/wp-content\/uploads\/sites\/5\/2024\/02\/02-19-2024-INAUGURACION-SEMANA-DE-FACULTAD-DE-AGRONOMIA-Y-VETERINARIA-DSC_7324-768x512.jpg 768w, https:\/\/wp.uaslp.mx\/noticias\/wp-content\/uploads\/sites\/5\/2024\/02\/02-19-2024-INAUGURACION-SEMANA-DE-FACULTAD-DE-AGRONOMIA-Y-VETERINARIA-DSC_7324-1536x1024.jpg 1536w, https:\/\/wp.uaslp.mx\/noticias\/wp-content\/uploads\/sites\/5\/2024\/02\/02-19-2024-INAUGURACION-SEMANA-DE-FACULTAD-DE-AGRONOMIA-Y-VETERINARIA-DSC_7324-1320x880.jpg 1320w\" sizes=\"auto, (max-width: 1800px) 100vw, 1800px\" \/><\/figure>\n\n\n\n<figure class=\"wp-block-image size-large\"><img loading=\"lazy\" decoding=\"async\" width=\"1800\" height=\"1200\" data-id=\"12983\" src=\"https:\/\/wp.uaslp.mx\/noticias\/wp-content\/uploads\/sites\/5\/2024\/02\/02-19-2024-INAUGURACION-SEMANA-DE-FACULTAD-DE-AGRONOMIA-Y-VETERINARIA-DSC_7378.jpg\" alt=\"\" class=\"wp-image-12983\" srcset=\"https:\/\/wp.uaslp.mx\/noticias\/wp-content\/uploads\/sites\/5\/2024\/02\/02-19-2024-INAUGURACION-SEMANA-DE-FACULTAD-DE-AGRONOMIA-Y-VETERINARIA-DSC_7378.jpg 1800w, https:\/\/wp.uaslp.mx\/noticias\/wp-content\/uploads\/sites\/5\/2024\/02\/02-19-2024-INAUGURACION-SEMANA-DE-FACULTAD-DE-AGRONOMIA-Y-VETERINARIA-DSC_7378-1024x683.jpg 1024w, https:\/\/wp.uaslp.mx\/noticias\/wp-content\/uploads\/sites\/5\/2024\/02\/02-19-2024-INAUGURACION-SEMANA-DE-FACULTAD-DE-AGRONOMIA-Y-VETERINARIA-DSC_7378-768x512.jpg 768w, https:\/\/wp.uaslp.mx\/noticias\/wp-content\/uploads\/sites\/5\/2024\/02\/02-19-2024-INAUGURACION-SEMANA-DE-FACULTAD-DE-AGRONOMIA-Y-VETERINARIA-DSC_7378-1536x1024.jpg 1536w, https:\/\/wp.uaslp.mx\/noticias\/wp-content\/uploads\/sites\/5\/2024\/02\/02-19-2024-INAUGURACION-SEMANA-DE-FACULTAD-DE-AGRONOMIA-Y-VETERINARIA-DSC_7378-1320x880.jpg 1320w\" sizes=\"auto, (max-width: 1800px) 100vw, 1800px\" \/><\/figure>\n\n\n\n<figure class=\"wp-block-image size-large\"><img loading=\"lazy\" decoding=\"async\" width=\"1800\" height=\"977\" data-id=\"12986\" src=\"https:\/\/wp.uaslp.mx\/noticias\/wp-content\/uploads\/sites\/5\/2024\/02\/02-19-2024-INAUGURACION-SEMANA-DE-FACULTAD-DE-AGRONOMIA-Y-VETERINARIA-Panorama1.jpg\" alt=\"\" class=\"wp-image-12986\" srcset=\"https:\/\/wp.uaslp.mx\/noticias\/wp-content\/uploads\/sites\/5\/2024\/02\/02-19-2024-INAUGURACION-SEMANA-DE-FACULTAD-DE-AGRONOMIA-Y-VETERINARIA-Panorama1.jpg 1800w, https:\/\/wp.uaslp.mx\/noticias\/wp-content\/uploads\/sites\/5\/2024\/02\/02-19-2024-INAUGURACION-SEMANA-DE-FACULTAD-DE-AGRONOMIA-Y-VETERINARIA-Panorama1-1024x556.jpg 1024w, https:\/\/wp.uaslp.mx\/noticias\/wp-content\/uploads\/sites\/5\/2024\/02\/02-19-2024-INAUGURACION-SEMANA-DE-FACULTAD-DE-AGRONOMIA-Y-VETERINARIA-Panorama1-768x417.jpg 768w, https:\/\/wp.uaslp.mx\/noticias\/wp-content\/uploads\/sites\/5\/2024\/02\/02-19-2024-INAUGURACION-SEMANA-DE-FACULTAD-DE-AGRONOMIA-Y-VETERINARIA-Panorama1-1536x834.jpg 1536w, https:\/\/wp.uaslp.mx\/noticias\/wp-content\/uploads\/sites\/5\/2024\/02\/02-19-2024-INAUGURACION-SEMANA-DE-FACULTAD-DE-AGRONOMIA-Y-VETERINARIA-Panorama1-1320x716.jpg 1320w\" sizes=\"auto, (max-width: 1800px) 100vw, 1800px\" \/><\/figure>\n\n\n\n<figure class=\"wp-block-image size-large\"><img loading=\"lazy\" decoding=\"async\" width=\"1800\" height=\"1200\" data-id=\"12981\" src=\"https:\/\/wp.uaslp.mx\/noticias\/wp-content\/uploads\/sites\/5\/2024\/02\/02-19-2024-INAUGURACION-SEMANA-DE-FACULTAD-DE-AGRONOMIA-Y-VETERINARIA-DSC_7388.jpg\" alt=\"\" class=\"wp-image-12981\" srcset=\"https:\/\/wp.uaslp.mx\/noticias\/wp-content\/uploads\/sites\/5\/2024\/02\/02-19-2024-INAUGURACION-SEMANA-DE-FACULTAD-DE-AGRONOMIA-Y-VETERINARIA-DSC_7388.jpg 1800w, https:\/\/wp.uaslp.mx\/noticias\/wp-content\/uploads\/sites\/5\/2024\/02\/02-19-2024-INAUGURACION-SEMANA-DE-FACULTAD-DE-AGRONOMIA-Y-VETERINARIA-DSC_7388-1024x683.jpg 1024w, https:\/\/wp.uaslp.mx\/noticias\/wp-content\/uploads\/sites\/5\/2024\/02\/02-19-2024-INAUGURACION-SEMANA-DE-FACULTAD-DE-AGRONOMIA-Y-VETERINARIA-DSC_7388-768x512.jpg 768w, https:\/\/wp.uaslp.mx\/noticias\/wp-content\/uploads\/sites\/5\/2024\/02\/02-19-2024-INAUGURACION-SEMANA-DE-FACULTAD-DE-AGRONOMIA-Y-VETERINARIA-DSC_7388-1536x1024.jpg 1536w, https:\/\/wp.uaslp.mx\/noticias\/wp-content\/uploads\/sites\/5\/2024\/02\/02-19-2024-INAUGURACION-SEMANA-DE-FACULTAD-DE-AGRONOMIA-Y-VETERINARIA-DSC_7388-1320x880.jpg 1320w\" sizes=\"auto, (max-width: 1800px) 100vw, 1800px\" \/><\/figure>\n\n\n\n<figure class=\"wp-block-image size-large\"><img loading=\"lazy\" decoding=\"async\" width=\"1800\" height=\"1200\" data-id=\"12979\" src=\"https:\/\/wp.uaslp.mx\/noticias\/wp-content\/uploads\/sites\/5\/2024\/02\/02-19-2024-INAUGURACION-SEMANA-DE-FACULTAD-DE-AGRONOMIA-Y-VETERINARIA-DSC_7391.jpg\" alt=\"\" class=\"wp-image-12979\" srcset=\"https:\/\/wp.uaslp.mx\/noticias\/wp-content\/uploads\/sites\/5\/2024\/02\/02-19-2024-INAUGURACION-SEMANA-DE-FACULTAD-DE-AGRONOMIA-Y-VETERINARIA-DSC_7391.jpg 1800w, https:\/\/wp.uaslp.mx\/noticias\/wp-content\/uploads\/sites\/5\/2024\/02\/02-19-2024-INAUGURACION-SEMANA-DE-FACULTAD-DE-AGRONOMIA-Y-VETERINARIA-DSC_7391-1024x683.jpg 1024w, https:\/\/wp.uaslp.mx\/noticias\/wp-content\/uploads\/sites\/5\/2024\/02\/02-19-2024-INAUGURACION-SEMANA-DE-FACULTAD-DE-AGRONOMIA-Y-VETERINARIA-DSC_7391-768x512.jpg 768w, https:\/\/wp.uaslp.mx\/noticias\/wp-content\/uploads\/sites\/5\/2024\/02\/02-19-2024-INAUGURACION-SEMANA-DE-FACULTAD-DE-AGRONOMIA-Y-VETERINARIA-DSC_7391-1536x1024.jpg 1536w, https:\/\/wp.uaslp.mx\/noticias\/wp-content\/uploads\/sites\/5\/2024\/02\/02-19-2024-INAUGURACION-SEMANA-DE-FACULTAD-DE-AGRONOMIA-Y-VETERINARIA-DSC_7391-1320x880.jpg 1320w\" sizes=\"auto, (max-width: 1800px) 100vw, 1800px\" \/><\/figure>\n\n\n\n<figure class=\"wp-block-image size-large\"><img loading=\"lazy\" decoding=\"async\" width=\"1800\" height=\"1200\" data-id=\"12980\" src=\"https:\/\/wp.uaslp.mx\/noticias\/wp-content\/uploads\/sites\/5\/2024\/02\/02-19-2024-INAUGURACION-SEMANA-DE-FACULTAD-DE-AGRONOMIA-Y-VETERINARIA-DSC_7405.jpg\" alt=\"\" class=\"wp-image-12980\" srcset=\"https:\/\/wp.uaslp.mx\/noticias\/wp-content\/uploads\/sites\/5\/2024\/02\/02-19-2024-INAUGURACION-SEMANA-DE-FACULTAD-DE-AGRONOMIA-Y-VETERINARIA-DSC_7405.jpg 1800w, https:\/\/wp.uaslp.mx\/noticias\/wp-content\/uploads\/sites\/5\/2024\/02\/02-19-2024-INAUGURACION-SEMANA-DE-FACULTAD-DE-AGRONOMIA-Y-VETERINARIA-DSC_7405-1024x683.jpg 1024w, https:\/\/wp.uaslp.mx\/noticias\/wp-content\/uploads\/sites\/5\/2024\/02\/02-19-2024-INAUGURACION-SEMANA-DE-FACULTAD-DE-AGRONOMIA-Y-VETERINARIA-DSC_7405-768x512.jpg 768w, https:\/\/wp.uaslp.mx\/noticias\/wp-content\/uploads\/sites\/5\/2024\/02\/02-19-2024-INAUGURACION-SEMANA-DE-FACULTAD-DE-AGRONOMIA-Y-VETERINARIA-DSC_7405-1536x1024.jpg 1536w, https:\/\/wp.uaslp.mx\/noticias\/wp-content\/uploads\/sites\/5\/2024\/02\/02-19-2024-INAUGURACION-SEMANA-DE-FACULTAD-DE-AGRONOMIA-Y-VETERINARIA-DSC_7405-1320x880.jpg 1320w\" sizes=\"auto, (max-width: 1800px) 100vw, 1800px\" \/><\/figure>\n\n\n\n<figure class=\"wp-block-image size-large\"><img loading=\"lazy\" decoding=\"async\" width=\"1800\" height=\"1200\" data-id=\"12982\" src=\"https:\/\/wp.uaslp.mx\/noticias\/wp-content\/uploads\/sites\/5\/2024\/02\/02-19-2024-INAUGURACION-SEMANA-DE-FACULTAD-DE-AGRONOMIA-Y-VETERINARIA-DSC_7401.jpg\" alt=\"\" class=\"wp-image-12982\" srcset=\"https:\/\/wp.uaslp.mx\/noticias\/wp-content\/uploads\/sites\/5\/2024\/02\/02-19-2024-INAUGURACION-SEMANA-DE-FACULTAD-DE-AGRONOMIA-Y-VETERINARIA-DSC_7401.jpg 1800w, https:\/\/wp.uaslp.mx\/noticias\/wp-content\/uploads\/sites\/5\/2024\/02\/02-19-2024-INAUGURACION-SEMANA-DE-FACULTAD-DE-AGRONOMIA-Y-VETERINARIA-DSC_7401-1024x683.jpg 1024w, https:\/\/wp.uaslp.mx\/noticias\/wp-content\/uploads\/sites\/5\/2024\/02\/02-19-2024-INAUGURACION-SEMANA-DE-FACULTAD-DE-AGRONOMIA-Y-VETERINARIA-DSC_7401-768x512.jpg 768w, https:\/\/wp.uaslp.mx\/noticias\/wp-content\/uploads\/sites\/5\/2024\/02\/02-19-2024-INAUGURACION-SEMANA-DE-FACULTAD-DE-AGRONOMIA-Y-VETERINARIA-DSC_7401-1536x1024.jpg 1536w, https:\/\/wp.uaslp.mx\/noticias\/wp-content\/uploads\/sites\/5\/2024\/02\/02-19-2024-INAUGURACION-SEMANA-DE-FACULTAD-DE-AGRONOMIA-Y-VETERINARIA-DSC_7401-1320x880.jpg 1320w\" sizes=\"auto, (max-width: 1800px) 100vw, 1800px\" \/><\/figure>\n\n\n\n<figure class=\"wp-block-image size-large\"><img loading=\"lazy\" decoding=\"async\" width=\"1800\" height=\"930\" data-id=\"12985\" src=\"https:\/\/wp.uaslp.mx\/noticias\/wp-content\/uploads\/sites\/5\/2024\/02\/02-19-2024-INAUGURACION-SEMANA-DE-FACULTAD-DE-AGRONOMIA-Y-VETERINARIA-Panorama2.jpg\" alt=\"\" class=\"wp-image-12985\" srcset=\"https:\/\/wp.uaslp.mx\/noticias\/wp-content\/uploads\/sites\/5\/2024\/02\/02-19-2024-INAUGURACION-SEMANA-DE-FACULTAD-DE-AGRONOMIA-Y-VETERINARIA-Panorama2.jpg 1800w, https:\/\/wp.uaslp.mx\/noticias\/wp-content\/uploads\/sites\/5\/2024\/02\/02-19-2024-INAUGURACION-SEMANA-DE-FACULTAD-DE-AGRONOMIA-Y-VETERINARIA-Panorama2-1024x529.jpg 1024w, https:\/\/wp.uaslp.mx\/noticias\/wp-content\/uploads\/sites\/5\/2024\/02\/02-19-2024-INAUGURACION-SEMANA-DE-FACULTAD-DE-AGRONOMIA-Y-VETERINARIA-Panorama2-768x397.jpg 768w, https:\/\/wp.uaslp.mx\/noticias\/wp-content\/uploads\/sites\/5\/2024\/02\/02-19-2024-INAUGURACION-SEMANA-DE-FACULTAD-DE-AGRONOMIA-Y-VETERINARIA-Panorama2-1536x794.jpg 1536w, https:\/\/wp.uaslp.mx\/noticias\/wp-content\/uploads\/sites\/5\/2024\/02\/02-19-2024-INAUGURACION-SEMANA-DE-FACULTAD-DE-AGRONOMIA-Y-VETERINARIA-Panorama2-1320x682.jpg 1320w\" sizes=\"auto, (max-width: 1800px) 100vw, 1800px\" \/><\/figure>\n<\/figure>\n\n\n\n<figure class=\"wp-block-gallery has-nested-images columns-default is-cropped wp-block-gallery-2 is-layout-flex wp-block-gallery-is-layout-flex\">\n<figure class=\"wp-block-image size-large\"><a href=\"https:\/\/wp.uaslp.mx\/noticias\/wp-content\/uploads\/sites\/5\/2024\/02\/WhatsApp-Image-2024-02-19-at-2.30.50-PM-scaled.jpeg\"><img loading=\"lazy\" decoding=\"async\" width=\"2560\" height=\"1920\" data-id=\"12988\" src=\"https:\/\/wp.uaslp.mx\/noticias\/wp-content\/uploads\/sites\/5\/2024\/02\/WhatsApp-Image-2024-02-19-at-2.30.50-PM-scaled.jpeg\" alt=\"\" class=\"wp-image-12988\" srcset=\"https:\/\/wp.uaslp.mx\/noticias\/wp-content\/uploads\/sites\/5\/2024\/02\/WhatsApp-Image-2024-02-19-at-2.30.50-PM-scaled.jpeg 2560w, https:\/\/wp.uaslp.mx\/noticias\/wp-content\/uploads\/sites\/5\/2024\/02\/WhatsApp-Image-2024-02-19-at-2.30.50-PM-1024x768.jpeg 1024w, https:\/\/wp.uaslp.mx\/noticias\/wp-content\/uploads\/sites\/5\/2024\/02\/WhatsApp-Image-2024-02-19-at-2.30.50-PM-768x576.jpeg 768w, https:\/\/wp.uaslp.mx\/noticias\/wp-content\/uploads\/sites\/5\/2024\/02\/WhatsApp-Image-2024-02-19-at-2.30.50-PM-1536x1152.jpeg 1536w, https:\/\/wp.uaslp.mx\/noticias\/wp-content\/uploads\/sites\/5\/2024\/02\/WhatsApp-Image-2024-02-19-at-2.30.50-PM-2048x1536.jpeg 2048w, https:\/\/wp.uaslp.mx\/noticias\/wp-content\/uploads\/sites\/5\/2024\/02\/WhatsApp-Image-2024-02-19-at-2.30.50-PM-1320x990.jpeg 1320w\" sizes=\"auto, (max-width: 2560px) 100vw, 2560px\" \/><\/a><\/figure>\n\n\n\n<figure class=\"wp-block-image size-large\"><a href=\"https:\/\/wp.uaslp.mx\/noticias\/wp-content\/uploads\/sites\/5\/2024\/02\/WhatsApp-Image-2024-02-19-at-2.30.51-PM-scaled.jpeg\"><img loading=\"lazy\" decoding=\"async\" width=\"2560\" height=\"1920\" data-id=\"12989\" src=\"https:\/\/wp.uaslp.mx\/noticias\/wp-content\/uploads\/sites\/5\/2024\/02\/WhatsApp-Image-2024-02-19-at-2.30.51-PM-scaled.jpeg\" alt=\"\" class=\"wp-image-12989\" srcset=\"https:\/\/wp.uaslp.mx\/noticias\/wp-content\/uploads\/sites\/5\/2024\/02\/WhatsApp-Image-2024-02-19-at-2.30.51-PM-scaled.jpeg 2560w, https:\/\/wp.uaslp.mx\/noticias\/wp-content\/uploads\/sites\/5\/2024\/02\/WhatsApp-Image-2024-02-19-at-2.30.51-PM-1024x768.jpeg 1024w, https:\/\/wp.uaslp.mx\/noticias\/wp-content\/uploads\/sites\/5\/2024\/02\/WhatsApp-Image-2024-02-19-at-2.30.51-PM-768x576.jpeg 768w, https:\/\/wp.uaslp.mx\/noticias\/wp-content\/uploads\/sites\/5\/2024\/02\/WhatsApp-Image-2024-02-19-at-2.30.51-PM-1536x1152.jpeg 1536w, https:\/\/wp.uaslp.mx\/noticias\/wp-content\/uploads\/sites\/5\/2024\/02\/WhatsApp-Image-2024-02-19-at-2.30.51-PM-2048x1536.jpeg 2048w, https:\/\/wp.uaslp.mx\/noticias\/wp-content\/uploads\/sites\/5\/2024\/02\/WhatsApp-Image-2024-02-19-at-2.30.51-PM-1320x990.jpeg 1320w\" sizes=\"auto, (max-width: 2560px) 100vw, 2560px\" \/><\/a><\/figure>\n\n\n\n<figure class=\"wp-block-image size-large\"><a href=\"https:\/\/wp.uaslp.mx\/noticias\/wp-content\/uploads\/sites\/5\/2024\/02\/WhatsApp-Image-2024-02-19-at-2.30.54-PM-1-scaled.jpeg\"><img loading=\"lazy\" decoding=\"async\" width=\"2560\" height=\"1920\" data-id=\"12990\" src=\"https:\/\/wp.uaslp.mx\/noticias\/wp-content\/uploads\/sites\/5\/2024\/02\/WhatsApp-Image-2024-02-19-at-2.30.54-PM-1-scaled.jpeg\" alt=\"\" class=\"wp-image-12990\" srcset=\"https:\/\/wp.uaslp.mx\/noticias\/wp-content\/uploads\/sites\/5\/2024\/02\/WhatsApp-Image-2024-02-19-at-2.30.54-PM-1-scaled.jpeg 2560w, https:\/\/wp.uaslp.mx\/noticias\/wp-content\/uploads\/sites\/5\/2024\/02\/WhatsApp-Image-2024-02-19-at-2.30.54-PM-1-1024x768.jpeg 1024w, https:\/\/wp.uaslp.mx\/noticias\/wp-content\/uploads\/sites\/5\/2024\/02\/WhatsApp-Image-2024-02-19-at-2.30.54-PM-1-768x576.jpeg 768w, https:\/\/wp.uaslp.mx\/noticias\/wp-content\/uploads\/sites\/5\/2024\/02\/WhatsApp-Image-2024-02-19-at-2.30.54-PM-1-1536x1152.jpeg 1536w, https:\/\/wp.uaslp.mx\/noticias\/wp-content\/uploads\/sites\/5\/2024\/02\/WhatsApp-Image-2024-02-19-at-2.30.54-PM-1-2048x1536.jpeg 2048w, https:\/\/wp.uaslp.mx\/noticias\/wp-content\/uploads\/sites\/5\/2024\/02\/WhatsApp-Image-2024-02-19-at-2.30.54-PM-1-1320x990.jpeg 1320w\" sizes=\"auto, (max-width: 2560px) 100vw, 2560px\" \/><\/a><\/figure>\n\n\n\n<figure class=\"wp-block-image size-large\"><a href=\"https:\/\/wp.uaslp.mx\/noticias\/wp-content\/uploads\/sites\/5\/2024\/02\/WhatsApp-Image-2024-02-19-at-2.30.54-PM-scaled.jpeg\"><img loading=\"lazy\" decoding=\"async\" width=\"2560\" height=\"1920\" data-id=\"12991\" src=\"https:\/\/wp.uaslp.mx\/noticias\/wp-content\/uploads\/sites\/5\/2024\/02\/WhatsApp-Image-2024-02-19-at-2.30.54-PM-scaled.jpeg\" alt=\"\" class=\"wp-image-12991\" srcset=\"https:\/\/wp.uaslp.mx\/noticias\/wp-content\/uploads\/sites\/5\/2024\/02\/WhatsApp-Image-2024-02-19-at-2.30.54-PM-scaled.jpeg 2560w, https:\/\/wp.uaslp.mx\/noticias\/wp-content\/uploads\/sites\/5\/2024\/02\/WhatsApp-Image-2024-02-19-at-2.30.54-PM-1024x768.jpeg 1024w, https:\/\/wp.uaslp.mx\/noticias\/wp-content\/uploads\/sites\/5\/2024\/02\/WhatsApp-Image-2024-02-19-at-2.30.54-PM-768x576.jpeg 768w, https:\/\/wp.uaslp.mx\/noticias\/wp-content\/uploads\/sites\/5\/2024\/02\/WhatsApp-Image-2024-02-19-at-2.30.54-PM-1536x1152.jpeg 1536w, https:\/\/wp.uaslp.mx\/noticias\/wp-content\/uploads\/sites\/5\/2024\/02\/WhatsApp-Image-2024-02-19-at-2.30.54-PM-2048x1536.jpeg 2048w, https:\/\/wp.uaslp.mx\/noticias\/wp-content\/uploads\/sites\/5\/2024\/02\/WhatsApp-Image-2024-02-19-at-2.30.54-PM-1320x990.jpeg 1320w\" sizes=\"auto, (max-width: 2560px) 100vw, 2560px\" \/><\/a><\/figure>\n\n\n\n<figure class=\"wp-block-image size-large\"><a href=\"https:\/\/wp.uaslp.mx\/noticias\/wp-content\/uploads\/sites\/5\/2024\/02\/WhatsApp-Image-2024-02-19-at-2.30.57-PM-1-scaled.jpeg\"><img loading=\"lazy\" decoding=\"async\" width=\"2560\" height=\"1920\" data-id=\"12992\" src=\"https:\/\/wp.uaslp.mx\/noticias\/wp-content\/uploads\/sites\/5\/2024\/02\/WhatsApp-Image-2024-02-19-at-2.30.57-PM-1-scaled.jpeg\" alt=\"\" class=\"wp-image-12992\" srcset=\"https:\/\/wp.uaslp.mx\/noticias\/wp-content\/uploads\/sites\/5\/2024\/02\/WhatsApp-Image-2024-02-19-at-2.30.57-PM-1-scaled.jpeg 2560w, https:\/\/wp.uaslp.mx\/noticias\/wp-content\/uploads\/sites\/5\/2024\/02\/WhatsApp-Image-2024-02-19-at-2.30.57-PM-1-1024x768.jpeg 1024w, https:\/\/wp.uaslp.mx\/noticias\/wp-content\/uploads\/sites\/5\/2024\/02\/WhatsApp-Image-2024-02-19-at-2.30.57-PM-1-768x576.jpeg 768w, https:\/\/wp.uaslp.mx\/noticias\/wp-content\/uploads\/sites\/5\/2024\/02\/WhatsApp-Image-2024-02-19-at-2.30.57-PM-1-1536x1152.jpeg 1536w, https:\/\/wp.uaslp.mx\/noticias\/wp-content\/uploads\/sites\/5\/2024\/02\/WhatsApp-Image-2024-02-19-at-2.30.57-PM-1-2048x1536.jpeg 2048w, https:\/\/wp.uaslp.mx\/noticias\/wp-content\/uploads\/sites\/5\/2024\/02\/WhatsApp-Image-2024-02-19-at-2.30.57-PM-1-1320x990.jpeg 1320w\" sizes=\"auto, (max-width: 2560px) 100vw, 2560px\" \/><\/a><\/figure>\n\n\n\n<figure class=\"wp-block-image size-large\"><a href=\"https:\/\/wp.uaslp.mx\/noticias\/wp-content\/uploads\/sites\/5\/2024\/02\/WhatsApp-Image-2024-02-19-at-2.30.57-PM-scaled.jpeg\"><img loading=\"lazy\" decoding=\"async\" width=\"2560\" height=\"1920\" data-id=\"12987\" src=\"https:\/\/wp.uaslp.mx\/noticias\/wp-content\/uploads\/sites\/5\/2024\/02\/WhatsApp-Image-2024-02-19-at-2.30.57-PM-scaled.jpeg\" alt=\"\" class=\"wp-image-12987\" srcset=\"https:\/\/wp.uaslp.mx\/noticias\/wp-content\/uploads\/sites\/5\/2024\/02\/WhatsApp-Image-2024-02-19-at-2.30.57-PM-scaled.jpeg 2560w, https:\/\/wp.uaslp.mx\/noticias\/wp-content\/uploads\/sites\/5\/2024\/02\/WhatsApp-Image-2024-02-19-at-2.30.57-PM-1024x768.jpeg 1024w, https:\/\/wp.uaslp.mx\/noticias\/wp-content\/uploads\/sites\/5\/2024\/02\/WhatsApp-Image-2024-02-19-at-2.30.57-PM-768x576.jpeg 768w, https:\/\/wp.uaslp.mx\/noticias\/wp-content\/uploads\/sites\/5\/2024\/02\/WhatsApp-Image-2024-02-19-at-2.30.57-PM-1536x1152.jpeg 1536w, https:\/\/wp.uaslp.mx\/noticias\/wp-content\/uploads\/sites\/5\/2024\/02\/WhatsApp-Image-2024-02-19-at-2.30.57-PM-2048x1536.jpeg 2048w, https:\/\/wp.uaslp.mx\/noticias\/wp-content\/uploads\/sites\/5\/2024\/02\/WhatsApp-Image-2024-02-19-at-2.30.57-PM-1320x990.jpeg 1320w\" sizes=\"auto, (max-width: 2560px) 100vw, 2560px\" \/><\/a><\/figure>\n<\/figure>\n\n\n\n<p class=\"has-text-align-right\"><em>Hugo Laussin \/ MR<\/em><\/p>\n","protected":false},"excerpt":{"rendered":"<p>En un esfuerzo por fomentar el conocimiento y la innovaci\u00f3n en el sector agropecuario, la&#8230;<\/p>\n","protected":false},"author":14,"featured_media":12978,"comment_status":"closed","ping_status":"closed","sticky":false,"template":"","format":"standard","meta":{"pgc_sgb_lightbox_settings":"","footnotes":""},"categories":[2,5],"tags":[1653,1114,706],"class_list":["post-12977","post","type-post","status-publish","format-standard","has-post-thumbnail","hentry","category-academica","category-comunidad","tag-facultad-de-agronomia-y-veterinaria","tag-semana-estudiantil","tag-uaslp"],"featured_image_urls":{"full":["https:\/\/wp.uaslp.mx\/noticias\/wp-content\/uploads\/sites\/5\/2024\/02\/02-19-2024-INAUGURACION-SEMANA-DE-FACULTAD-DE-AGRONOMIA-Y-VETERINARIA-DSC_7398.jpg",1800,1200,false],"thumbnail":["https:\/\/wp.uaslp.mx\/noticias\/wp-content\/uploads\/sites\/5\/2024\/02\/02-19-2024-INAUGURACION-SEMANA-DE-FACULTAD-DE-AGRONOMIA-Y-VETERINARIA-DSC_7398-150x150.jpg",150,150,true],"medium":["https:\/\/wp.uaslp.mx\/noticias\/wp-content\/uploads\/sites\/5\/2024\/02\/02-19-2024-INAUGURACION-SEMANA-DE-FACULTAD-DE-AGRONOMIA-Y-VETERINARIA-DSC_7398-1024x683.jpg",1024,683,true],"medium_large":["https:\/\/wp.uaslp.mx\/noticias\/wp-content\/uploads\/sites\/5\/2024\/02\/02-19-2024-INAUGURACION-SEMANA-DE-FACULTAD-DE-AGRONOMIA-Y-VETERINARIA-DSC_7398-768x512.jpg",640,427,true],"large":["https:\/\/wp.uaslp.mx\/noticias\/wp-content\/uploads\/sites\/5\/2024\/02\/02-19-2024-INAUGURACION-SEMANA-DE-FACULTAD-DE-AGRONOMIA-Y-VETERINARIA-DSC_7398.jpg",1800,1200,false],"1536x1536":["https:\/\/wp.uaslp.mx\/noticias\/wp-content\/uploads\/sites\/5\/2024\/02\/02-19-2024-INAUGURACION-SEMANA-DE-FACULTAD-DE-AGRONOMIA-Y-VETERINARIA-DSC_7398-1536x1024.jpg",1536,1024,true],"2048x2048":["https:\/\/wp.uaslp.mx\/noticias\/wp-content\/uploads\/sites\/5\/2024\/02\/02-19-2024-INAUGURACION-SEMANA-DE-FACULTAD-DE-AGRONOMIA-Y-VETERINARIA-DSC_7398.jpg",1800,1200,false],"newsever-slider-full":["https:\/\/wp.uaslp.mx\/noticias\/wp-content\/uploads\/sites\/5\/2024\/02\/02-19-2024-INAUGURACION-SEMANA-DE-FACULTAD-DE-AGRONOMIA-Y-VETERINARIA-DSC_7398-1280x845.jpg",1280,845,true],"newsever-featured":["https:\/\/wp.uaslp.mx\/noticias\/wp-content\/uploads\/sites\/5\/2024\/02\/02-19-2024-INAUGURACION-SEMANA-DE-FACULTAD-DE-AGRONOMIA-Y-VETERINARIA-DSC_7398-1024x683.jpg",1024,683,true],"newsever-medium":["https:\/\/wp.uaslp.mx\/noticias\/wp-content\/uploads\/sites\/5\/2024\/02\/02-19-2024-INAUGURACION-SEMANA-DE-FACULTAD-DE-AGRONOMIA-Y-VETERINARIA-DSC_7398-720x475.jpg",720,475,true],"mailpoet_newsletter_max":["https:\/\/wp.uaslp.mx\/noticias\/wp-content\/uploads\/sites\/5\/2024\/02\/02-19-2024-INAUGURACION-SEMANA-DE-FACULTAD-DE-AGRONOMIA-Y-VETERINARIA-DSC_7398-1320x880.jpg",1320,880,true]},"author_info":{"display_name":"Prensa y difusi\u00f3n","author_link":"https:\/\/wp.uaslp.mx\/noticias\/author\/taliacorpus\/"},"category_info":"<a href=\"https:\/\/wp.uaslp.mx\/noticias\/category\/academica\/\" rel=\"category tag\">Acad\u00e9mica<\/a> <a href=\"https:\/\/wp.uaslp.mx\/noticias\/category\/comunidad\/\" rel=\"category tag\">Comunidad<\/a>","tag_info":"Comunidad","comment_count":"0","_links":{"self":[{"href":"https:\/\/wp.uaslp.mx\/noticias\/wp-json\/wp\/v2\/posts\/12977","targetHints":{"allow":["GET"]}}],"collection":[{"href":"https:\/\/wp.uaslp.mx\/noticias\/wp-json\/wp\/v2\/posts"}],"about":[{"href":"https:\/\/wp.uaslp.mx\/noticias\/wp-json\/wp\/v2\/types\/post"}],"author":[{"embeddable":true,"href":"https:\/\/wp.uaslp.mx\/noticias\/wp-json\/wp\/v2\/users\/14"}],"replies":[{"embeddable":true,"href":"https:\/\/wp.uaslp.mx\/noticias\/wp-json\/wp\/v2\/comments?post=12977"}],"version-history":[{"count":1,"href":"https:\/\/wp.uaslp.mx\/noticias\/wp-json\/wp\/v2\/posts\/12977\/revisions"}],"predecessor-version":[{"id":12993,"href":"https:\/\/wp.uaslp.mx\/noticias\/wp-json\/wp\/v2\/posts\/12977\/revisions\/12993"}],"wp:featuredmedia":[{"embeddable":true,"href":"https:\/\/wp.uaslp.mx\/noticias\/wp-json\/wp\/v2\/media\/12978"}],"wp:attachment":[{"href":"https:\/\/wp.uaslp.mx\/noticias\/wp-json\/wp\/v2\/media?parent=12977"}],"wp:term":[{"taxonomy":"category","embeddable":true,"href":"https:\/\/wp.uaslp.mx\/noticias\/wp-json\/wp\/v2\/categories?post=12977"},{"taxonomy":"post_tag","embeddable":true,"href":"https:\/\/wp.uaslp.mx\/noticias\/wp-json\/wp\/v2\/tags?post=12977"}],"curies":[{"name":"wp","href":"https:\/\/api.w.org\/{rel}","templated":true}]}}