{"id":12952,"date":"2024-02-18T14:58:25","date_gmt":"2024-02-18T19:58:25","guid":{"rendered":"https:\/\/wp.uaslp.mx\/noticias\/?p=12952"},"modified":"2024-02-18T14:58:26","modified_gmt":"2024-02-18T19:58:26","slug":"signan-alianza-estrategica-la-fav-de-la-uaslp-y-la-fca-de-la-uaem","status":"publish","type":"post","link":"https:\/\/wp.uaslp.mx\/noticias\/academica\/signan-alianza-estrategica-la-fav-de-la-uaslp-y-la-fca-de-la-uaem\/","title":{"rendered":"Signan alianza estrat\u00e9gica la FAV de la UASLP y la FCA de la UAEM"},"content":{"rendered":"\n<p>En una alianza estrat\u00e9gica en el \u00e1mbito educativo, la Universidad Aut\u00f3noma de San Luis Potos\u00ed (UASLP) a trav\u00e9s de la <a href=\"https:\/\/www.agronomia.uaslp.mx\" target=\"_blank\" rel=\"noopener\" title=\"\">Facultad de Agronom\u00eda y Veterinaria<\/a>, celebr\u00f3 la firma de un acuerdo de colaboraci\u00f3n con la <a href=\"https:\/\/www.uaem.mx\/organizacion-institucional\/unidades-academicas\/facultades\/ciencias-agropecuarias\" target=\"_blank\" rel=\"noopener\" title=\"\">Facultad de Ciencias Agropecuarias<\/a> (FCA) de la<a href=\"https:\/\/www.uaem.mx\" target=\"_blank\" rel=\"noopener\" title=\"\"> Universidad Aut\u00f3noma del Estado de Morelos <\/a>(UAEM), en el marco de su 45 aniversario.<\/p>\n\n\n\n<p>Este convenio, firmado en el marco de las festividades por el aniversario de la FCA, tiene como objetivo principal fomentar la colaboraci\u00f3n acad\u00e9mica y de investigaci\u00f3n entre ambas instituciones. El evento fue presidido por destacadas personalidades, incluyendo a Jes\u00fas Eduardo Licea Resendiz, director de la FCA; Luis Pastor Larracilla Jim\u00e9nez, secretario de Docencia; Heriberto M\u00e9ndez Cort\u00e9s, director de la Facultad de Agronom\u00eda y Veterinaria de la UASLP, en representaci\u00f3n del rector doctor Alejandro Javier Zerme\u00f1o Guerra y Roberto Gonzalo Flores Z\u00fa\u00f1iga, presidente municipal de Xochitepec.<\/p>\n\n\n\n<p>El convenio establece la creaci\u00f3n de estancias acad\u00e9micas semestrales, la impartici\u00f3n de materias afines y la realizaci\u00f3n de trabajos colaborativos en investigaci\u00f3n entre ambas facultades. Esta colaboraci\u00f3n promete enriquecer la experiencia educativa de los estudiantes, as\u00ed como fomentar el avance cient\u00edfico en el campo agropecuario.<\/p>\n\n\n\n<p>En su primera etapa promueve un intercambio institucional para el enriquecimiento acad\u00e9mico y profesional en el desempe\u00f1o de los estudiantes y en los atributos que adquieren durante su formaci\u00f3n, destacando la flexibilidad curricular a fin de que cualquier alumno (independientemente del promedio) participe si es de su inter\u00e9s. Fortalece adem\u00e1s la colaboraci\u00f3n entre los profesores en el \u00e1mbito pedag\u00f3gico a trav\u00e9s de la retroalimentaci\u00f3n de las estrategias de ense\u00f1anza y seguimiento del estudiantado.<\/p>\n\n\n\n<p>La ceremonia conmemorativa, realizada en el auditorio Emiliano Zapata del Campus Norte de la UAEM, cont\u00f3 con la presencia de ex directores, miembros de la comunidad estudiantil, docentes y productores agr\u00edcolas. Adem\u00e1s, se destac\u00f3 la participaci\u00f3n de autoridades como Gerardo Gama Hern\u00e1ndez, secretario de Extensi\u00f3n Universitaria; Lilia Figueroa L\u00f3pez, titular de la Direcci\u00f3n General Jur\u00eddica; Juan Manuel Rivas Gonz\u00e1lez, director de la Escuela de Estudios Superiores (EES) del Jicarero; titulares de diversas unidades acad\u00e9micas de la UAEM y el secretario de Desarrollo Sustentable del gobierno del estado de Morelos, Jos\u00e9 Luis Galindo Cortez. La presencia de estas figuras resalta el compromiso institucional con la promoci\u00f3n del conocimiento y el desarrollo regional.<\/p>\n\n\n\n<p>Este convenio representa un paso significativo, que abona a la excelencia acad\u00e9mica de ambas instituciones, promoviendo el intercambio de conocimientos y experiencias para beneficio mutuo y el avance del sector agropecuario a nivel nacional.<\/p>\n\n\n\n<figure class=\"wp-block-gallery has-nested-images columns-default is-cropped wp-block-gallery-1 is-layout-flex wp-block-gallery-is-layout-flex\">\n<figure class=\"wp-block-image size-large\"><img loading=\"lazy\" decoding=\"async\" width=\"1600\" height=\"1200\" data-id=\"12954\" src=\"https:\/\/wp.uaslp.mx\/noticias\/wp-content\/uploads\/sites\/5\/2024\/02\/morelos03.jpeg\" alt=\"\" class=\"wp-image-12954\" srcset=\"https:\/\/wp.uaslp.mx\/noticias\/wp-content\/uploads\/sites\/5\/2024\/02\/morelos03.jpeg 1600w, https:\/\/wp.uaslp.mx\/noticias\/wp-content\/uploads\/sites\/5\/2024\/02\/morelos03-1024x768.jpeg 1024w, https:\/\/wp.uaslp.mx\/noticias\/wp-content\/uploads\/sites\/5\/2024\/02\/morelos03-768x576.jpeg 768w, https:\/\/wp.uaslp.mx\/noticias\/wp-content\/uploads\/sites\/5\/2024\/02\/morelos03-1536x1152.jpeg 1536w, https:\/\/wp.uaslp.mx\/noticias\/wp-content\/uploads\/sites\/5\/2024\/02\/morelos03-1320x990.jpeg 1320w\" sizes=\"auto, (max-width: 1600px) 100vw, 1600px\" \/><\/figure>\n\n\n\n<figure class=\"wp-block-image size-large\"><img loading=\"lazy\" decoding=\"async\" width=\"1200\" height=\"1600\" data-id=\"12955\" src=\"https:\/\/wp.uaslp.mx\/noticias\/wp-content\/uploads\/sites\/5\/2024\/02\/morelos02.jpeg\" alt=\"\" class=\"wp-image-12955\" srcset=\"https:\/\/wp.uaslp.mx\/noticias\/wp-content\/uploads\/sites\/5\/2024\/02\/morelos02.jpeg 1200w, https:\/\/wp.uaslp.mx\/noticias\/wp-content\/uploads\/sites\/5\/2024\/02\/morelos02-768x1024.jpeg 768w, https:\/\/wp.uaslp.mx\/noticias\/wp-content\/uploads\/sites\/5\/2024\/02\/morelos02-1152x1536.jpeg 1152w, https:\/\/wp.uaslp.mx\/noticias\/wp-content\/uploads\/sites\/5\/2024\/02\/morelos02-1024x1365.jpeg 1024w\" sizes=\"auto, (max-width: 1200px) 100vw, 1200px\" \/><\/figure>\n<\/figure>\n\n\n\n<p class=\"has-text-align-right\"><em>Hugo Laussin \/ TC<\/em><\/p>\n","protected":false},"excerpt":{"rendered":"<p>En una alianza estrat\u00e9gica en el \u00e1mbito educativo, la Universidad Aut\u00f3noma de San Luis Potos\u00ed&#8230;<\/p>\n","protected":false},"author":14,"featured_media":12953,"comment_status":"closed","ping_status":"closed","sticky":false,"template":"","format":"standard","meta":{"pgc_sgb_lightbox_settings":"","footnotes":""},"categories":[2],"tags":[195,318,706],"class_list":["post-12952","post","type-post","status-publish","format-standard","has-post-thumbnail","hentry","category-academica","tag-convenio","tag-fav","tag-uaslp"],"featured_image_urls":{"full":["https:\/\/wp.uaslp.mx\/noticias\/wp-content\/uploads\/sites\/5\/2024\/02\/fav.jpg",1015,637,false],"thumbnail":["https:\/\/wp.uaslp.mx\/noticias\/wp-content\/uploads\/sites\/5\/2024\/02\/fav-150x150.jpg",150,150,true],"medium":["https:\/\/wp.uaslp.mx\/noticias\/wp-content\/uploads\/sites\/5\/2024\/02\/fav.jpg",1015,637,false],"medium_large":["https:\/\/wp.uaslp.mx\/noticias\/wp-content\/uploads\/sites\/5\/2024\/02\/fav-768x482.jpg",640,402,true],"large":["https:\/\/wp.uaslp.mx\/noticias\/wp-content\/uploads\/sites\/5\/2024\/02\/fav.jpg",1015,637,false],"1536x1536":["https:\/\/wp.uaslp.mx\/noticias\/wp-content\/uploads\/sites\/5\/2024\/02\/fav.jpg",1015,637,false],"2048x2048":["https:\/\/wp.uaslp.mx\/noticias\/wp-content\/uploads\/sites\/5\/2024\/02\/fav.jpg",1015,637,false],"newsever-slider-full":["https:\/\/wp.uaslp.mx\/noticias\/wp-content\/uploads\/sites\/5\/2024\/02\/fav.jpg",1015,637,false],"newsever-featured":["https:\/\/wp.uaslp.mx\/noticias\/wp-content\/uploads\/sites\/5\/2024\/02\/fav.jpg",1015,637,false],"newsever-medium":["https:\/\/wp.uaslp.mx\/noticias\/wp-content\/uploads\/sites\/5\/2024\/02\/fav-720x475.jpg",720,475,true],"mailpoet_newsletter_max":["https:\/\/wp.uaslp.mx\/noticias\/wp-content\/uploads\/sites\/5\/2024\/02\/fav.jpg",1015,637,false]},"author_info":{"display_name":"Prensa y difusi\u00f3n","author_link":"https:\/\/wp.uaslp.mx\/noticias\/author\/taliacorpus\/"},"category_info":"<a href=\"https:\/\/wp.uaslp.mx\/noticias\/category\/academica\/\" rel=\"category tag\">Acad\u00e9mica<\/a>","tag_info":"Acad\u00e9mica","comment_count":"0","_links":{"self":[{"href":"https:\/\/wp.uaslp.mx\/noticias\/wp-json\/wp\/v2\/posts\/12952","targetHints":{"allow":["GET"]}}],"collection":[{"href":"https:\/\/wp.uaslp.mx\/noticias\/wp-json\/wp\/v2\/posts"}],"about":[{"href":"https:\/\/wp.uaslp.mx\/noticias\/wp-json\/wp\/v2\/types\/post"}],"author":[{"embeddable":true,"href":"https:\/\/wp.uaslp.mx\/noticias\/wp-json\/wp\/v2\/users\/14"}],"replies":[{"embeddable":true,"href":"https:\/\/wp.uaslp.mx\/noticias\/wp-json\/wp\/v2\/comments?post=12952"}],"version-history":[{"count":1,"href":"https:\/\/wp.uaslp.mx\/noticias\/wp-json\/wp\/v2\/posts\/12952\/revisions"}],"predecessor-version":[{"id":12956,"href":"https:\/\/wp.uaslp.mx\/noticias\/wp-json\/wp\/v2\/posts\/12952\/revisions\/12956"}],"wp:featuredmedia":[{"embeddable":true,"href":"https:\/\/wp.uaslp.mx\/noticias\/wp-json\/wp\/v2\/media\/12953"}],"wp:attachment":[{"href":"https:\/\/wp.uaslp.mx\/noticias\/wp-json\/wp\/v2\/media?parent=12952"}],"wp:term":[{"taxonomy":"category","embeddable":true,"href":"https:\/\/wp.uaslp.mx\/noticias\/wp-json\/wp\/v2\/categories?post=12952"},{"taxonomy":"post_tag","embeddable":true,"href":"https:\/\/wp.uaslp.mx\/noticias\/wp-json\/wp\/v2\/tags?post=12952"}],"curies":[{"name":"wp","href":"https:\/\/api.w.org\/{rel}","templated":true}]}}